{"id":9665,"date":"2019-05-08T16:41:49","date_gmt":"2019-05-08T19:41:49","guid":{"rendered":"https:\/\/www.partidogen.org.ar\/web\/?p=9665"},"modified":"2019-05-22T14:11:38","modified_gmt":"2019-05-22T17:11:38","slug":"stolbizer-recibio-a-urtubey","status":"publish","type":"post","link":"https:\/\/www.partidogen.org.ar\/web\/stolbizer-recibio-a-urtubey\/","title":{"rendered":"STOLBIZER RECIBIO A URTUBEY"},"content":{"rendered":"<p><strong><span class=\"first\">E<\/span>n un nuevo encuentro celebrado en el GEN, Margarita Stolbizer recibio al gobernador de Salta y candidato a la Presidencia Juan Manuel Urtubey. Ambos compartieron la importancia de constituir un frente unificado que re\u00fana a los sectores peronistas de Alternativa Federal, Massa, Urtubey, Lavagna, junto con el Progresismo (GEN, Socialismo, Radicales), para evitar la continuidad de un mal gobierno o la vuelta a un pasado que le ha hecho mucho da\u00f1o a la Argentina. Durante la reuni\u00f3n adem\u00e1s, compartieron sus puntos de vista sobre la dif\u00edcil situaci\u00f3n econ\u00f3mica generada los gobiernos de Cristina Fern\u00e1ndez de Kirchner y Mauricio Macri.<\/strong><\/p>\n<p><img loading=\"lazy\" decoding=\"async\" src=\"https:\/\/www.partidogen.org.ar\/web\/wp-content\/uploads\/2019\/05\/2019-011.jpg\" alt=\"\" width=\"700\" height=\"467\" class=\"alignnone size-full wp-image-9666\" srcset=\"https:\/\/www.partidogen.org.ar\/web\/wp-content\/uploads\/2019\/05\/2019-011.jpg 700w, https:\/\/www.partidogen.org.ar\/web\/wp-content\/uploads\/2019\/05\/2019-011-300x200.jpg 300w\" sizes=\"auto, (max-width: 700px) 100vw, 700px\" \/><\/p>\n<p>Por el Partido GEN estuvieron presentes Sergio Abrevaya, Rub\u00e9n Grenada, Liliana Piani, Pablo Villanueva y Marcelo D\u00edaz, mientras que acompa\u00f1ando al Gobernador asistieron los dirigentes Oscar Romero y Eduardo Fellner. Asimismo, participaron los representantes de Libres del Sur Humberto Tumini y Jorge Ceballos.<\/p>\n<p>El GEN viene realizando reuniones con todos los referentes pol\u00edticos y sociales que podr\u00edan formar parte de un proyecto de unidad nacional. El objetivo es demostrar una voluntad com\u00fan para reconstruir confianza y un sendero de crecimiento y desarrollo.<\/p>\n","protected":false},"excerpt":{"rendered":"<p>El GEN viene realizando reuniones con todos los referentes pol\u00edticos y sociales que podr\u00edan formar parte de un proyecto de unidad nacional. El objetivo es demostrar una voluntad com\u00fan para reconstruir confianza y un sendero de crecimiento y desarrollo.<\/p>\n","protected":false},"author":2,"featured_media":9666,"comment_status":"closed","ping_status":"closed","sticky":false,"template":"","format":"standard","meta":{"footnotes":""},"categories":[44,47],"tags":[],"class_list":["post-9665","post","type-post","status-publish","format-standard","has-post-thumbnail","hentry","category-actualidad","category-margarita-stolbizer-diputados-nacionales"],"_links":{"self":[{"href":"https:\/\/www.partidogen.org.ar\/web\/wp-json\/wp\/v2\/posts\/9665","targetHints":{"allow":["GET"]}}],"collection":[{"href":"https:\/\/www.partidogen.org.ar\/web\/wp-json\/wp\/v2\/posts"}],"about":[{"href":"https:\/\/www.partidogen.org.ar\/web\/wp-json\/wp\/v2\/types\/post"}],"author":[{"embeddable":true,"href":"https:\/\/www.partidogen.org.ar\/web\/wp-json\/wp\/v2\/users\/2"}],"replies":[{"embeddable":true,"href":"https:\/\/www.partidogen.org.ar\/web\/wp-json\/wp\/v2\/comments?post=9665"}],"version-history":[{"count":1,"href":"https:\/\/www.partidogen.org.ar\/web\/wp-json\/wp\/v2\/posts\/9665\/revisions"}],"predecessor-version":[{"id":9667,"href":"https:\/\/www.partidogen.org.ar\/web\/wp-json\/wp\/v2\/posts\/9665\/revisions\/9667"}],"wp:featuredmedia":[{"embeddable":true,"href":"https:\/\/www.partidogen.org.ar\/web\/wp-json\/wp\/v2\/media\/9666"}],"wp:attachment":[{"href":"https:\/\/www.partidogen.org.ar\/web\/wp-json\/wp\/v2\/media?parent=9665"}],"wp:term":[{"taxonomy":"category","embeddable":true,"href":"https:\/\/www.partidogen.org.ar\/web\/wp-json\/wp\/v2\/categories?post=9665"},{"taxonomy":"post_tag","embeddable":true,"href":"https:\/\/www.partidogen.org.ar\/web\/wp-json\/wp\/v2\/tags?post=9665"}],"curies":[{"name":"wp","href":"https:\/\/api.w.org\/{rel}","templated":true}]}}