{"id":9646,"date":"2019-05-03T15:21:38","date_gmt":"2019-05-03T18:21:38","guid":{"rendered":"https:\/\/www.partidogen.org.ar\/web\/?p=9646"},"modified":"2019-05-30T12:46:38","modified_gmt":"2019-05-30T15:46:38","slug":"declaracion-de-la-mesa-nacional","status":"publish","type":"post","link":"https:\/\/www.partidogen.org.ar\/web\/declaracion-de-la-mesa-nacional\/","title":{"rendered":"DECLARACION DE LA MESA NACIONAL"},"content":{"rendered":"<p><strong><span class=\"first\">A<\/span>nte la difusi\u00f3n de un listado de puntos que podr\u00eda ser la propuesta del Gobierno Nacional para la formalizaci\u00f3n de acuerdos pol\u00edticos, el Partido GEN, declara: <\/strong><\/p>\n<p>1. Los llamados al di\u00e1logo para debatir y establecer pol\u00edticas de Estado son siempre bienvenidos y necesarios. Pero para ello, se deben impulsar \u00e1mbitos institucionales y permanentes como un Consejo Econ\u00f3mico y Social, con amplitud, diversidad y convicci\u00f3n. <\/p>\n<p>2. El Gobierno insiste con propuestas de claro contenido electoralista para disimular su propia debilidad y desorientaci\u00f3n para enfrentar la crisis de la que son directos responsables. No parece una agenda para la Argentina sino para acatar necesidades del FMI que no se compadecen con la defensa del bien com\u00fan y el inter\u00e9s general. <\/p>\n<p>3. Consideramos que hacer una convocatoria parcial, coyuntural y por urgencias propias pierde credibilidad para sustentar un debate serio y profundo sobre el futuro de la Argentina. El punteo propuesto para la conversaci\u00f3n parece ser una nueva estrategia de polarizaci\u00f3n con el intento de especular con los que queden afuera, volviendo a agitar el fantasma del pasado. <\/p>\n<p>4. La agenda propuesta por el Gobierno es mala, limitada y demuestra que uno de sus grandes problemas ha sido y sigue siendo la fijaci\u00f3n de prioridades. Es inconcebible un listado que parece tener como \u00fanico objetivo adquirir una fortaleza s\u00f3lo pensada en el mismo Gobierno y que plantea temas tan importantes como menos urgentes. Frente a la grave situaci\u00f3n de la pobreza, de la infancia y del trabajo, no parece razonable priorizar un acuerdo sobre equilibrio fiscal, exportaciones, independencia del Banco Central, flexibilizaci\u00f3n laboral, sistema estad\u00edstico y pago de la deuda externa, sin perjuicio de la importancia de incluir el sistema previsional y las econom\u00edas provinciales. <\/p>\n<p>5. Argentina necesita recuperar un sendero de crecimiento que se asiente en la priorizaci\u00f3n de la atenci\u00f3n de los sectores menos favorecidos, la distribuci\u00f3n de las riquezas y la promoci\u00f3n del trabajo y de la industria. La Educaci\u00f3n, la Innovaci\u00f3n, la Ciencia y la T\u00e9cnica, son ejes centrales para el futuro de cualquier sociedad competitiva en el sistema internacional. Pero nada de eso ser\u00e1 suficiente si no tratamos con urgencia las cuestiones vinculadas con el Estado de Derecho, la justicia y la transparencia.<\/p>\n<p>6. La base de cualquier acuerdo razonable y de futuro debe estar fijada en una visi\u00f3n que vuelva a colocar a las personas y sus derechos como eje y centro de la gesti\u00f3n p\u00fablica. Debi\u00e9ndose reconocer que nuestras conflictividades no se resuelven por el solo camino de la pol\u00edtica econ\u00f3mica y monetaria. Bajar la inflaci\u00f3n y salir de la informalidad deben ser prioridad para un proyecto de desarrollo sustentable, pero lo central es la previsibilidad y la confianza social en las<br \/>\ninstituciones.<\/p>\n<p>7. La mayor\u00eda de los argentinos demanda acuerdos para enfrentar la crisis, pero tambi\u00e9n espera que podamos instalar un camino de certezas, honrar el sentido de la representaci\u00f3n pol\u00edtica y ofrecer una mejor alternativa que nos saque de malos gobiernos presentes y pasados para pensar en un futuro mejor.<\/p>\n<p><strong><\/p>\n<p style=\"text-align: center;\">\nPresidenta, Margarita Stolbizer<br \/>\nSecretario General, Sergio Abrevaya<\/p>\n<p><\/strong><br \/>\n<img loading=\"lazy\" decoding=\"async\" src=\"https:\/\/www.partidogen.org.ar\/web\/wp-content\/uploads\/2018\/04\/logoGEN2018_web.png\" alt=\"\" width=\"158\" height=\"30\" class=\"aligncenter size-full wp-image-7827\" \/><\/p>\n","protected":false},"excerpt":{"rendered":"<p>Ante la difusi\u00f3n de un listado de puntos que podr\u00eda ser la propuesta del Gobierno Nacional para la formalizaci\u00f3n de acuerdos pol\u00edticos, el Partido GEN, declara: 1. Los llamados al di\u00e1logo para debatir y establecer pol\u00edticas de Estado son siempre bienvenidos y necesarios. Pero para ello, se deben impulsar \u00e1mbitos institucionales y permanentes como un Consejo Econ\u00f3mico y Social, con amplitud, diversidad y convicci\u00f3n. <\/p>\n","protected":false},"author":2,"featured_media":9897,"comment_status":"closed","ping_status":"closed","sticky":false,"template":"","format":"standard","meta":{"footnotes":""},"categories":[44,223],"tags":[],"class_list":["post-9646","post","type-post","status-publish","format-standard","has-post-thumbnail","hentry","category-actualidad","category-declaracion-partido-gen"],"_links":{"self":[{"href":"https:\/\/www.partidogen.org.ar\/web\/wp-json\/wp\/v2\/posts\/9646","targetHints":{"allow":["GET"]}}],"collection":[{"href":"https:\/\/www.partidogen.org.ar\/web\/wp-json\/wp\/v2\/posts"}],"about":[{"href":"https:\/\/www.partidogen.org.ar\/web\/wp-json\/wp\/v2\/types\/post"}],"author":[{"embeddable":true,"href":"https:\/\/www.partidogen.org.ar\/web\/wp-json\/wp\/v2\/users\/2"}],"replies":[{"embeddable":true,"href":"https:\/\/www.partidogen.org.ar\/web\/wp-json\/wp\/v2\/comments?post=9646"}],"version-history":[{"count":3,"href":"https:\/\/www.partidogen.org.ar\/web\/wp-json\/wp\/v2\/posts\/9646\/revisions"}],"predecessor-version":[{"id":9649,"href":"https:\/\/www.partidogen.org.ar\/web\/wp-json\/wp\/v2\/posts\/9646\/revisions\/9649"}],"wp:featuredmedia":[{"embeddable":true,"href":"https:\/\/www.partidogen.org.ar\/web\/wp-json\/wp\/v2\/media\/9897"}],"wp:attachment":[{"href":"https:\/\/www.partidogen.org.ar\/web\/wp-json\/wp\/v2\/media?parent=9646"}],"wp:term":[{"taxonomy":"category","embeddable":true,"href":"https:\/\/www.partidogen.org.ar\/web\/wp-json\/wp\/v2\/categories?post=9646"},{"taxonomy":"post_tag","embeddable":true,"href":"https:\/\/www.partidogen.org.ar\/web\/wp-json\/wp\/v2\/tags?post=9646"}],"curies":[{"name":"wp","href":"https:\/\/api.w.org\/{rel}","templated":true}]}}