{"id":9643,"date":"2019-05-03T13:06:58","date_gmt":"2019-05-03T16:06:58","guid":{"rendered":"https:\/\/www.partidogen.org.ar\/web\/?p=9643"},"modified":"2019-05-21T13:58:33","modified_gmt":"2019-05-21T16:58:33","slug":"stolbizer-recibio-a-massa-y-su-equipo-en-el-gen","status":"publish","type":"post","link":"https:\/\/www.partidogen.org.ar\/web\/stolbizer-recibio-a-massa-y-su-equipo-en-el-gen\/","title":{"rendered":"Stolbizer recibi\u00f3 a Massa y su equipo en el GEN"},"content":{"rendered":"<p><strong><span class=\"first\">E<\/span>n la sede \u00a0del GEN Margarita Stolbizer, Sergio Massa y autoridades de ambos espacios mantuvieron esta tarde un encuentro en el que compartieron su visi\u00f3n sobre el momento econ\u00f3mico y las dificultades que atraviesa la poblaci\u00f3n. Asimismo, Massa present\u00f3 los \u201c10 Compromisos por la Argentina\u201d, las diez pol\u00edticas de Estado para que luego de las elecciones se empiece a construir el camino en el que el trabajo, la producci\u00f3n y la educaci\u00f3n sean los pilares estructurales.<\/strong><\/p>\n<p><img loading=\"lazy\" decoding=\"async\" src=\"https:\/\/www.partidogen.org.ar\/web\/wp-content\/uploads\/2019\/05\/2019-009.jpg\" alt=\"\" width=\"700\" height=\"419\" class=\"aligncenter size-full wp-image-9644\" srcset=\"https:\/\/www.partidogen.org.ar\/web\/wp-content\/uploads\/2019\/05\/2019-009.jpg 700w, https:\/\/www.partidogen.org.ar\/web\/wp-content\/uploads\/2019\/05\/2019-009-300x180.jpg 300w\" sizes=\"auto, (max-width: 700px) 100vw, 700px\" \/><\/p>\n<p>Durante el encuentro, Massa, Stolbizer y los referentes de sus respectivos espacios, coincidieron en destacar la importancia de convocar a una mesa de di\u00e1logo de toda la oposici\u00f3n para hacer frente al dif\u00edcil y complicado momento que atraviesa el pa\u00eds.<\/p>\n<p>Acompa\u00f1aron a Massa, los diputados nacionales Jos\u00e9 Ignacio de Mendiguren, Ra\u00fal P\u00e9rez y Carlos Selva. Por parte del GEN, participaron del encuentro Sergio Abrevaya, Rub\u00e9n Grenada, Marianela L\u00f3pez, Juan Carlos Ju\u00e1rez, Marcelo D\u00edaz y Liliana Piani, entre otros.<\/p>\n","protected":false},"excerpt":{"rendered":"<p>En la sede \u00a0del GEN Margarita Stolbizer, Sergio Massa y autoridades de ambos espacios mantuvieron esta tarde un encuentro en el que compartieron su visi\u00f3n sobre el momento econ\u00f3mico y las dificultades que atraviesa la poblaci\u00f3n. Asimismo, Massa present\u00f3 los \u201c10 Compromisos por la Argentina\u201d, las diez pol\u00edticas de Estado para que luego de las elecciones se empiece a construir el camino en el que el trabajo, la producci\u00f3n y la educaci\u00f3n sean los pilares estructurales.<\/p>\n","protected":false},"author":2,"featured_media":9644,"comment_status":"closed","ping_status":"closed","sticky":false,"template":"","format":"standard","meta":{"footnotes":""},"categories":[44],"tags":[196,112,269,268],"class_list":["post-9643","post","type-post","status-publish","format-standard","has-post-thumbnail","hentry","category-actualidad","tag-margarita-stolbizer","tag-partido-gen","tag-reunion","tag-sergio-massa"],"_links":{"self":[{"href":"https:\/\/www.partidogen.org.ar\/web\/wp-json\/wp\/v2\/posts\/9643","targetHints":{"allow":["GET"]}}],"collection":[{"href":"https:\/\/www.partidogen.org.ar\/web\/wp-json\/wp\/v2\/posts"}],"about":[{"href":"https:\/\/www.partidogen.org.ar\/web\/wp-json\/wp\/v2\/types\/post"}],"author":[{"embeddable":true,"href":"https:\/\/www.partidogen.org.ar\/web\/wp-json\/wp\/v2\/users\/2"}],"replies":[{"embeddable":true,"href":"https:\/\/www.partidogen.org.ar\/web\/wp-json\/wp\/v2\/comments?post=9643"}],"version-history":[{"count":1,"href":"https:\/\/www.partidogen.org.ar\/web\/wp-json\/wp\/v2\/posts\/9643\/revisions"}],"predecessor-version":[{"id":9645,"href":"https:\/\/www.partidogen.org.ar\/web\/wp-json\/wp\/v2\/posts\/9643\/revisions\/9645"}],"wp:featuredmedia":[{"embeddable":true,"href":"https:\/\/www.partidogen.org.ar\/web\/wp-json\/wp\/v2\/media\/9644"}],"wp:attachment":[{"href":"https:\/\/www.partidogen.org.ar\/web\/wp-json\/wp\/v2\/media?parent=9643"}],"wp:term":[{"taxonomy":"category","embeddable":true,"href":"https:\/\/www.partidogen.org.ar\/web\/wp-json\/wp\/v2\/categories?post=9643"},{"taxonomy":"post_tag","embeddable":true,"href":"https:\/\/www.partidogen.org.ar\/web\/wp-json\/wp\/v2\/tags?post=9643"}],"curies":[{"name":"wp","href":"https:\/\/api.w.org\/{rel}","templated":true}]}}