{"id":9610,"date":"2019-04-16T16:49:22","date_gmt":"2019-04-16T19:49:22","guid":{"rendered":"https:\/\/www.partidogen.org.ar\/web\/?p=9610"},"modified":"2019-05-01T13:04:56","modified_gmt":"2019-05-01T16:04:56","slug":"reunion-del-gen-con-lavagna","status":"publish","type":"post","link":"https:\/\/www.partidogen.org.ar\/web\/reunion-del-gen-con-lavagna\/","title":{"rendered":"REUNI\u00d3N DEL GEN CON LAVAGNA"},"content":{"rendered":"<p><strong><span class=\"first\">L<\/span>a Mesa Nacional del Partido GEN recibi\u00f3 hoy a Roberto Lavagna con quien se analiz\u00f3 el escenario pol\u00edtico, econ\u00f3mico y social. Existe un amplio espacio que debe ser ocupado por una nueva fuerza pol\u00edtica con vocaci\u00f3n mayoritaria, que exprese un pa\u00eds en el que la educaci\u00f3n y el trabajo constituyan las bases principales de crecimiento con igualdad.<\/strong><br \/>\n<img loading=\"lazy\" decoding=\"async\" src=\"https:\/\/www.partidogen.org.ar\/web\/wp-content\/uploads\/2019\/04\/2019-005.jpg\" alt=\"\" width=\"700\" height=\"467\" class=\"aligncenter size-full wp-image-9611\" srcset=\"https:\/\/www.partidogen.org.ar\/web\/wp-content\/uploads\/2019\/04\/2019-005.jpg 700w, https:\/\/www.partidogen.org.ar\/web\/wp-content\/uploads\/2019\/04\/2019-005-300x200.jpg 300w\" sizes=\"auto, (max-width: 700px) 100vw, 700px\" \/><\/p>\n<p>El Partido GEN fue convocado para formar parte de un proyecto de unidad nacional con otras fuerzas pol\u00edticas, referentes sociales e individuos independientes que asuman la responsabilidad de pelear para sacar a la Argentina de una grieta in\u00fatil, para atender las problem\u00e1ticas del presente y las oportunidades del futuro. En tal sentido, se ha valorado el aporte del liderazgo y la trayectoria de Roberto Lavagna, en un contexto de incertidumbres que nos impone dar mayor impulso a certezas e institucionalidad. El Partido GEN ratifica su convocatoria a la unidad con diversidad y amplitud de un encuentro con vocaci\u00f3n de poder para gobernar y mejorar el destino de los argentinos.<\/p>\n<p style=\"text-align: center;\"><strong>Margarita Stolbizer<\/strong> Presidente\u00a0 <strong>Sergio Abrevaya<\/strong> Secretario General<\/p>\n<p><img loading=\"lazy\" decoding=\"async\" src=\"https:\/\/www.partidogen.org.ar\/web\/wp-content\/uploads\/2018\/04\/logoGEN2018_web.png\" alt=\"\" width=\"158\" height=\"30\" class=\"aligncenter size-full wp-image-7827\" \/><\/p>\n","protected":false},"excerpt":{"rendered":"<p>La Mesa Nacional del Partido GEN recibi\u00f3 hoy a Roberto Lavagna con quien se analiz\u00f3 el escenario pol\u00edtico, econ\u00f3mico y social.<\/p>\n","protected":false},"author":2,"featured_media":9611,"comment_status":"closed","ping_status":"closed","sticky":false,"template":"","format":"standard","meta":{"footnotes":""},"categories":[44],"tags":[262,112,167],"class_list":["post-9610","post","type-post","status-publish","format-standard","has-post-thumbnail","hentry","category-actualidad","tag-lavagna","tag-partido-gen","tag-stolbizer"],"_links":{"self":[{"href":"https:\/\/www.partidogen.org.ar\/web\/wp-json\/wp\/v2\/posts\/9610","targetHints":{"allow":["GET"]}}],"collection":[{"href":"https:\/\/www.partidogen.org.ar\/web\/wp-json\/wp\/v2\/posts"}],"about":[{"href":"https:\/\/www.partidogen.org.ar\/web\/wp-json\/wp\/v2\/types\/post"}],"author":[{"embeddable":true,"href":"https:\/\/www.partidogen.org.ar\/web\/wp-json\/wp\/v2\/users\/2"}],"replies":[{"embeddable":true,"href":"https:\/\/www.partidogen.org.ar\/web\/wp-json\/wp\/v2\/comments?post=9610"}],"version-history":[{"count":1,"href":"https:\/\/www.partidogen.org.ar\/web\/wp-json\/wp\/v2\/posts\/9610\/revisions"}],"predecessor-version":[{"id":9612,"href":"https:\/\/www.partidogen.org.ar\/web\/wp-json\/wp\/v2\/posts\/9610\/revisions\/9612"}],"wp:featuredmedia":[{"embeddable":true,"href":"https:\/\/www.partidogen.org.ar\/web\/wp-json\/wp\/v2\/media\/9611"}],"wp:attachment":[{"href":"https:\/\/www.partidogen.org.ar\/web\/wp-json\/wp\/v2\/media?parent=9610"}],"wp:term":[{"taxonomy":"category","embeddable":true,"href":"https:\/\/www.partidogen.org.ar\/web\/wp-json\/wp\/v2\/categories?post=9610"},{"taxonomy":"post_tag","embeddable":true,"href":"https:\/\/www.partidogen.org.ar\/web\/wp-json\/wp\/v2\/tags?post=9610"}],"curies":[{"name":"wp","href":"https:\/\/api.w.org\/{rel}","templated":true}]}}