{"id":9566,"date":"2019-03-19T11:34:46","date_gmt":"2019-03-19T14:34:46","guid":{"rendered":"https:\/\/www.partidogen.org.ar\/web\/?p=9566"},"modified":"2019-04-10T10:14:21","modified_gmt":"2019-04-10T13:14:21","slug":"el-partido-gen-condena-energicamente-el-atentado-terrorista-ocurrido-en-nueva-zelanda","status":"publish","type":"post","link":"https:\/\/www.partidogen.org.ar\/web\/el-partido-gen-condena-energicamente-el-atentado-terrorista-ocurrido-en-nueva-zelanda\/","title":{"rendered":"El Partido GEN condena en\u00e9rgicamente el atentado terrorista ocurrido en Nueva Zelanda"},"content":{"rendered":"<p style=\"text-align: reight;\">CABA, 15 de Marzo de 2019.<\/p>\n<p style=\"text-align: center;\"><strong>COMUNICADO<\/strong><br \/>\nJUNTA EJECUTIVA NACIONAL \u2013 MESA DIRECTIVA<\/p>\n<p><strong><span class=\"first\">E<\/span>l Partido GEN condena en\u00e9rgicamente el atentado terrorista ocurrido contra dos mezquitas en la ciudad de Christchurch, Nueva Zelanda, con el tr\u00e1gico resultado de al menos cuarenta y nueve v\u00edctimas letales y decenas de heridos.<\/strong><\/p>\n<p>Resulta preocupante la proliferaci\u00f3n mundial de manifestaciones violentas de intolerancia \u00e9tnica, religiosa o de cualquier otra forma y, ante ello, bregamos por seguir contribuyendo a los esfuerzos en la construcci\u00f3n de sociedades basadas en el respeto a la dignidad humana y la tolerancia en la diversidad.<\/p>\n<p>Expresamos nuestro acompa\u00f1amiento a los familiares de las v\u00edctimas y anhelamos la pronta recuperaci\u00f3n de las personas heridas. Al mismo tiempo, expresamos al Gobierno y al pueblo neozeland\u00e9s en su conjunto, nuestra solidaridad ante este tr\u00e1gico suceso.<br \/>\n<img loading=\"lazy\" decoding=\"async\" src=\"https:\/\/www.partidogen.org.ar\/web\/wp-content\/uploads\/2017\/03\/LogoGEN-01.png\" alt=\"\" width=\"501\" height=\"222\" class=\"aligncenter size-full wp-image-5871\" srcset=\"https:\/\/www.partidogen.org.ar\/web\/wp-content\/uploads\/2017\/03\/LogoGEN-01.png 501w, https:\/\/www.partidogen.org.ar\/web\/wp-content\/uploads\/2017\/03\/LogoGEN-01-300x133.png 300w, https:\/\/www.partidogen.org.ar\/web\/wp-content\/uploads\/2017\/03\/LogoGEN-01-100x44.png 100w, https:\/\/www.partidogen.org.ar\/web\/wp-content\/uploads\/2017\/03\/LogoGEN-01-150x66.png 150w, https:\/\/www.partidogen.org.ar\/web\/wp-content\/uploads\/2017\/03\/LogoGEN-01-200x89.png 200w, https:\/\/www.partidogen.org.ar\/web\/wp-content\/uploads\/2017\/03\/LogoGEN-01-450x199.png 450w\" sizes=\"auto, (max-width: 501px) 100vw, 501px\" \/><\/p>\n","protected":false},"excerpt":{"rendered":"<p>El Partido GEN condena en\u00e9rgicamente el atentado terrorista ocurrido contra dos mezquitas en la ciudad de Christchurch, Nueva Zelanda, con el tr\u00e1gico resultado de al menos cuarenta y nueve v\u00edctimas letales y decenas de heridos.<\/p>\n","protected":false},"author":2,"featured_media":9448,"comment_status":"closed","ping_status":"closed","sticky":false,"template":"","format":"standard","meta":{"footnotes":""},"categories":[44],"tags":[259],"class_list":["post-9566","post","type-post","status-publish","format-standard","has-post-thumbnail","hentry","category-actualidad","tag-atentado-terrorista-nueva-zelanda"],"_links":{"self":[{"href":"https:\/\/www.partidogen.org.ar\/web\/wp-json\/wp\/v2\/posts\/9566","targetHints":{"allow":["GET"]}}],"collection":[{"href":"https:\/\/www.partidogen.org.ar\/web\/wp-json\/wp\/v2\/posts"}],"about":[{"href":"https:\/\/www.partidogen.org.ar\/web\/wp-json\/wp\/v2\/types\/post"}],"author":[{"embeddable":true,"href":"https:\/\/www.partidogen.org.ar\/web\/wp-json\/wp\/v2\/users\/2"}],"replies":[{"embeddable":true,"href":"https:\/\/www.partidogen.org.ar\/web\/wp-json\/wp\/v2\/comments?post=9566"}],"version-history":[{"count":4,"href":"https:\/\/www.partidogen.org.ar\/web\/wp-json\/wp\/v2\/posts\/9566\/revisions"}],"predecessor-version":[{"id":9570,"href":"https:\/\/www.partidogen.org.ar\/web\/wp-json\/wp\/v2\/posts\/9566\/revisions\/9570"}],"wp:featuredmedia":[{"embeddable":true,"href":"https:\/\/www.partidogen.org.ar\/web\/wp-json\/wp\/v2\/media\/9448"}],"wp:attachment":[{"href":"https:\/\/www.partidogen.org.ar\/web\/wp-json\/wp\/v2\/media?parent=9566"}],"wp:term":[{"taxonomy":"category","embeddable":true,"href":"https:\/\/www.partidogen.org.ar\/web\/wp-json\/wp\/v2\/categories?post=9566"},{"taxonomy":"post_tag","embeddable":true,"href":"https:\/\/www.partidogen.org.ar\/web\/wp-json\/wp\/v2\/tags?post=9566"}],"curies":[{"name":"wp","href":"https:\/\/api.w.org\/{rel}","templated":true}]}}