{"id":9558,"date":"2019-03-11T15:31:18","date_gmt":"2019-03-11T18:31:18","guid":{"rendered":"https:\/\/www.partidogen.org.ar\/web\/?p=9558"},"modified":"2019-04-10T09:54:04","modified_gmt":"2019-04-10T12:54:04","slug":"discurso-de-margarita-stolbizer-en-el-dia-internacional-de-la-mujer","status":"publish","type":"post","link":"https:\/\/www.partidogen.org.ar\/web\/discurso-de-margarita-stolbizer-en-el-dia-internacional-de-la-mujer\/","title":{"rendered":"Discurso de Margarita Stolbizer en el D\u00eda Internacional de la Mujer"},"content":{"rendered":"<p>Mujeres Protagonistas: Margarita Stolbizer.<br \/>\n<iframe loading=\"lazy\" width=\"560\" height=\"315\" src=\"https:\/\/www.youtube.com\/embed\/vBlsYb5-ZvQ\" frameborder=\"0\" allow=\"accelerometer; autoplay; encrypted-media; gyroscope; picture-in-picture\" allowfullscreen><\/iframe><br \/>\n<strong><span class=\"first\">M<\/span>argarita Stolbizer fue una de las disertantes el pasado 8 de marzo en el desayuno organizado por la DAIA para conmemorar el D\u00eda Internacional de la Mujer. Stolbizer se\u00f1al\u00f3 que \u00abdebemos aprovechar \u00e9stas oportunidades, para reflexionar sobre de qu\u00e9 manera construir una autoconciencia colectiva sobre lo que nos pasa como mujeres\u00bb. Asimismo, destac\u00f3 que \u00aben los 35 a\u00f1os de democracia que la Argentina tiene solamente tuvimos 17 ministras y m\u00e1s de 150 ministros varones\u00bb y agreg\u00f3: los datos son un llamado a la acci\u00f3n\u00bb.<\/strong><\/p>\n","protected":false},"excerpt":{"rendered":"<p>Margarita Stolbizer fue una de las disertantes el pasado 8 de marzo en el desayuno organizado por la DAIA para conmemorar el D\u00eda Internacional de la Mujer. Stolbizer se\u00f1al\u00f3 que \u00abdebemos aprovechar \u00e9stas oportunidades, para reflexionar sobre de qu\u00e9 manera construir una autoconciencia colectiva sobre lo que nos pasa como mujeres\u00bb. Asimismo, destac\u00f3 que \u00aben los 35 a\u00f1os de democracia que la Argentina tiene solamente tuvimos 17 ministras y m\u00e1s de 150 ministros varones\u00bb y agreg\u00f3: los datos son un llamado a la acci\u00f3n\u00bb.<\/p>\n","protected":false},"author":2,"featured_media":9559,"comment_status":"closed","ping_status":"closed","sticky":false,"template":"","format":"standard","meta":{"footnotes":""},"categories":[44,47],"tags":[258,196,257,112],"class_list":["post-9558","post","type-post","status-publish","format-standard","has-post-thumbnail","hentry","category-actualidad","category-margarita-stolbizer-diputados-nacionales","tag-dia-internacional-de-la-mujer","tag-margarita-stolbizer","tag-mujeres-protagonistas","tag-partido-gen"],"_links":{"self":[{"href":"https:\/\/www.partidogen.org.ar\/web\/wp-json\/wp\/v2\/posts\/9558","targetHints":{"allow":["GET"]}}],"collection":[{"href":"https:\/\/www.partidogen.org.ar\/web\/wp-json\/wp\/v2\/posts"}],"about":[{"href":"https:\/\/www.partidogen.org.ar\/web\/wp-json\/wp\/v2\/types\/post"}],"author":[{"embeddable":true,"href":"https:\/\/www.partidogen.org.ar\/web\/wp-json\/wp\/v2\/users\/2"}],"replies":[{"embeddable":true,"href":"https:\/\/www.partidogen.org.ar\/web\/wp-json\/wp\/v2\/comments?post=9558"}],"version-history":[{"count":1,"href":"https:\/\/www.partidogen.org.ar\/web\/wp-json\/wp\/v2\/posts\/9558\/revisions"}],"predecessor-version":[{"id":9560,"href":"https:\/\/www.partidogen.org.ar\/web\/wp-json\/wp\/v2\/posts\/9558\/revisions\/9560"}],"wp:featuredmedia":[{"embeddable":true,"href":"https:\/\/www.partidogen.org.ar\/web\/wp-json\/wp\/v2\/media\/9559"}],"wp:attachment":[{"href":"https:\/\/www.partidogen.org.ar\/web\/wp-json\/wp\/v2\/media?parent=9558"}],"wp:term":[{"taxonomy":"category","embeddable":true,"href":"https:\/\/www.partidogen.org.ar\/web\/wp-json\/wp\/v2\/categories?post=9558"},{"taxonomy":"post_tag","embeddable":true,"href":"https:\/\/www.partidogen.org.ar\/web\/wp-json\/wp\/v2\/tags?post=9558"}],"curies":[{"name":"wp","href":"https:\/\/api.w.org\/{rel}","templated":true}]}}