{"id":9547,"date":"2019-03-04T15:00:42","date_gmt":"2019-03-04T18:00:42","guid":{"rendered":"https:\/\/www.partidogen.org.ar\/web\/?p=9547"},"modified":"2019-04-10T09:52:39","modified_gmt":"2019-04-10T12:52:39","slug":"ciclo-mujeres-liderando-la-politica","status":"publish","type":"post","link":"https:\/\/www.partidogen.org.ar\/web\/ciclo-mujeres-liderando-la-politica\/","title":{"rendered":"Ciclo \u201cMujeres liderando la pol\u00edtica\u201d"},"content":{"rendered":"<p><strong><span class=\"first\">L<\/span>as conferencias se desarrollar\u00e1n durante el mes de marzo, en el Centro Cultural C\u00f3rdoba (Av. Poeta Lugones 401), en el marco de la agenda de actividades del Gobierno de C\u00f3rdoba para conmemorar el \u00abD\u00eda Internacional de la Mujer\u00bb. <\/strong><br \/>\n<img loading=\"lazy\" decoding=\"async\" src=\"https:\/\/www.partidogen.org.ar\/web\/wp-content\/uploads\/2019\/03\/MSCordobaCML.jpeg\" alt=\"\" width=\"700\" height=\"699\" class=\"aligncenter size-full wp-image-9548\" srcset=\"https:\/\/www.partidogen.org.ar\/web\/wp-content\/uploads\/2019\/03\/MSCordobaCML.jpeg 700w, https:\/\/www.partidogen.org.ar\/web\/wp-content\/uploads\/2019\/03\/MSCordobaCML-150x150.jpeg 150w, https:\/\/www.partidogen.org.ar\/web\/wp-content\/uploads\/2019\/03\/MSCordobaCML-300x300.jpeg 300w, https:\/\/www.partidogen.org.ar\/web\/wp-content\/uploads\/2019\/03\/MSCordobaCML-70x70.jpeg 70w\" sizes=\"auto, (max-width: 700px) 100vw, 700px\" \/><br \/>\nProgramaci\u00f3n:<\/p>\n<p>Viernes 8. 16:30 hs. Charla magistral a cargo de Margarita Stolbizer (Presidenta \u2013 Partido GEN).<\/p>\n<p>Jueves 14. 10:30 hs. Charla magistral a cargo de Rosana Bertone (Gobernadora de la provincia de Tierra del Fuego).<\/p>\n<p>Lunes 18. 17:30 hs. Charla magistral a cargo de Victoria Donda (Diputada Nacional \u2013 SOMOS).<\/p>\n<p>Jueves 21. 17:30 hs. Charla magistral a cargo de M\u00f3nica Fein (Intendenta de la ciudad de Rosario).<\/p>\n<p><a href=\"https:\/\/docs.google.com\/forms\/d\/e\/1FAIpQLSfHeZ4ydAeKGl_jAT86UE9XTSjOQPv6EVNjVDbsxBeertQZZg\/viewform?vc=0&#038;c=0&#038;w=1\" target=\"_blank\">Participa completando la siguiente encuesta!<\/a><\/p>\n","protected":false},"excerpt":{"rendered":"<p>Las conferencias se desarrollar\u00e1n durante el mes de marzo, en el Centro Cultural C\u00f3rdoba (Av. Poeta Lugones 401), en el marco de la agenda de actividades del Gobierno de C\u00f3rdoba para conmemorar el \u00abD\u00eda Internacional de la Mujer\u00bb.<\/p>\n","protected":false},"author":2,"featured_media":9548,"comment_status":"closed","ping_status":"closed","sticky":false,"template":"","format":"standard","meta":{"footnotes":""},"categories":[44,80],"tags":[],"class_list":["post-9547","post","type-post","status-publish","format-standard","has-post-thumbnail","hentry","category-actualidad","category-cordoba"],"_links":{"self":[{"href":"https:\/\/www.partidogen.org.ar\/web\/wp-json\/wp\/v2\/posts\/9547","targetHints":{"allow":["GET"]}}],"collection":[{"href":"https:\/\/www.partidogen.org.ar\/web\/wp-json\/wp\/v2\/posts"}],"about":[{"href":"https:\/\/www.partidogen.org.ar\/web\/wp-json\/wp\/v2\/types\/post"}],"author":[{"embeddable":true,"href":"https:\/\/www.partidogen.org.ar\/web\/wp-json\/wp\/v2\/users\/2"}],"replies":[{"embeddable":true,"href":"https:\/\/www.partidogen.org.ar\/web\/wp-json\/wp\/v2\/comments?post=9547"}],"version-history":[{"count":4,"href":"https:\/\/www.partidogen.org.ar\/web\/wp-json\/wp\/v2\/posts\/9547\/revisions"}],"predecessor-version":[{"id":9552,"href":"https:\/\/www.partidogen.org.ar\/web\/wp-json\/wp\/v2\/posts\/9547\/revisions\/9552"}],"wp:featuredmedia":[{"embeddable":true,"href":"https:\/\/www.partidogen.org.ar\/web\/wp-json\/wp\/v2\/media\/9548"}],"wp:attachment":[{"href":"https:\/\/www.partidogen.org.ar\/web\/wp-json\/wp\/v2\/media?parent=9547"}],"wp:term":[{"taxonomy":"category","embeddable":true,"href":"https:\/\/www.partidogen.org.ar\/web\/wp-json\/wp\/v2\/categories?post=9547"},{"taxonomy":"post_tag","embeddable":true,"href":"https:\/\/www.partidogen.org.ar\/web\/wp-json\/wp\/v2\/tags?post=9547"}],"curies":[{"name":"wp","href":"https:\/\/api.w.org\/{rel}","templated":true}]}}