{"id":9539,"date":"2019-02-28T00:22:54","date_gmt":"2019-02-28T03:22:54","guid":{"rendered":"https:\/\/www.partidogen.org.ar\/web\/?p=9539"},"modified":"2019-04-22T18:22:42","modified_gmt":"2019-04-22T21:22:42","slug":"lifschitz-y-stolbizer-convocan-a-conformar-un-frente-progresista-y-federal","status":"publish","type":"post","link":"https:\/\/www.partidogen.org.ar\/web\/lifschitz-y-stolbizer-convocan-a-conformar-un-frente-progresista-y-federal\/","title":{"rendered":"Lifschitz y Stolbizer convocan a conformar un FRENTE PROGRESISTA Y FEDERAL"},"content":{"rendered":"<p><strong>\u201cCONFIRMAMOS QUE EL PROGRESISMO TRABAJA PARA CONSTITUIR UNA EXPRESION ELECTORAL Y UNA ALTERNATIVA QUE PERMITAN A LA ARGENTINA SUPERAR LAS FALSAS ANTINOMIAS Y LOS FRACASOS DE LOS GOBIERNOS DE CRISTINA KIRCHNER Y DE MACRI. TRABAJAMOS POR UNA ARGENTINA DEMOCR\u00c1TICA, JUSTA, PLURAL Y DESARROLLADA. NUESTRO COMPROMISO ES CON EL BIENESTAR HUMANO, LA JUSTICIA, LA LIBERTAD, LA IGUALDAD EN DERECHOS Y LA DIGNIDAD DE LAS PERSONAS, CON LA \u00c9TICA COMO COMPORTAMIENTO EN EL MANEJO DE LOS BIENES E INTERESES P\u00daBLICOS Y SOCIALES\u201d.<\/strong><br \/>\n<img loading=\"lazy\" decoding=\"async\" src=\"https:\/\/www.partidogen.org.ar\/web\/wp-content\/uploads\/2019\/02\/2019-001.jpg\" alt=\"\" width=\"700\" height=\"467\" class=\"aligncenter size-full wp-image-9540\" srcset=\"https:\/\/www.partidogen.org.ar\/web\/wp-content\/uploads\/2019\/02\/2019-001.jpg 700w, https:\/\/www.partidogen.org.ar\/web\/wp-content\/uploads\/2019\/02\/2019-001-300x200.jpg 300w\" sizes=\"auto, (max-width: 700px) 100vw, 700px\" \/><br \/>\n<strong><span class=\"first\">E<\/span>n un encuentro celebrado en la Ciudad de Buenos Aires con m\u00e1s de 500 asistentes, el progresismo qued\u00f3 instalado en el escenario electoral para este a\u00f1o.<\/strong><\/p>\n<p>El Gobernador de Santa Fe, Miguel Lifschitz, y la Presidenta del Partido GEN, Margarita Stolbizer encabezaron una convocatoria de dirigentes y tambi\u00e9n de referentes independientes que provienen del \u00e1mbito social, cultural, acad\u00e9mico, deportivo, gremial.<\/p>\n<p>\u201cArgentina tiene que salir de la polarizaci\u00f3n que solo ha servido para sostener malos gobiernos y peores alternativas. Para eso es necesario conformar un frente electoral que exprese un pensamiento y una l\u00ednea de acci\u00f3n que conjugue \u00e9tica y progresismo. Queremos un Estado democr\u00e1tico y presente que funcione de manera transparente y asegure todos los derechos fundamentales a todas las personas\u201d.<\/p>\n<p>\u201cSe sale de la crisis con una propuesta y un gobierno de unidad nacional, que sea la alternativa frente a los fracasos del pasado y del presente. Que sea federal en su conformaci\u00f3n y progresista en sus contenidos. La socialdemocracia no quedar\u00e1 atrapada en la trampa que proponen los que juegan a la grieta para ocultar su fracaso en la implementaci\u00f3n de las pol\u00edticas\u201d.<\/p>\n<p>\u201cHay que dejar de hablar de ajuste y volver a hablar de crecimiento y de inclusi\u00f3n social\u201d.<\/p>\n<p><strong>El Encuentro defini\u00f3 los principales desaf\u00edos a partir de tres ejes convocantes para el debate de los participantes y expertos:<\/strong><\/p>\n<ul>\n<li>Econom\u00eda para el desarrollo: producci\u00f3n, empleo, pol\u00edticas sociales.<\/li>\n<li>Educaci\u00f3n, Ciencia, T\u00e9cnica e Innovaci\u00f3n.<\/li>\n<li>Feminismo: Paridad sustantiva, pol\u00edticas p\u00fablicas con perspectiva de g\u00e9nero.<\/li>\n<\/ul>\n<p><strong>\u201cCONFIRMAMOS QUE EL PROGRESISMO TRABAJA PARA CONSTITUIR UNA EXPRESION ELECTORAL Y UNA ALTERNATIVA QUE PERMITAN A LA ARGENTINA SUPERAR LAS FALSAS ANTINOMIAS Y LOS FRACASOS DE LOS GOBIERNOS DE CRISTINA KIRCHNER Y DE MACRI. TRABAJAMOS POR UNA ARGENTINA DEMOCR\u00c1TICA, JUSTA, PLURAL Y DESARROLLADA. NUESTRO COMPROMISO ES CON EL BIENESTAR HUMANO, LA JUSTICIA, LA LIBERTAD, LA IGUALDAD EN DERECHOS Y LA DIGNIDAD DE LAS PERSONAS, CON LA \u00c9TICA COMO COMPORTAMIENTO EN EL MANEJO DE LOS BIENES E INTERESES P\u00daBLICOS Y SOCIALES\u201d.<\/strong><br \/>\n<img loading=\"lazy\" decoding=\"async\" src=\"https:\/\/www.partidogen.org.ar\/web\/wp-content\/uploads\/2019\/02\/2019-002.jpg\" alt=\"\" width=\"700\" height=\"467\" class=\"aligncenter size-full wp-image-9541\" srcset=\"https:\/\/www.partidogen.org.ar\/web\/wp-content\/uploads\/2019\/02\/2019-002.jpg 700w, https:\/\/www.partidogen.org.ar\/web\/wp-content\/uploads\/2019\/02\/2019-002-300x200.jpg 300w\" sizes=\"auto, (max-width: 700px) 100vw, 700px\" \/><br \/>\n<img loading=\"lazy\" decoding=\"async\" src=\"https:\/\/www.partidogen.org.ar\/web\/wp-content\/uploads\/2019\/02\/2019-003.jpg\" alt=\"\" width=\"700\" height=\"700\" class=\"aligncenter size-full wp-image-9544\" srcset=\"https:\/\/www.partidogen.org.ar\/web\/wp-content\/uploads\/2019\/02\/2019-003.jpg 700w, https:\/\/www.partidogen.org.ar\/web\/wp-content\/uploads\/2019\/02\/2019-003-150x150.jpg 150w, https:\/\/www.partidogen.org.ar\/web\/wp-content\/uploads\/2019\/02\/2019-003-300x300.jpg 300w, https:\/\/www.partidogen.org.ar\/web\/wp-content\/uploads\/2019\/02\/2019-003-70x70.jpg 70w\" sizes=\"auto, (max-width: 700px) 100vw, 700px\" \/><\/p>\n","protected":false},"excerpt":{"rendered":"<p>En un encuentro celebrado en la Ciudad de Buenos Aires con m\u00e1s de 500 asistentes, el progresismo qued\u00f3 instalado en el escenario electoral para este a\u00f1o.<\/p>\n","protected":false},"author":2,"featured_media":9540,"comment_status":"closed","ping_status":"closed","sticky":false,"template":"","format":"standard","meta":{"footnotes":""},"categories":[44,254,47],"tags":[255,218,256],"class_list":["post-9539","post","type-post","status-publish","format-standard","has-post-thumbnail","hentry","category-actualidad","category-frente-progresista-y-federal","category-margarita-stolbizer-diputados-nacionales","tag-frente-progresista-y-federal","tag-lifschitz","tag-margrita-stolbizer"],"_links":{"self":[{"href":"https:\/\/www.partidogen.org.ar\/web\/wp-json\/wp\/v2\/posts\/9539","targetHints":{"allow":["GET"]}}],"collection":[{"href":"https:\/\/www.partidogen.org.ar\/web\/wp-json\/wp\/v2\/posts"}],"about":[{"href":"https:\/\/www.partidogen.org.ar\/web\/wp-json\/wp\/v2\/types\/post"}],"author":[{"embeddable":true,"href":"https:\/\/www.partidogen.org.ar\/web\/wp-json\/wp\/v2\/users\/2"}],"replies":[{"embeddable":true,"href":"https:\/\/www.partidogen.org.ar\/web\/wp-json\/wp\/v2\/comments?post=9539"}],"version-history":[{"count":3,"href":"https:\/\/www.partidogen.org.ar\/web\/wp-json\/wp\/v2\/posts\/9539\/revisions"}],"predecessor-version":[{"id":9545,"href":"https:\/\/www.partidogen.org.ar\/web\/wp-json\/wp\/v2\/posts\/9539\/revisions\/9545"}],"wp:featuredmedia":[{"embeddable":true,"href":"https:\/\/www.partidogen.org.ar\/web\/wp-json\/wp\/v2\/media\/9540"}],"wp:attachment":[{"href":"https:\/\/www.partidogen.org.ar\/web\/wp-json\/wp\/v2\/media?parent=9539"}],"wp:term":[{"taxonomy":"category","embeddable":true,"href":"https:\/\/www.partidogen.org.ar\/web\/wp-json\/wp\/v2\/categories?post=9539"},{"taxonomy":"post_tag","embeddable":true,"href":"https:\/\/www.partidogen.org.ar\/web\/wp-json\/wp\/v2\/tags?post=9539"}],"curies":[{"name":"wp","href":"https:\/\/api.w.org\/{rel}","templated":true}]}}