{"id":952,"date":"2014-11-07T12:00:31","date_gmt":"2014-11-07T12:00:31","guid":{"rendered":"http:\/\/www.partidogen.org.ar\/web\/?p=952"},"modified":"2014-11-10T19:07:05","modified_gmt":"2014-11-10T19:07:05","slug":"jornada-de-economia-politica-la-argentina-que-queremos","status":"publish","type":"post","link":"https:\/\/www.partidogen.org.ar\/web\/jornada-de-economia-politica-la-argentina-que-queremos\/","title":{"rendered":"JORNADA DE ECONOM\u00cdA POL\u00cdTICA: \u201cLA ARGENTINA QUE QUEREMOS\u201d"},"content":{"rendered":"<p><img loading=\"lazy\" decoding=\"async\" src=\"http:\/\/www.partidogen.org.ar\/web\/wp-content\/uploads\/2014\/11\/046.jpg\" alt=\"JORNADA DE ECONOM\u00cdA POL\u00cdTICA: \u201cLA ARGENTINA QUE QUEREMOS\u201d\" width=\"1232\" height=\"1012\" class=\"alignnone size-full wp-image-954\" srcset=\"https:\/\/www.partidogen.org.ar\/web\/wp-content\/uploads\/2014\/11\/046.jpg 1232w, https:\/\/www.partidogen.org.ar\/web\/wp-content\/uploads\/2014\/11\/046-300x246.jpg 300w, https:\/\/www.partidogen.org.ar\/web\/wp-content\/uploads\/2014\/11\/046-1024x841.jpg 1024w, https:\/\/www.partidogen.org.ar\/web\/wp-content\/uploads\/2014\/11\/046-100x82.jpg 100w, https:\/\/www.partidogen.org.ar\/web\/wp-content\/uploads\/2014\/11\/046-150x123.jpg 150w, https:\/\/www.partidogen.org.ar\/web\/wp-content\/uploads\/2014\/11\/046-200x164.jpg 200w, https:\/\/www.partidogen.org.ar\/web\/wp-content\/uploads\/2014\/11\/046-450x369.jpg 450w, https:\/\/www.partidogen.org.ar\/web\/wp-content\/uploads\/2014\/11\/046-600x492.jpg 600w, https:\/\/www.partidogen.org.ar\/web\/wp-content\/uploads\/2014\/11\/046-900x739.jpg 900w\" sizes=\"auto, (max-width: 1232px) 100vw, 1232px\" \/><br \/>\nROSARIO. <strong><span class=\"first\">E<\/span>l viernes 7 de noviembre el Centro Cultural Roberto Fontanarrosa (San Mart\u00edn 1080) ser\u00e1 sede de la Jornada de Econom\u00eda Pol\u00edtica \u201cLa Argentina que Queremos\u201d que organiza el Instituto de Estudios del partido GEN.<\/strong><\/p>\n<p>La actividad iniciar\u00e1 a las 14 hs. y contar\u00e1 con la presencia del ex Presidente del Banco Central y actual dirigente del Frente Amplio Unen, Lic. Alfonso Prat Gay. A su turno tambi\u00e9n expondr\u00e1n la Secretaria de Hacienda y Econom\u00eda de Rosario, Cdr. Ver\u00f3nica Irizar; y los economistas representantes del partido GEN, Lic. Mart\u00edn Hourest y Dra. Cristina Calvo.<\/p>\n<p>Sobre el evento, el Diputado nacional Fabi\u00e1n Peralta, dijo: \u201cqueremos brindar un espacio de reflexi\u00f3n sobre la actual situaci\u00f3n econ\u00f3mica del pa\u00eds, pero sobretodo queremos pensar c\u00f3mo impulsar un sistema econ\u00f3mico virtuoso en el futuro, donde la igualdad de oportunidades y el desarrollo sustentable sean el eje central\u201d.<\/p>\n<p>El encuentro se extender\u00e1 hasta las 19 hs. y se entregar\u00e1n certificados de asistencia.<\/p>\n<p>Entrada libre y gratuita.<\/p>\n<p>M\u00e1s informaci\u00f3n e inscripciones: (0341) 6791252 (Lunes a viernes de 8 a 17 hs.) o <a href=\"mailto:jornada@igensantafe.com.ar\">jornada@igensantafe.com.ar<\/a><\/p>\n<p>Rodrigo Cerd\u00e1<\/p>\n<p>Presidente Partido GEN Rosario<\/p>\n<p>155-190475<\/p>\n<p>@rodrigoacerda<\/p>\n","protected":false},"excerpt":{"rendered":"<p>ROSARIO. El viernes 7 de noviembre el Centro Cultural Roberto Fontanarrosa (San Mart\u00edn 1080) ser\u00e1 sede de la Jornada de Econom\u00eda Pol\u00edtica \u201cLa Argentina que Queremos\u201d que organiza el Instituto de Estudios del partido GEN. La actividad iniciar\u00e1 a las 14 hs. y contar\u00e1 con la presencia del ex Presidente del Banco Central y actual [&hellip;]<\/p>\n","protected":false},"author":2,"featured_media":956,"comment_status":"closed","ping_status":"closed","sticky":false,"template":"","format":"standard","meta":{"footnotes":""},"categories":[56,77],"tags":[],"class_list":["post-952","post","type-post","status-publish","format-standard","has-post-thumbnail","hentry","category-actividades-2014","category-santa-fe"],"_links":{"self":[{"href":"https:\/\/www.partidogen.org.ar\/web\/wp-json\/wp\/v2\/posts\/952","targetHints":{"allow":["GET"]}}],"collection":[{"href":"https:\/\/www.partidogen.org.ar\/web\/wp-json\/wp\/v2\/posts"}],"about":[{"href":"https:\/\/www.partidogen.org.ar\/web\/wp-json\/wp\/v2\/types\/post"}],"author":[{"embeddable":true,"href":"https:\/\/www.partidogen.org.ar\/web\/wp-json\/wp\/v2\/users\/2"}],"replies":[{"embeddable":true,"href":"https:\/\/www.partidogen.org.ar\/web\/wp-json\/wp\/v2\/comments?post=952"}],"version-history":[{"count":0,"href":"https:\/\/www.partidogen.org.ar\/web\/wp-json\/wp\/v2\/posts\/952\/revisions"}],"wp:featuredmedia":[{"embeddable":true,"href":"https:\/\/www.partidogen.org.ar\/web\/wp-json\/wp\/v2\/media\/956"}],"wp:attachment":[{"href":"https:\/\/www.partidogen.org.ar\/web\/wp-json\/wp\/v2\/media?parent=952"}],"wp:term":[{"taxonomy":"category","embeddable":true,"href":"https:\/\/www.partidogen.org.ar\/web\/wp-json\/wp\/v2\/categories?post=952"},{"taxonomy":"post_tag","embeddable":true,"href":"https:\/\/www.partidogen.org.ar\/web\/wp-json\/wp\/v2\/tags?post=952"}],"curies":[{"name":"wp","href":"https:\/\/api.w.org\/{rel}","templated":true}]}}