{"id":920,"date":"2014-10-31T17:43:28","date_gmt":"2014-10-31T17:43:28","guid":{"rendered":"http:\/\/www.partidogen.org.ar\/web\/?p=920"},"modified":"2014-11-05T23:30:51","modified_gmt":"2014-11-05T23:30:51","slug":"diplomatura-en-gestion-legislativa-icap-parlamento-y-democracia","status":"publish","type":"post","link":"https:\/\/www.partidogen.org.ar\/web\/diplomatura-en-gestion-legislativa-icap-parlamento-y-democracia\/","title":{"rendered":"DIPLOMATURA EN GESTI\u00d3N LEGISLATIVA ICAP: PARLAMENTO Y DEMOCRACIA"},"content":{"rendered":"<p><img loading=\"lazy\" decoding=\"async\" src=\"http:\/\/www.partidogen.org.ar\/web\/wp-content\/uploads\/2014\/10\/041.jpg\" alt=\"DIPLOMATURA EN GESTI\u00d3N LEGISLATIVA  ICAP:  PARLAMENTO Y DEMOCRACIA\" width=\"1232\" height=\"335\" class=\"alignnone size-full wp-image-921\" srcset=\"https:\/\/www.partidogen.org.ar\/web\/wp-content\/uploads\/2014\/10\/041.jpg 1232w, https:\/\/www.partidogen.org.ar\/web\/wp-content\/uploads\/2014\/10\/041-300x81.jpg 300w, https:\/\/www.partidogen.org.ar\/web\/wp-content\/uploads\/2014\/10\/041-1024x278.jpg 1024w, https:\/\/www.partidogen.org.ar\/web\/wp-content\/uploads\/2014\/10\/041-100x27.jpg 100w, https:\/\/www.partidogen.org.ar\/web\/wp-content\/uploads\/2014\/10\/041-150x40.jpg 150w, https:\/\/www.partidogen.org.ar\/web\/wp-content\/uploads\/2014\/10\/041-200x54.jpg 200w, https:\/\/www.partidogen.org.ar\/web\/wp-content\/uploads\/2014\/10\/041-450x122.jpg 450w, https:\/\/www.partidogen.org.ar\/web\/wp-content\/uploads\/2014\/10\/041-600x163.jpg 600w, https:\/\/www.partidogen.org.ar\/web\/wp-content\/uploads\/2014\/10\/041-900x244.jpg 900w\" sizes=\"auto, (max-width: 1232px) 100vw, 1232px\" \/><br \/>\n<img loading=\"lazy\" decoding=\"async\" src=\"http:\/\/www.partidogen.org.ar\/web\/wp-content\/uploads\/2014\/10\/marga-150x150.png\" alt=\"Margarita Stolbizer\" width=\"150\" height=\"150\" class=\"alignleft size-thumbnail wp-image-465\" srcset=\"https:\/\/www.partidogen.org.ar\/web\/wp-content\/uploads\/2014\/10\/marga-150x150.png 150w, https:\/\/www.partidogen.org.ar\/web\/wp-content\/uploads\/2014\/10\/marga-109x109.png 109w, https:\/\/www.partidogen.org.ar\/web\/wp-content\/uploads\/2014\/10\/marga-100x100.png 100w, https:\/\/www.partidogen.org.ar\/web\/wp-content\/uploads\/2014\/10\/marga-144x144.png 144w\" sizes=\"auto, (max-width: 150px) 100vw, 150px\" \/><br \/>\n<strong><span class=\"first\">E<\/span>n el marco de la Diplomatura en Gesti\u00f3n Legislativa que lleva adelante el ICAP, se realiz\u00f3 el jueves 30 de octubre un panel sobre Parlamento y Democracia en el auditorio del Anexo de la Honorable C\u00e1mara de Diputados. La l\u00edder del partido GEN, Margarita Stolbizer integr\u00f3 la mesa de expositores junto con el profesor Carlos Vilas, los diputados Carla Carrizo y Jorge Rivas. Maximiliano Rey, fue el moderador de la mesa.<\/strong><\/p>\n<p>Por turno, los expositores se refirieron a diversos aspectos de la tarea parlamentaria y la funci\u00f3n del poder legislativo.<\/p>\n<p>Stolbizer dijo que la democracia es siempre un poder limitado y se refiri\u00f3 a la distribuci\u00f3n del poder establecida constitucionalmente. La representaci\u00f3n de mayor\u00edas y minor\u00edas y la alternancia en el poder, son los pilares de la forma de gobierno que rige con sabios equilibrios en nuestro r\u00e9gimen republicano y con divisi\u00f3n de poderes. <\/p>\n<p>Sin embargo ya en la \u00e9poca del gobierno de Alfons\u00edn se intent\u00f3 atenuar el hiperpresidencialismo con una reforma constitucional. Luego Menem retoma la idea pero ya con el fin de la reelecci\u00f3n. Asi se logra incorporar la figura del Jefe de Gabinete, pensado como un fusible del gobierno en caso de crisis y para quitar algunas funciones al ejecutivo que  delegar\u00eda  en esa figura varias responsabilidades.<\/p>\n<p>Sin embargo, en lo concreto signific\u00f3 un vocero de presidencia o un asistente pero carece desde su origen, de poder propio. Asimismo la diputada del GEN, se\u00f1al\u00f3 que con los decretos y la delegaci\u00f3n legislativa desde la emergencia econ\u00f3mica se ha ido desnaturalizando el equilibrio de poderes y quitando al Congreso de sus funciones primordiales.<\/p>\n<p>Rivas habl\u00f3 del rol del Congreso. En cada dictadura, lo primero que se disolvi\u00f3 fue el parlamento. Su restablecimiento siempre estuvo ligado a la vuelta a la democracia. No obstante el Congreso tambi\u00e9n ha sido obst\u00e1culo de iniciativas progresistas del Poder ejecutivo. Es decir que en s\u00ed mismo no es garant\u00eda del funcionamiento de la democracia. Voto leyes que garantizaron impunidad de dictadores y tambi\u00e9n leyes que derogaron las de impunidad. <\/p>\n<p>Carla Carrizo se\u00f1al\u00f3 que la funci\u00f3n del congreso es legislar, controlar al poder ejecutivo e instalar agenda. Hoy no solo no legisla sino que tampoco controla. No es posible que un pedido de informes tenga el mismo proceso de tratamiento de una ley. Es la deuda, demostrar que la mayor\u00eda gobierna y la oposici\u00f3n controla.<\/p>\n<p>Vilas cerr\u00f3 el encuentro con una conclusi\u00f3n alrededor de las exposiciones de los panelistas. Dijo, Rivas desmitifica la labor parlamentaria como pilar de la democracia, se\u00f1alando que ha servido para avanzar y tambi\u00e9n para lo contrario. Carla Carrizo desmitifica tambi\u00e9n pero por razones diferentes, desde el punto de vista de la capacidad de controlar. Stolbizer habl\u00f3 de mayor\u00edas y minor\u00edas y de atenuar poder. Al Parecer el desaf\u00edo es alcanzar el punto de equilibrio en la relaci\u00f3n parlamento democracia <\/p>\n","protected":false},"excerpt":{"rendered":"<p>En el marco de la Diplomatura en Gesti\u00f3n Legislativa que lleva adelante el ICAP, se realiz\u00f3 el jueves 30 de octubre un panel sobre Parlamento y Democracia en el auditorio del Anexo de la Honorable C\u00e1mara de Diputados. La l\u00edder del partido GEN, Margarita Stolbizer integr\u00f3 la mesa de expositores junto con el profesor Carlos [&hellip;]<\/p>\n","protected":false},"author":2,"featured_media":921,"comment_status":"closed","ping_status":"closed","sticky":false,"template":"","format":"standard","meta":{"footnotes":""},"categories":[44,47],"tags":[],"class_list":["post-920","post","type-post","status-publish","format-standard","has-post-thumbnail","hentry","category-actualidad","category-margarita-stolbizer-diputados-nacionales"],"_links":{"self":[{"href":"https:\/\/www.partidogen.org.ar\/web\/wp-json\/wp\/v2\/posts\/920","targetHints":{"allow":["GET"]}}],"collection":[{"href":"https:\/\/www.partidogen.org.ar\/web\/wp-json\/wp\/v2\/posts"}],"about":[{"href":"https:\/\/www.partidogen.org.ar\/web\/wp-json\/wp\/v2\/types\/post"}],"author":[{"embeddable":true,"href":"https:\/\/www.partidogen.org.ar\/web\/wp-json\/wp\/v2\/users\/2"}],"replies":[{"embeddable":true,"href":"https:\/\/www.partidogen.org.ar\/web\/wp-json\/wp\/v2\/comments?post=920"}],"version-history":[{"count":0,"href":"https:\/\/www.partidogen.org.ar\/web\/wp-json\/wp\/v2\/posts\/920\/revisions"}],"wp:featuredmedia":[{"embeddable":true,"href":"https:\/\/www.partidogen.org.ar\/web\/wp-json\/wp\/v2\/media\/921"}],"wp:attachment":[{"href":"https:\/\/www.partidogen.org.ar\/web\/wp-json\/wp\/v2\/media?parent=920"}],"wp:term":[{"taxonomy":"category","embeddable":true,"href":"https:\/\/www.partidogen.org.ar\/web\/wp-json\/wp\/v2\/categories?post=920"},{"taxonomy":"post_tag","embeddable":true,"href":"https:\/\/www.partidogen.org.ar\/web\/wp-json\/wp\/v2\/tags?post=920"}],"curies":[{"name":"wp","href":"https:\/\/api.w.org\/{rel}","templated":true}]}}