{"id":8971,"date":"2018-08-29T17:30:17","date_gmt":"2018-08-29T20:30:17","guid":{"rendered":"https:\/\/www.partidogen.org.ar\/web\/?p=8971"},"modified":"2018-09-06T13:13:38","modified_gmt":"2018-09-06T16:13:38","slug":"el-partido-gen-adhiere-a-la-marcha-federal-universitaria-y-apoya-la-lucha-docente","status":"publish","type":"post","link":"https:\/\/www.partidogen.org.ar\/web\/el-partido-gen-adhiere-a-la-marcha-federal-universitaria-y-apoya-la-lucha-docente\/","title":{"rendered":"El Partido GEN adhiere a la Marcha Federal Universitaria y apoya la lucha docente."},"content":{"rendered":"<p><strong>\u00abEste gobierno no cree en el valor y la solvencia acad\u00e9mica y profesional de las universidades p\u00fablicas de la Argentina, y lo valiosas que son para el desarrollo de pol\u00edticas p\u00fablicas beneficiosas para toda la poblaci\u00f3n. Lo que para ellos es una definici\u00f3n ideol\u00f3gica que p\u00fablicamente hace foco en lo econ\u00f3mico, para nuestra Naci\u00f3n es un problema y una vulneraci\u00f3n a la democracia misma\u00bb <\/strong><br \/>\n<img loading=\"lazy\" decoding=\"async\" src=\"https:\/\/www.partidogen.org.ar\/web\/wp-content\/uploads\/2018\/08\/flyerUniversidadPublica30082018.jpg\" alt=\"\" width=\"1594\" height=\"896\" class=\"alignnone size-full wp-image-8972\" srcset=\"https:\/\/www.partidogen.org.ar\/web\/wp-content\/uploads\/2018\/08\/flyerUniversidadPublica30082018.jpg 1594w, https:\/\/www.partidogen.org.ar\/web\/wp-content\/uploads\/2018\/08\/flyerUniversidadPublica30082018-300x169.jpg 300w, https:\/\/www.partidogen.org.ar\/web\/wp-content\/uploads\/2018\/08\/flyerUniversidadPublica30082018-768x432.jpg 768w, https:\/\/www.partidogen.org.ar\/web\/wp-content\/uploads\/2018\/08\/flyerUniversidadPublica30082018-1024x576.jpg 1024w\" sizes=\"auto, (max-width: 1594px) 100vw, 1594px\" \/><br \/>\n29\/08\/2018.<br \/>\n<strong>\u00ab<span class=\"first\">N<\/span>uestro partido defiende y postula la educaci\u00f3n p\u00fablica gratuita y de calidad como un derecho constitucional un derecho que iguala a distintos sectores de la sociedad permiti\u00e9ndoles a todos y todas a trav\u00e9s del saber otros derechos\u00bb, expres\u00f3 la Presidenta del GEN, M\u00f3nica Peralta.<\/strong><\/p>\n<p>\u00abLos responsables de las carteras de Educaci\u00f3n y de Ciencia y Tecnolog\u00eda parecen ignorar que la educaci\u00f3n y la investigaci\u00f3n constituyen una necesidad nacional, una oportunidad para salir de la crisis sist\u00e9mica en la que se encuentra el pa\u00eds y construir un futuro de igualdad y prosperidad colectiva\u00bb.  <\/p>\n<p>\u00abExigimos al gobierno la pronta resoluci\u00f3n de las situaciones que han puesto en duda el futuro de nuestro sistema cient\u00edfico, nos referimos puntualmente a la situaci\u00f3n del CONICET y la baja remuneraci\u00f3n de los becarios, a la discontinuidad de proyectos comprometidos del INVAP, y por sobre todo al r\u00e9gimen de persecuci\u00f3n y destrucci\u00f3n impuestos por el gobierno en el INTI.<\/p>\n<p>\u00abLa solidaridad con el paro docente no es solamente revindicar los derechos de esas y esos trabajadores. La defensa de la educaci\u00f3n es la defensa de los ni\u00f1os, de los j\u00f3venes, del conocimiento y de la soberan\u00eda de un pa\u00eds. Este gobierno no cree en el valor y la solvencia acad\u00e9mica y profesional de las universidades p\u00fablicas de la Argentina, y lo valiosas que son para el desarrollo de pol\u00edticas p\u00fablicas beneficiosas para toda la poblaci\u00f3n. Lo que para ellos es una definici\u00f3n ideol\u00f3gica que p\u00fablicamente hace foco en lo econ\u00f3mico, para nuestra Naci\u00f3n es un problema y una vulneraci\u00f3n a la democracia misma. Que muchos gobiernos no tengan en cuenta el valor acad\u00e9mico de las universidades p\u00fablicas de la Argentina para el desarrollo de pol\u00edticas p\u00fablicas beneficiosas para toda la poblaci\u00f3n es un problema de los y las dirigentes pol\u00edticas de este pa\u00eds. Nosotros como partido creemos firmemente que la universidad y sus cuerpos docentes y no docentes son quienes forman hombres y mujeres para los nuevos contextos que el mundo nos plantea. Por eso m\u00e1s que nunca debemos apoyar la educaci\u00f3n p\u00fablica, porque queremos un pa\u00eds que se desarrolle y crezca territorialmente en toda su extensi\u00f3n resaltando las potencialidades de cada regi\u00f3n y para eso es necesario educar y contener las nuevas demandas de los j\u00f3venes y del futuro\u00bb.<\/p>\n<p>\u00abLas universidades forman profesionales que generan trabajo, ideas, cultura, ciencia. Por eso, decimos no al ajuste en la educaci\u00f3n.  No hubo, no hay y no habr\u00e1 otra manera de hacer que un pa\u00eds crezca y se proyecte sino es a trav\u00e9s de la educaci\u00f3n, y para que esa proyecci\u00f3n de pa\u00eds sea igualitaria por sobre todas las cosas, necesitamos que la educaci\u00f3n sea p\u00fablica y laica y de calidad\u00bb. <\/p>\n<p>\u00abPor todo ello convocamos a la ciudadan\u00eda y a nuestra militancia a solidarizarnos y acompa\u00f1ar a nuestros docentes y al conjunto de la comunidad Universitaria participando este 30 de agosto de la Marcha Federal Universitaria, organizada por CONADU y CONADUH, y de todas las actividades que se realicen en defensa de la Universidad p\u00fablica, gratuita, cogobernada y cr\u00edtica\u00bb, finaliz\u00f3 Peralta.<\/p>\n","protected":false},"excerpt":{"rendered":"<p>\u00abEste gobierno no cree en el valor y la solvencia acad\u00e9mica y profesional de las universidades p\u00fablicas de la Argentina, y lo valiosas que son para el desarrollo de pol\u00edticas p\u00fablicas beneficiosas para toda la poblaci\u00f3n. Lo que para ellos es una definici\u00f3n ideol\u00f3gica que p\u00fablicamente hace foco en lo econ\u00f3mico, para nuestra Naci\u00f3n es un problema y una vulneraci\u00f3n a la democracia misma\u00bb <\/p>\n","protected":false},"author":2,"featured_media":8972,"comment_status":"closed","ping_status":"closed","sticky":false,"template":"","format":"standard","meta":{"footnotes":""},"categories":[44,181],"tags":[],"class_list":["post-8971","post","type-post","status-publish","format-standard","has-post-thumbnail","hentry","category-actualidad","category-reforma-universitaria"],"_links":{"self":[{"href":"https:\/\/www.partidogen.org.ar\/web\/wp-json\/wp\/v2\/posts\/8971","targetHints":{"allow":["GET"]}}],"collection":[{"href":"https:\/\/www.partidogen.org.ar\/web\/wp-json\/wp\/v2\/posts"}],"about":[{"href":"https:\/\/www.partidogen.org.ar\/web\/wp-json\/wp\/v2\/types\/post"}],"author":[{"embeddable":true,"href":"https:\/\/www.partidogen.org.ar\/web\/wp-json\/wp\/v2\/users\/2"}],"replies":[{"embeddable":true,"href":"https:\/\/www.partidogen.org.ar\/web\/wp-json\/wp\/v2\/comments?post=8971"}],"version-history":[{"count":1,"href":"https:\/\/www.partidogen.org.ar\/web\/wp-json\/wp\/v2\/posts\/8971\/revisions"}],"predecessor-version":[{"id":8973,"href":"https:\/\/www.partidogen.org.ar\/web\/wp-json\/wp\/v2\/posts\/8971\/revisions\/8973"}],"wp:featuredmedia":[{"embeddable":true,"href":"https:\/\/www.partidogen.org.ar\/web\/wp-json\/wp\/v2\/media\/8972"}],"wp:attachment":[{"href":"https:\/\/www.partidogen.org.ar\/web\/wp-json\/wp\/v2\/media?parent=8971"}],"wp:term":[{"taxonomy":"category","embeddable":true,"href":"https:\/\/www.partidogen.org.ar\/web\/wp-json\/wp\/v2\/categories?post=8971"},{"taxonomy":"post_tag","embeddable":true,"href":"https:\/\/www.partidogen.org.ar\/web\/wp-json\/wp\/v2\/tags?post=8971"}],"curies":[{"name":"wp","href":"https:\/\/api.w.org\/{rel}","templated":true}]}}