{"id":8783,"date":"2018-07-03T19:24:22","date_gmt":"2018-07-03T22:24:22","guid":{"rendered":"https:\/\/www.partidogen.org.ar\/web\/?p=8783"},"modified":"2018-07-17T18:14:10","modified_gmt":"2018-07-17T21:14:10","slug":"declaracion-politica-mar-del-plata-29-08-2018","status":"publish","type":"post","link":"https:\/\/www.partidogen.org.ar\/web\/declaracion-politica-mar-del-plata-29-08-2018\/","title":{"rendered":"Declaraci\u00f3n Pol\u00edtica Mar del Plata 29\/08\/2018"},"content":{"rendered":"<p><span class=\"first\">L<\/span>a crisis econ\u00f3mica sigue sin resolverse y el gobierno encerrado en su soberbia insiste en ejecutar el ajuste, que reduce el consumo y acent\u00faa los efectos recesivos que afectan a los que menos tienen.  El enorme contraste entre la noticia de que doscientos cuarenta y siete mil millones de d\u00f3lares de argentinos en el exterior, sumado al d\u00e9ficit en divisas que busca ser financiado con mayor endeudamiento con el FMI y la ca\u00edda de las ventas del comercio minorista, como consecuencia de la p\u00e9rdida del poder adquisitivo de los salarios y jubilaciones, muestra la prevalencia de la especulaci\u00f3n financiera en detrimento de la econom\u00eda real.<\/p>\n<p>La presi\u00f3n impositiva representa un peso mayor para las Pymes que para las grandes empresas, situaci\u00f3n que se agrava cuando la AFIP en menos de un mes del atraso en el pago de impuestos embarga las cuentas de las Pymes y no permite la continuidad econ\u00f3mica de las mismas.<\/p>\n<p>La crisis exige al gobierno la urgente convocatoria a un di\u00e1logo pol\u00edtico, econ\u00f3mico, gremial y social amplio para acordar los ejes de un programa de reactivaci\u00f3n de la econom\u00eda y la justa asignaci\u00f3n de los esfuerzos y los beneficios con equidad, que permita reducir la acrecentada brecha de desigualdad, y al mismo tiempo la institucionalizaci\u00f3n de ese espacio intersectorial, sumando a las universidades y dem\u00e1s actores din\u00e1micos de la sociedad, para sentar las bases de un proceso de desarrollo productivo sostenible en lo social y ambiental, con visi\u00f3n estrat\u00e9gica para los pr\u00f3ximos 20 a\u00f1os, dise\u00f1ando pol\u00edticas previsibles y consistentes.<\/p>\n<p>As\u00ed como la crisis demanda di\u00e1logo inmediato, el futuro de Argentina requiere del encuentro de las distintas fuerzas progresistas, con aut\u00e9ntica vocaci\u00f3n de transformaci\u00f3n y compromiso con la transparencia en la administraci\u00f3n del Estado. Por ello desde el GEN pondremos nuestras mayores energ\u00edas en la articulaci\u00f3n pol\u00edtica y social que nos permita alumbrar una alternativa para superar la trampa que pretende que optemos entre la corrupci\u00f3n depredadora del pasado y el ajuste insensible del presente y podamos avanzar con una propuesta  que conjugue el desarrollo econ\u00f3mico con la igualdad, a partir de la justa distribuci\u00f3n del ingreso, en la construcci\u00f3n de una sociedad m\u00e1s justa, plural  e integrada.<\/p>\n<p><strong>PARTIDO GEN<\/strong><\/p>\n<p>Mar del Plata, 29 de Junio de 2018.<\/p>\n","protected":false},"excerpt":{"rendered":"<p>La crisis econ\u00f3mica sigue sin resolverse y el gobierno encerrado en su soberbia insiste en ejecutar el ajuste, que reduce el consumo y acent\u00faa los efectos recesivos que afectan a los que menos tienen.  <\/p>\n","protected":false},"author":1,"featured_media":7891,"comment_status":"closed","ping_status":"closed","sticky":false,"template":"","format":"standard","meta":{"footnotes":""},"categories":[183,44],"tags":[],"class_list":["post-8783","post","type-post","status-publish","format-standard","has-post-thumbnail","hentry","category-actividades-2018","category-actualidad"],"_links":{"self":[{"href":"https:\/\/www.partidogen.org.ar\/web\/wp-json\/wp\/v2\/posts\/8783","targetHints":{"allow":["GET"]}}],"collection":[{"href":"https:\/\/www.partidogen.org.ar\/web\/wp-json\/wp\/v2\/posts"}],"about":[{"href":"https:\/\/www.partidogen.org.ar\/web\/wp-json\/wp\/v2\/types\/post"}],"author":[{"embeddable":true,"href":"https:\/\/www.partidogen.org.ar\/web\/wp-json\/wp\/v2\/users\/1"}],"replies":[{"embeddable":true,"href":"https:\/\/www.partidogen.org.ar\/web\/wp-json\/wp\/v2\/comments?post=8783"}],"version-history":[{"count":2,"href":"https:\/\/www.partidogen.org.ar\/web\/wp-json\/wp\/v2\/posts\/8783\/revisions"}],"predecessor-version":[{"id":8785,"href":"https:\/\/www.partidogen.org.ar\/web\/wp-json\/wp\/v2\/posts\/8783\/revisions\/8785"}],"wp:featuredmedia":[{"embeddable":true,"href":"https:\/\/www.partidogen.org.ar\/web\/wp-json\/wp\/v2\/media\/7891"}],"wp:attachment":[{"href":"https:\/\/www.partidogen.org.ar\/web\/wp-json\/wp\/v2\/media?parent=8783"}],"wp:term":[{"taxonomy":"category","embeddable":true,"href":"https:\/\/www.partidogen.org.ar\/web\/wp-json\/wp\/v2\/categories?post=8783"},{"taxonomy":"post_tag","embeddable":true,"href":"https:\/\/www.partidogen.org.ar\/web\/wp-json\/wp\/v2\/tags?post=8783"}],"curies":[{"name":"wp","href":"https:\/\/api.w.org\/{rel}","templated":true}]}}