{"id":868,"date":"2014-10-27T11:00:36","date_gmt":"2014-10-27T11:00:36","guid":{"rendered":"http:\/\/www.partidogen.org.ar\/web\/?p=868"},"modified":"2014-10-31T17:22:45","modified_gmt":"2014-10-31T17:22:45","slug":"stolbizer-una-justicia-que-se-empieza-a-despertar","status":"publish","type":"post","link":"https:\/\/www.partidogen.org.ar\/web\/stolbizer-una-justicia-que-se-empieza-a-despertar\/","title":{"rendered":"STOLBIZER: UNA JUSTICIA QUE SE EMPIEZA A DESPERTAR"},"content":{"rendered":"<p><img loading=\"lazy\" decoding=\"async\" src=\"http:\/\/www.partidogen.org.ar\/web\/wp-content\/uploads\/2014\/10\/033.jpg\" alt=\"Margarita Stolbizer\" width=\"1232\" height=\"335\" class=\"alignnone size-full wp-image-869\" srcset=\"https:\/\/www.partidogen.org.ar\/web\/wp-content\/uploads\/2014\/10\/033.jpg 1232w, https:\/\/www.partidogen.org.ar\/web\/wp-content\/uploads\/2014\/10\/033-300x81.jpg 300w, https:\/\/www.partidogen.org.ar\/web\/wp-content\/uploads\/2014\/10\/033-1024x278.jpg 1024w, https:\/\/www.partidogen.org.ar\/web\/wp-content\/uploads\/2014\/10\/033-100x27.jpg 100w, https:\/\/www.partidogen.org.ar\/web\/wp-content\/uploads\/2014\/10\/033-150x40.jpg 150w, https:\/\/www.partidogen.org.ar\/web\/wp-content\/uploads\/2014\/10\/033-200x54.jpg 200w, https:\/\/www.partidogen.org.ar\/web\/wp-content\/uploads\/2014\/10\/033-450x122.jpg 450w, https:\/\/www.partidogen.org.ar\/web\/wp-content\/uploads\/2014\/10\/033-600x163.jpg 600w, https:\/\/www.partidogen.org.ar\/web\/wp-content\/uploads\/2014\/10\/033-900x244.jpg 900w\" sizes=\"auto, (max-width: 1232px) 100vw, 1232px\" \/><br \/>\n<a href=\"http:\/\/www.clarin.com\/politica\/Lazaro_Baez-Stolbizer_0_1237676242.html\" title=\"Nota de opini\u00f3n de Margarita publicada en Clarin 27\/10\/2014\" target=\"_blank\">Nota de opini\u00f3n de Margarita publicada en Clarin 27\/10\/2014<\/a><\/p>\n<p><strong><span class=\"first\">Y<\/span>a no cabe duda que el gobierno transitar\u00e1 su \u00faltimo a\u00f1o jaqueado por una justicia (nacional e internacional) que se empieza a despertar frente al saqueo perpetrado durante casi una docena de a\u00f1os. Ser\u00eda esperable adem\u00e1s una reacci\u00f3n social para saber que el \u201cnunca m\u00e1s de la corrupci\u00f3n\u201d constituye una decisi\u00f3n conjunta para investigar responsabilidades pol\u00edticas y empresariales, no repetici\u00f3n y recuperaci\u00f3n, al menos, de algo de lo que se han llevado.<\/strong><\/p>\n<p>Por eso es tan importante poner luz sobre la causa denominada \u201cruta del dinero\u201d vinculada con L\u00e1zaro B\u00e1ez y aquellos que favorecieron el enriquecimiento injustificable y exorbitante del empresario-amigo.<\/p>\n<p>Sobran elementos probatorios acerca de la ilicitud de esa monta\u00f1a de dinero que sacaron del pa\u00eds por distintas v\u00edas y sin controles. La ineficacia o complicidad de la Aduana y la AFIP en estos recorridos tal vez pueda explicar la ins\u00f3lita irrupci\u00f3n verborr\u00e1gica de su titular en los \u00faltimos d\u00edas. No hay otra explicaci\u00f3n que el trato preferencial para la adjudicaci\u00f3n de cantidades de obras -cuyo costo a esta altura es inconmensurable- pagadas con sobreprecios. Valga una digresi\u00f3n para no dejar pasar sin advertir sobre la centralidad decisoria del Ministerio de Planificaci\u00f3n.<\/p>\n<p>Tampoco escasean documentos y testimonios (hasta la confesi\u00f3n p\u00fablica de partes que millones vimos por TV). Con fundamentos, el juez titular de la causa 3017\/13 \u201cBAEZ LAZARO ANTONIO Y OTROS S\/ ENCUBRIMIENTO\u201d resolvi\u00f3 procesar a Leonardo Fari\u00f1a y Federico Elaskar, aunque resulte inexplicable que no se hayan encontrado razones suficientes frente a los otros imputados. M\u00e1s adelante han ido otras pesquisas realizadas fuera del pa\u00eds. Suiza, a trav\u00e9s de su Ministerio P\u00fablico y -mediante un dictamen t\u00e9cnico del Centro de Competencia Econom\u00eda y Finanzas-, convalid\u00f3 el informe de dos bancos sobre la existencia de fondos depositados por TeeganInc. como pertenecientes a la familia B\u00e1ez, y dispuso sobre ellos un bloqueo que se mantiene hasta hoy. Los fondos buitres, -con la avidez que los caracteriza tras la carro\u00f1a verde- encontraron cuentas de igual origen en el estado de Nevada, Estados Unidos. Hoy pueden extorsionar al gobierno porque la plata est\u00e1 y porque su origen es il\u00edcito. De lo contrario no podr\u00edan hacerlo.<\/p>\n<p>Hay muchas evidencias sobre la existencia del delito preexistente para habilitar (solo de esta forma) el avance en las investigaciones por lavado de dinero. Claro que si se cierran en la infranqueable y funcional justicia de Santa Cruz o se mantienen las atribuciones para disponer arbitraria y discrecionalmente de los recursos p\u00fablicos, o la lentitud de nuestra burocracia dilata los procedimientos, aquellos objetivos (terminar con la corrupci\u00f3n, juzgar responsabilidades, condenar responsables y recuperar activos) podr\u00eda volverse ilusoria.<\/p>\n<p>Nos dicen desde posiciones cada vez m\u00e1s demag\u00f3gicas y extendidas en todo el arco de pol\u00edtico que hacen falta normas con menos garant\u00edas para enfrentar la inseguridad. No se dan cuenta de que la \u00fanica forma es erradicar la corrupci\u00f3n, origen y causa de todos nuestros males, especialmente el de la violencia y la pobreza. El Congreso Nacional expropi\u00f3 Ciccone y estatiz\u00f3 la Universidad de las Madres de Plaza de Mayo, ambos casos para ocultar las huellas que all\u00ed hab\u00eda de los delitos cometidos. En este camino, -y bajo el amparo de las mayor\u00edas ganadas en el 2011 con muchos de los que van abandonando el barco ante el inminente naufragio-, en cualquier momento se proclama la soberan\u00eda de las rutas y pasamos Austral Construcciones a manos del Estado\/Gobierno\/Kirchner (\u00bfda lo mismo?).<\/p>\n<p>Pol\u00edticas p\u00fablicas frente al delito, justicia independiente y eficiente. Luchar contra la corrupci\u00f3n porque nos degrada como pueblo, subvierte los valores porque sobrepone los negocios individuales sobre el inter\u00e9s com\u00fan y obtura nuestras posibilidades de desarrollo con equidad. No es pura moralina; las p\u00e9rdidas se miden en vidas humanas, en calidad educativa, trabajo, salud y seguridad. Salir del pozo y encontrar la luz hacia el futuro debe ser la expresi\u00f3n de una voluntad colectiva, compartida y comprometida, y que nadie se haga el distra\u00eddo.<\/p>\n","protected":false},"excerpt":{"rendered":"<p>Nota de opini\u00f3n de Margarita publicada en Clarin 27\/10\/2014 Ya no cabe duda que el gobierno transitar\u00e1 su \u00faltimo a\u00f1o jaqueado por una justicia (nacional e internacional) que se empieza a despertar frente al saqueo perpetrado durante casi una docena de a\u00f1os. Ser\u00eda esperable adem\u00e1s una reacci\u00f3n social para saber que el \u201cnunca m\u00e1s de [&hellip;]<\/p>\n","protected":false},"author":2,"featured_media":869,"comment_status":"closed","ping_status":"closed","sticky":false,"template":"","format":"standard","meta":{"footnotes":""},"categories":[44,47],"tags":[],"class_list":["post-868","post","type-post","status-publish","format-standard","has-post-thumbnail","hentry","category-actualidad","category-margarita-stolbizer-diputados-nacionales"],"_links":{"self":[{"href":"https:\/\/www.partidogen.org.ar\/web\/wp-json\/wp\/v2\/posts\/868","targetHints":{"allow":["GET"]}}],"collection":[{"href":"https:\/\/www.partidogen.org.ar\/web\/wp-json\/wp\/v2\/posts"}],"about":[{"href":"https:\/\/www.partidogen.org.ar\/web\/wp-json\/wp\/v2\/types\/post"}],"author":[{"embeddable":true,"href":"https:\/\/www.partidogen.org.ar\/web\/wp-json\/wp\/v2\/users\/2"}],"replies":[{"embeddable":true,"href":"https:\/\/www.partidogen.org.ar\/web\/wp-json\/wp\/v2\/comments?post=868"}],"version-history":[{"count":0,"href":"https:\/\/www.partidogen.org.ar\/web\/wp-json\/wp\/v2\/posts\/868\/revisions"}],"wp:featuredmedia":[{"embeddable":true,"href":"https:\/\/www.partidogen.org.ar\/web\/wp-json\/wp\/v2\/media\/869"}],"wp:attachment":[{"href":"https:\/\/www.partidogen.org.ar\/web\/wp-json\/wp\/v2\/media?parent=868"}],"wp:term":[{"taxonomy":"category","embeddable":true,"href":"https:\/\/www.partidogen.org.ar\/web\/wp-json\/wp\/v2\/categories?post=868"},{"taxonomy":"post_tag","embeddable":true,"href":"https:\/\/www.partidogen.org.ar\/web\/wp-json\/wp\/v2\/tags?post=868"}],"curies":[{"name":"wp","href":"https:\/\/api.w.org\/{rel}","templated":true}]}}