{"id":8675,"date":"2018-06-20T13:00:23","date_gmt":"2018-06-20T16:00:23","guid":{"rendered":"https:\/\/www.partidogen.org.ar\/web\/?p=8675"},"modified":"2018-06-20T13:00:59","modified_gmt":"2018-06-20T16:00:59","slug":"compromiso-progresista-con-el-ambiente","status":"publish","type":"post","link":"https:\/\/www.partidogen.org.ar\/web\/compromiso-progresista-con-el-ambiente\/","title":{"rendered":"COMPROMISO PROGRESISTA CON EL AMBIENTE"},"content":{"rendered":"<p><strong>\u201cArt\u00edculo 41 de la Constituci\u00f3n Nacional. Todos los habitantes gozan del derecho a un ambiente sano, equilibrado, apto para el desarrollo humano y para que las actividades productivas satisfagan las necesidades presentes sin comprometer las de las generaciones futuras; y tienen el deber de preservarlo. El da\u00f1o ambiental generar\u00e1 prioritariamente la obligaci\u00f3n de recomponer, seg\u00fan lo establezca la ley. Las autoridades proveer\u00e1n a la protecci\u00f3n de este derecho, a la utilizaci\u00f3n racional de los recursos naturales, a la preservaci\u00f3n del patrimonio natural y cultural y de la diversidad biol\u00f3gica, y a la informaci\u00f3n y educaci\u00f3n ambientales. Corresponde a la naci\u00f3n dictar las normas que contengan los presupuestos m\u00ednimos de protecci\u00f3n y a las provincias, las necesarias para complementarlas, sin que aquellas alteren lasa jurisdicciones locales. Se proh\u00edbe el ingreso al territorio nacional de residuos actual o potencialmente peligrosos y de los radiactivos.\u201d<\/strong><\/p>\n<p><span class=\"first\">L<\/span>a pol\u00edtica ambiental a nivel nacional ser\u00e1 pensada como parte integral y transversal de un modelo de desarrollo sustentable alternativo. Esto permitir\u00e1 recuperar la idea del medio ambiente como derecho colectivo y revalorizar los recursos naturales entendidos como bienes comunes. <\/p>\n<p>El mayor desaf\u00edo ser\u00e1 generar un cambio de paradigma en la implementaci\u00f3n de las pol\u00edticas de desarrollo. Habr\u00e1 que re significar el valor ambiente para mejorar la calidad de vida de la sociedad y promover nuevas relaciones de producci\u00f3n y consumo. Y todo ello en el marco de un ambiente sano, equilibrado y apto para el desarrollo humano. <\/p>\n<p>Asimismo, la profundizaci\u00f3n de los conflictos socio-ambientales en torno a los recursos naturales exige apostar por una democracia m\u00e1s participativa y solidaria, fortalecer los \u00e1mbitos gubernamentales e institucionales y generar los consensos necesarios para la toma de decisiones colectivas en torno al modelo de desarrollo deseado, y al uso y acceso de los bienes naturales.<\/p>\n<p>Menos ambiente significa m\u00e1s pobreza y en este sentido, la equidad, la participaci\u00f3n y la sustentabilidad ser\u00e1n los ejes  nuestro programa dedicado a las propuestas ambientales.<\/p>\n<p>El ambiente no reconoce fronteras econ\u00f3micas, pol\u00edticas o jurisdiccionales. Por ello, debemos construir un modelo de desarrollo desde un enfoque eco sist\u00e9mico, con una mirada integral del territorio y considerando sus condiciones naturales, econ\u00f3micas, sociales y culturales espec\u00edficas.<\/p>\n<p>Durante los \u00faltimos doce a\u00f1os, el modelo productivo argentino se bas\u00f3 principalmente en la extracci\u00f3n de recursos naturales, aprovechando los altos precios internacionales y a costa de concesiones, exenciones o beneficios a perpetuidad. Basta con observar la fenomenal expansi\u00f3n de la frontera sojera, la megaminer\u00eda a cielo abierto y, recientemente, la \u201cfiebre\u201d por los hidrocarburos no convencionales para dar cuenta de que este modelo extractivo genera dependencia, socava nuestra soberan\u00eda, depreda nuestros recursos y bienes comunes, vulnerando derechos y generando pasivos ambientales que hipotecan la calidad de vida de las generaciones presentes y futuras.<\/p>\n<p>Actualmente, los hidrocarburos (petr\u00f3leo y gas natural) representan un 90% de nuestra matriz energ\u00e9tica. Hablamos de un modelo basado, casi exclusivamente, en combustibles f\u00f3siles -altamente contaminantes-, muy por encima de la media mundial.<\/p>\n<p>El actual esquema productivo tambi\u00e9n ha generado fuertes impactos en los principales centros urbanos del pa\u00eds a partir de  la expulsi\u00f3n de la poblaci\u00f3n rural hacia las ciudades. La falta de una pol\u00edtica de planificaci\u00f3n territorial y sustentable acentu\u00f3 las condiciones de urbanizaci\u00f3n precaria sin garantizar la infraestructura y los servicios b\u00e1sicos que mejoren la calidad de vida de las personas.<\/p>\n<p>No s\u00f3lo la matriz productiva o energ\u00e9tica, sino el modelo industrial e inmobiliario en general responden a esta l\u00f3gica carente de planificaci\u00f3n; la que ha permitido el crecimiento de un mercadoinmobiliario con fines estrictamente especulativosque no se enmarca en ning\u00fan criterio de ordenamiento territorial, urban\u00edstico, o pol\u00edtica habitacional ni socioambiental. <\/p>\n<p>Con los \u00faltimos acontecimientos a ra\u00edz de fen\u00f3menos clim\u00e1ticos, sobra destacar que nuestro pa\u00eds carece de un sistema de gesti\u00f3n integral de riesgo de desastres. El marco normativo est\u00e1 fragmentado, conformado por algunas leyes y decretos s\u00f3lo vinculados a la respuesta al desastre y no a su prevenci\u00f3n.<\/p>\n<p>El denominador com\u00fan es un Estado ausente en el dise\u00f1o, planificaci\u00f3n y concertaci\u00f3n de pol\u00edticas p\u00fablicas sustentables a mediano y largo plazo.<\/p>\n<p>Esta improvisaci\u00f3n, la falta evaluaci\u00f3n de impactos y riesgos de los proyectos e inversiones productivas e inmobiliarias que se instalan sin contar con la debida licencia social,as\u00ed como los d\u00e9biles (cuando no nulos) controles estatales, tienen consecuencias irreparables. <\/p>\n<p>Este injusto estado de situaci\u00f3n genera y profundiza conflictos socio-ambientales. Se requiere incorporar una perspectiva humana de la econom\u00eda que contemple las cuestiones ambientales, as\u00ed como en toda pol\u00edtica p\u00fablica, para que la garant\u00eda del estado frente a los derechos humanos no implique necesariamente la r\u00e9plica sobre la depredaci\u00f3n sino la prevenci\u00f3n y planificaci\u00f3n para evitarla. El principio de solidaridad intergeneracional debe ser el punto de equilibrio entre el crecimiento econ\u00f3mico y la protecci\u00f3n y sostenibilidad ambiental<\/p>\n<p><strong>Proponemos<\/strong><\/p>\n<p><strong>Establecer un plan de ordenamiento ambiental del territorio integral desde un enfoque ecosist\u00e9mico, con el objeto de, entre otras cosas:<\/strong><\/p>\n<p><strong>1.<\/strong> Dise\u00f1ar e implementar un modelo de desarrollo en base a la equidad y la integraci\u00f3n territorial,con el fin de reducir las brechas y desigualdades socio-espaciales, y bajo un v\u00ednculo relacional y funcional entre lo urbano y rural.<\/p>\n<p><strong>2.<\/strong> Proteger y recuperar la capacidad productiva de nuestros suelos, reduciendo la tendencia al monocultivo, promoviendo la diversificaci\u00f3n productiva para evitar la excesiva dependencia del estado o de los estados provinciales de las actividades extractivas, y alentando el desarrollo de las econom\u00edas regionales, atendiendo a la funci\u00f3n social de la propiedad.<\/p>\n<p><strong>3.<\/strong> Generar un plan de identificaci\u00f3n y protecci\u00f3n de \u00e1reas clave para la conservaci\u00f3n. Efectiva implementaci\u00f3n de las leyes de preservaci\u00f3n de bosques nativos, glaciares y ambiente periglacial. Crear los marcos regulatorios necesarios y consolidar la protecci\u00f3n de humedales y acu\u00edferos, confeccionando los inventarios necesarios. <\/p>\n<p><strong>4.<\/strong> Impulsar medidas de mitigaci\u00f3n y adaptaci\u00f3n a los impactos del cambio clim\u00e1tico.Evaluar zonas de riesgos y vulner abilidad socio-ambiental y desarrollar planes de prevenci\u00f3n.<\/p>\n<p><strong>5.<\/strong> Crear un sistema de gesti\u00f3n integral de riesgos de desastres y una red nacional con un fuerte car\u00e1cter participativo a nivel federal e intersectorial, junto a provincias y municipios, para reducir las vulnerabilidades y hacer frente a las diversas amenazas a las que est\u00e1n expuestas las comunidades. <\/p>\n<p><strong>6.<\/strong> Generar, en colaboraci\u00f3n y coordinaci\u00f3n con las provincias y los municipios, un sistema integrado de redes de gesti\u00f3n y recolecci\u00f3n de residuos s\u00f3lidos urbanos, brindando apoyo t\u00e9cnico y financiero. <\/p>\n<p><strong>7.<\/strong> Garantizar de manera universal el derecho de acceso al agua potable, mejorando el servicio en calidad y regular el uso de acuerdo a las necesidades de consumo de las personas y de las unidades productivas. Gravar y sancionar los abusos y la contaminaci\u00f3n por desechos dom\u00e9sticos, industriales y como resultado de la explotaci\u00f3n de los recursos naturales. Implementar la cobertura universal de la infraestructura b\u00e1sica de servicios en todos los hogares.<\/p>\n<p><strong>8.<\/strong> Diversificar la matriz energ\u00e9tica, mediante la incorporaci\u00f3n de energ\u00edas \u201climpias\u201d alternativas y renovables, fijando metas de reconversi\u00f3n progresiva de las fuentes energ\u00e9ticas. Promover inversiones sostenibles que minimicen la reducci\u00f3n de las fuentes no renovables y contaminantes de energ\u00eda y muestren los beneficios del largo plazo.<\/p>\n<p>Garantizar el pleno cumplimiento de las instancias de participaci\u00f3n y consulta ciudadana, ampliando los mecanismos de participaci\u00f3n multisectorial, multidisciplinaria y multinivel en los procesos de toma de decisi\u00f3n para que toda actividad antr\u00f3pica con potencial impacto ambiental cuente con la debida licencia social.<\/p>\n<p>En particular y con el mayor de los \u00e9nfasis, garantizar el derecho de consulta y consentimiento libre, previo e informado de los pueblos y comunidades ind\u00edgenas, haciendo efectivos el mandato constitucional y los compromisos internacionales asumidos -como el Convenio 169 de la OIT-, promoviendo y practicando una verdadera cultura  de respeto de su relaci\u00f3n con la tierra. <\/p>\n<p><strong>Fortalecer el rol y las capacidades estatales en materia de control ambiental:<\/strong><\/p>\n<p>-Articular con las jurisdicciones locales la realizaci\u00f3n de evaluaciones de impacto ambiental y de impacto ambiental estrat\u00e9gico o acumulativo (de acuerdo a las particularidades del \u00e1rea de influencia).As\u00ed como monitoreos peri\u00f3dicos.<br \/>\n-Implementar un programa de acci\u00f3n permanente para asegurar la plena vigencia de los principios preventivo y precautorio, especialmente en proyectos de explotaci\u00f3n minera e hidrocarbur\u00edfera.<\/p>\n<p>-Prohibici\u00f3n de la megaminer\u00eda contaminanteque por su escala de producci\u00f3n provoque grandes alteraciones geol\u00f3gicas o hidrol\u00f3gicas (alto consumo de vol\u00famenes de agua, movimiento de grandes vol\u00famenes de suelo), o utilice sustancias t\u00f3xicas como el cianuro, cianuro de sodio, \u00e1cido sulf\u00farico y toda otra sustancia considerada peligrosa. Reconversi\u00f3n de los proyectos en marcha, sujetos a una nueva evaluaci\u00f3n de impacto ambiental, garantiz\u00e1ndose la instancia de participaci\u00f3n ciudadana.<\/p>\n<p>-Prohibici\u00f3n del uso de la t\u00e9cnica de la fractura hidr\u00e1ulica. Suspensi\u00f3n de proyectos en ejecuci\u00f3n. Realizaci\u00f3n de inventarios y auditor\u00edas ambientales en zonas de afectaci\u00f3n. <\/p>\n<p>-Regulaci\u00f3n y fiscalizaci\u00f3n del uso de agroqu\u00edmicos y sustancias t\u00f3xicas en general para toda actividad productiva en funci\u00f3n de las mejores pr\u00e1cticas y est\u00e1ndares internacionales. <\/p>\n<p>Implementar herramientas de transparencia y acceso a la informaci\u00f3n ambiental, para mejorar la capacidad de an\u00e1lisis y planificaci\u00f3n de pol\u00edticas p\u00fablicas, as\u00ed como el control ambiental.<\/p>\n<p>Desarrollar una pol\u00edtica de educaci\u00f3n ambiental que impulse la valoraci\u00f3n de los bienes comunes y conductas sustentables con el ambiente; promueva nuevas relaciones de producci\u00f3n y consumo; y genere estrategias de comunicaci\u00f3n sobre la tem\u00e1tica ambiental, con el objetivo de fortalecer una ciudadan\u00eda informada, consciente y cr\u00edtica de las problem\u00e1ticas ambientales.<\/p>\n<p><a href=\"https:\/\/www.margaritastolbizer.com.ar\/wp-content\/uploads\/2015\/10\/CompromisoAmbienteFirmado.pdf\" target=\"_blank\">Compromiso firmado<\/a><\/p>\n","protected":false},"excerpt":{"rendered":"<p>La pol\u00edtica ambiental a nivel nacional ser\u00e1 pensada como parte integral y transversal de un modelo de desarrollo sustentable alternativo.<\/p>\n","protected":false},"author":1,"featured_media":8674,"comment_status":"closed","ping_status":"closed","sticky":false,"template":"","format":"standard","meta":{"footnotes":""},"categories":[180],"tags":[],"class_list":["post-8675","post","type-post","status-publish","format-standard","has-post-thumbnail","hentry","category-compromisos-progresistas"],"_links":{"self":[{"href":"https:\/\/www.partidogen.org.ar\/web\/wp-json\/wp\/v2\/posts\/8675","targetHints":{"allow":["GET"]}}],"collection":[{"href":"https:\/\/www.partidogen.org.ar\/web\/wp-json\/wp\/v2\/posts"}],"about":[{"href":"https:\/\/www.partidogen.org.ar\/web\/wp-json\/wp\/v2\/types\/post"}],"author":[{"embeddable":true,"href":"https:\/\/www.partidogen.org.ar\/web\/wp-json\/wp\/v2\/users\/1"}],"replies":[{"embeddable":true,"href":"https:\/\/www.partidogen.org.ar\/web\/wp-json\/wp\/v2\/comments?post=8675"}],"version-history":[{"count":2,"href":"https:\/\/www.partidogen.org.ar\/web\/wp-json\/wp\/v2\/posts\/8675\/revisions"}],"predecessor-version":[{"id":8677,"href":"https:\/\/www.partidogen.org.ar\/web\/wp-json\/wp\/v2\/posts\/8675\/revisions\/8677"}],"wp:featuredmedia":[{"embeddable":true,"href":"https:\/\/www.partidogen.org.ar\/web\/wp-json\/wp\/v2\/media\/8674"}],"wp:attachment":[{"href":"https:\/\/www.partidogen.org.ar\/web\/wp-json\/wp\/v2\/media?parent=8675"}],"wp:term":[{"taxonomy":"category","embeddable":true,"href":"https:\/\/www.partidogen.org.ar\/web\/wp-json\/wp\/v2\/categories?post=8675"},{"taxonomy":"post_tag","embeddable":true,"href":"https:\/\/www.partidogen.org.ar\/web\/wp-json\/wp\/v2\/tags?post=8675"}],"curies":[{"name":"wp","href":"https:\/\/api.w.org\/{rel}","templated":true}]}}