{"id":8613,"date":"2018-06-01T16:17:02","date_gmt":"2018-06-01T19:17:02","guid":{"rendered":"https:\/\/www.partidogen.org.ar\/web\/?p=8613"},"modified":"2018-06-18T11:34:25","modified_gmt":"2018-06-18T14:34:25","slug":"debemos-unirnos-a-esta-convocatoria-en-cada-ciudad-de-nuestro-pais-si-unimos-nuestras-demandas-nuestra-fuerza-es-imparable","status":"publish","type":"post","link":"https:\/\/www.partidogen.org.ar\/web\/debemos-unirnos-a-esta-convocatoria-en-cada-ciudad-de-nuestro-pais-si-unimos-nuestras-demandas-nuestra-fuerza-es-imparable\/","title":{"rendered":"#NiUnaMenos: \u00abDebemos unirnos a esta convocatoria en cada ciudad de nuestro pa\u00eds, si unimos nuestras demandas, nuestra fuerza es imparable\u00bb"},"content":{"rendered":"<p>01\/06\/2018.<br \/>\n<strong><span class=\"first\">A<\/span> tres a\u00f1os de la primera marcha por Ni Una Menos, la convocatoria que desde 2015 viene llenando las plazas de todo el pa\u00eds reclamando el fin de la violencia machista, este a\u00f1o adquiere una nueva dimensi\u00f3n a partir de la discusi\u00f3n para despenalizar el aborto que se est\u00e1 dando en el Congreso de la Naci\u00f3n.<\/strong><\/p>\n<p><img loading=\"lazy\" decoding=\"async\" src=\"https:\/\/www.partidogen.org.ar\/web\/wp-content\/uploads\/2018\/06\/974.jpg\" alt=\"\" width=\"700\" height=\"393\" class=\"alignnone size-full wp-image-8622\" srcset=\"https:\/\/www.partidogen.org.ar\/web\/wp-content\/uploads\/2018\/06\/974.jpg 700w, https:\/\/www.partidogen.org.ar\/web\/wp-content\/uploads\/2018\/06\/974-300x168.jpg 300w\" sizes=\"auto, (max-width: 700px) 100vw, 700px\" \/><\/p>\n<p><strong>La Presidenta del Partido GEN, M\u00f3nica Peralta expres\u00f3 \u00abDebemos unirnos a esta convocatoria en cada ciudad de nuestro pa\u00eds, si unimos nuestras demandas, nuestra fuerza es imparable.<\/strong> Cada vez somos m\u00e1s las y los que entendemos las luchas del feminismo como la casa que queremos habitar revel\u00e1ndonos contra la falta  de derechos y oportunidades, las violencias tanto en el \u00e1mbito privado como p\u00fablico, nuestro camino es hacia la equidad de g\u00e9nero y hacia una sociedad sin violencias. Todos los 3 de junio, desde hace unos a\u00f1os, nos convocamos para poder visibilizar todas las formas de violencia hacia la mujer, sobre todo una de las expresiones machistas m\u00e1s extremas que son los femicidios. Visibilizarlos, denunciarlos y obviamente reclamar acciones concretas para terminar con ellos\u201d.<\/p>\n<p>En el Congreso Nacional se est\u00e1 discutiendo la ley para despenalizar el aborto \u201ccreemos que hoy estamos frente a una oportunidad \u00fanica con respecto a su legalizaci\u00f3n, independientemente de las posturas, es un debate imprescindible y no podemos mirar para otro lado. Es una locura pensar que una mujer que practica un aborto deba terminar presa\u00bb. Para ello, Peralta destac\u00f3 la importancia de la educaci\u00f3n sexual y de educar en en equidad de g\u00e9nero.<\/p>\n<p>\u00abLas mujeres y los hombres debemos por comenzar a corregir los desv\u00edos originados en una historia de opresi\u00f3n y desigualdad. #NiUnaMenos fue y es el puntapi\u00e9 para lograrlo, por ser el movimiento de mujeres m\u00e1s importante del siglo a nivel mundial\u00bb, finaliz\u00f3 la Presidenta del Partido GEN.<\/p>\n","protected":false},"excerpt":{"rendered":"<p>A tres a\u00f1os de la primera marcha por Ni Una Menos, la convocatoria que desde 2015 viene llenando las plazas de todo el pa\u00eds reclamando el fin de la violencia machista, este a\u00f1o adquiere una nueva dimensi\u00f3n a partir de la discusi\u00f3n para despenalizar el aborto que se est\u00e1 dando en el Congreso de la Naci\u00f3n.<\/p>\n","protected":false},"author":2,"featured_media":8622,"comment_status":"closed","ping_status":"closed","sticky":false,"template":"","format":"standard","meta":{"footnotes":""},"categories":[44,148],"tags":[],"class_list":["post-8613","post","type-post","status-publish","format-standard","has-post-thumbnail","hentry","category-actualidad","category-monica-peralta"],"_links":{"self":[{"href":"https:\/\/www.partidogen.org.ar\/web\/wp-json\/wp\/v2\/posts\/8613","targetHints":{"allow":["GET"]}}],"collection":[{"href":"https:\/\/www.partidogen.org.ar\/web\/wp-json\/wp\/v2\/posts"}],"about":[{"href":"https:\/\/www.partidogen.org.ar\/web\/wp-json\/wp\/v2\/types\/post"}],"author":[{"embeddable":true,"href":"https:\/\/www.partidogen.org.ar\/web\/wp-json\/wp\/v2\/users\/2"}],"replies":[{"embeddable":true,"href":"https:\/\/www.partidogen.org.ar\/web\/wp-json\/wp\/v2\/comments?post=8613"}],"version-history":[{"count":6,"href":"https:\/\/www.partidogen.org.ar\/web\/wp-json\/wp\/v2\/posts\/8613\/revisions"}],"predecessor-version":[{"id":8623,"href":"https:\/\/www.partidogen.org.ar\/web\/wp-json\/wp\/v2\/posts\/8613\/revisions\/8623"}],"wp:featuredmedia":[{"embeddable":true,"href":"https:\/\/www.partidogen.org.ar\/web\/wp-json\/wp\/v2\/media\/8622"}],"wp:attachment":[{"href":"https:\/\/www.partidogen.org.ar\/web\/wp-json\/wp\/v2\/media?parent=8613"}],"wp:term":[{"taxonomy":"category","embeddable":true,"href":"https:\/\/www.partidogen.org.ar\/web\/wp-json\/wp\/v2\/categories?post=8613"},{"taxonomy":"post_tag","embeddable":true,"href":"https:\/\/www.partidogen.org.ar\/web\/wp-json\/wp\/v2\/tags?post=8613"}],"curies":[{"name":"wp","href":"https:\/\/api.w.org\/{rel}","templated":true}]}}