{"id":8550,"date":"2018-05-23T21:39:06","date_gmt":"2018-05-24T00:39:06","guid":{"rendered":"https:\/\/www.partidogen.org.ar\/web\/?p=8550"},"modified":"2018-05-31T14:15:37","modified_gmt":"2018-05-31T17:15:37","slug":"monica-peralta-y-antonio-bonfatti-se-reunieron-para-seguir-construyendo-las-bases-de-un-espacio-progresista","status":"publish","type":"post","link":"https:\/\/www.partidogen.org.ar\/web\/monica-peralta-y-antonio-bonfatti-se-reunieron-para-seguir-construyendo-las-bases-de-un-espacio-progresista\/","title":{"rendered":"M\u00f3nica Peralta y Antonio Bonfatti se reunieron para seguir construyendo las bases de un espacio Progresista"},"content":{"rendered":"<p><img loading=\"lazy\" decoding=\"async\" src=\"https:\/\/www.partidogen.org.ar\/web\/wp-content\/uploads\/2018\/05\/MonicaPeraltaAntonioBonfatti.jpeg\" alt=\"\" width=\"886\" height=\"720\" class=\"alignright size-full wp-image-8558\" srcset=\"https:\/\/www.partidogen.org.ar\/web\/wp-content\/uploads\/2018\/05\/MonicaPeraltaAntonioBonfatti.jpeg 886w, https:\/\/www.partidogen.org.ar\/web\/wp-content\/uploads\/2018\/05\/MonicaPeraltaAntonioBonfatti-300x244.jpeg 300w, https:\/\/www.partidogen.org.ar\/web\/wp-content\/uploads\/2018\/05\/MonicaPeraltaAntonioBonfatti-768x624.jpeg 768w\" sizes=\"auto, (max-width: 886px) 100vw, 886px\" \/><br \/>\n<strong><span class=\"first\">L<\/span>a Presidenta del Partido GEN, a nivel nacional, M\u00f3nica Peralta y el Presidente del Partido Socialista, Antonio Bonfatti, se reunieron hoy en la Ciudad de Rosario para seguir construyendo las bases de un espacio progresista en todo el pa\u00eds.<\/strong><\/p>\n<p>En el encuentro, ambos analizaron la realidad pol\u00edtica y social que vive la Argentina, ante los altos \u00edndices de pobreza e indigencia que se mantienen al nivel del anterior Gobierno Nacional.<\/p>\n<p>A su vez, se mostraron preocupados por el rumbo econ\u00f3mico actual, marcado por el regreso del FMI al pa\u00eds, la fuerte devaluaci\u00f3n de la moneda y su impacto en el poder adquisitivo de los argentinos y argentinas, los aumentos de servicios, todo lo cual redunda en la creciente inflaci\u00f3n.<\/p>\n<p>Coincidieron en que lamentablemente en nuestro pa\u00eds, nos encontramos discutiendo nuevamente f\u00f3rmulas del pasado, en lugar de trabajar juntos, los partidos pol\u00edticos, las organizaciones de los trabajadores, de los empresarios, los productores, las universidades y las organizaciones sociales en una agenda que aborde los problemas emergentes propios de la econom\u00eda global, como las nuevas formas de producir y la necesidad de generar empleos sustentables, nuevas formas de participaci\u00f3n ciudadana, instituciones m\u00e1s transparentes y cercanas y sobre todo como dar m\u00e1s espacio a los j\u00f3venes.<\/p>\n<p>En este sentido, ratificaron la necesidad de generar una alternativa progresista y de centro izquierda en Argentina, tomando el ejemplo de Santa Fe, donde se gobierna desde el di\u00e1logo, con respeto por las instituciones y sin casos de corrupci\u00f3n, buscando que las pol\u00edticas p\u00fablicas garanticen derechos e inclusi\u00f3n social y apoyen el crecimiento de la econom\u00eda real, la que beneficia a a la clase media, a los trabajadores y a quienes menos tienen.<\/p>\n","protected":false},"excerpt":{"rendered":"<p>La Presidenta del Partido GEN, a nivel nacional, M\u00f3nica Peralta y el Presidente del Partido Socialista, Antonio Bonfatti, se reunieron hoy en la Ciudad de Rosario para seguir construyendo las bases de un espacio progresista en todo el pa\u00eds.<\/p>\n","protected":false},"author":2,"featured_media":8558,"comment_status":"closed","ping_status":"closed","sticky":false,"template":"","format":"standard","meta":{"footnotes":""},"categories":[44,148,108,77],"tags":[],"class_list":["post-8550","post","type-post","status-publish","format-standard","has-post-thumbnail","hentry","category-actualidad","category-monica-peralta","category-progresistas","category-santa-fe"],"_links":{"self":[{"href":"https:\/\/www.partidogen.org.ar\/web\/wp-json\/wp\/v2\/posts\/8550","targetHints":{"allow":["GET"]}}],"collection":[{"href":"https:\/\/www.partidogen.org.ar\/web\/wp-json\/wp\/v2\/posts"}],"about":[{"href":"https:\/\/www.partidogen.org.ar\/web\/wp-json\/wp\/v2\/types\/post"}],"author":[{"embeddable":true,"href":"https:\/\/www.partidogen.org.ar\/web\/wp-json\/wp\/v2\/users\/2"}],"replies":[{"embeddable":true,"href":"https:\/\/www.partidogen.org.ar\/web\/wp-json\/wp\/v2\/comments?post=8550"}],"version-history":[{"count":1,"href":"https:\/\/www.partidogen.org.ar\/web\/wp-json\/wp\/v2\/posts\/8550\/revisions"}],"predecessor-version":[{"id":8560,"href":"https:\/\/www.partidogen.org.ar\/web\/wp-json\/wp\/v2\/posts\/8550\/revisions\/8560"}],"wp:featuredmedia":[{"embeddable":true,"href":"https:\/\/www.partidogen.org.ar\/web\/wp-json\/wp\/v2\/media\/8558"}],"wp:attachment":[{"href":"https:\/\/www.partidogen.org.ar\/web\/wp-json\/wp\/v2\/media?parent=8550"}],"wp:term":[{"taxonomy":"category","embeddable":true,"href":"https:\/\/www.partidogen.org.ar\/web\/wp-json\/wp\/v2\/categories?post=8550"},{"taxonomy":"post_tag","embeddable":true,"href":"https:\/\/www.partidogen.org.ar\/web\/wp-json\/wp\/v2\/tags?post=8550"}],"curies":[{"name":"wp","href":"https:\/\/api.w.org\/{rel}","templated":true}]}}