{"id":8499,"date":"2018-05-04T14:28:03","date_gmt":"2018-05-04T17:28:03","guid":{"rendered":"https:\/\/www.partidogen.org.ar\/web\/?p=7929"},"modified":"2018-05-04T14:28:03","modified_gmt":"2018-05-04T17:28:03","slug":"machado-disertara-en-la-apertura-de-la-diplomatura-en-fortalecimiento-institucional-de-partidos-politicos","status":"publish","type":"post","link":"https:\/\/www.partidogen.org.ar\/web\/machado-disertara-en-la-apertura-de-la-diplomatura-en-fortalecimiento-institucional-de-partidos-politicos\/","title":{"rendered":"Machado disertar\u00e1 en la apertura de la Diplomatura en Fortalecimiento Institucional de Partidos Pol\u00edticos"},"content":{"rendered":"<p><img loading=\"lazy\" decoding=\"async\" src=\"https:\/\/www.partidogen.org.ar\/web\/wp-content\/uploads\/2018\/05\/960.jpg\" alt=\"\" width=\"526\" height=\"370\" class=\"alignright size-full wp-image-7930\" \/><br \/>\nC\u00f3rdoba 04\/05\/2018.<br \/>\n<strong><span class=\"first\">E<\/span>l presidente del Partido GEN C\u00f3rdoba disertar\u00e1 sobre el uso de la tecnolog\u00eda en la pol\u00edtica y sus implicancias \u00e9ticas. Lo har\u00e1 junto a referentes de otras fuerzas pol\u00edticas locales.<\/strong><\/p>\n<p>El 8 de mayo inicia la Diplomatura en Fortalecimiento Institucional de Partidos Pol\u00edticos, un trayecto organizado conjuntamente por el Instituto Federal de Gobierno (dependiente de la Universidad Cat\u00f3lica de C\u00f3rdoba) y distintos Partidos Pol\u00edticos locales. La Diplomatura tendr\u00e1 una duraci\u00f3n de 23 encuentros y se desarrollar\u00e1 hasta diciembre de este a\u00f1o, abordando ejes tem\u00e1ticos como gesti\u00f3n de gobiernos locales, gesti\u00f3n de partidos pol\u00edticos, econom\u00eda pol\u00edtica y comunicaci\u00f3n pol\u00edtica. <a href=\"https:\/\/gencordoba.org\/2018\/04\/11\/el-gen-en-la-diplomatura-en-fortalecimiento-institucional-de-partidos-politicos\/\" target=\"_blank\">(+ info)<\/a><\/p>\n<p>En la actividad de lanzamiento, el Presidente de la Mesa Provincial del Partido GEN, Fernando Machado, hablar\u00e1 sobre Tecnolog\u00eda, \u00e9tica y pol\u00edtica, junta otros referentes pol\u00edticos locales como Rodrigo De Loredo (UCR), Gregorio Hern\u00e1ndez Maqueda (Coalici\u00f3n C\u00edvica), Guadalupe Beltr\u00e1n (Partido Primero la Gente) y Juan Pablo Quinteros (Frente C\u00edvico).<\/p>\n<p>La actividad ser\u00e1 el martes 8 de mayo a las 17:30, en el auditorio de la Universidad Cat\u00f3lica de C\u00f3rdoba, sede Centro (Calle Obispo Trejo 323). La entrada es libre y gratuita pero requiere inscripci\u00f3n, la cual puede realizarse en el siguiente link: <a href=\"https:\/\/goo.gl\/nyN4ph\" target=_blank>https:\/\/goo.gl\/nyN4ph<\/a><\/p>\n<p><a href=\"https:\/\/gencordoba.org\/\" target=\"_blank\">Fuente Partido GEN C\u00f3rdoba<\/a><\/p>\n","protected":false},"excerpt":{"rendered":"<p>El presidente del Partido GEN C\u00f3rdoba disertar\u00e1 sobre el uso de la tecnolog\u00eda en la pol\u00edtica y sus implicancias \u00e9ticas. Lo har\u00e1 junto a referentes de otras fuerzas pol\u00edticas locales.<\/p>\n","protected":false},"author":2,"featured_media":8500,"comment_status":"closed","ping_status":"closed","sticky":false,"template":"","format":"standard","meta":{"footnotes":""},"categories":[44,80,143],"tags":[],"class_list":["post-8499","post","type-post","status-publish","format-standard","has-post-thumbnail","hentry","category-actualidad","category-cordoba","category-fernando-machado"],"_links":{"self":[{"href":"https:\/\/www.partidogen.org.ar\/web\/wp-json\/wp\/v2\/posts\/8499","targetHints":{"allow":["GET"]}}],"collection":[{"href":"https:\/\/www.partidogen.org.ar\/web\/wp-json\/wp\/v2\/posts"}],"about":[{"href":"https:\/\/www.partidogen.org.ar\/web\/wp-json\/wp\/v2\/types\/post"}],"author":[{"embeddable":true,"href":"https:\/\/www.partidogen.org.ar\/web\/wp-json\/wp\/v2\/users\/2"}],"replies":[{"embeddable":true,"href":"https:\/\/www.partidogen.org.ar\/web\/wp-json\/wp\/v2\/comments?post=8499"}],"version-history":[{"count":0,"href":"https:\/\/www.partidogen.org.ar\/web\/wp-json\/wp\/v2\/posts\/8499\/revisions"}],"wp:featuredmedia":[{"embeddable":true,"href":"https:\/\/www.partidogen.org.ar\/web\/wp-json\/wp\/v2\/media\/8500"}],"wp:attachment":[{"href":"https:\/\/www.partidogen.org.ar\/web\/wp-json\/wp\/v2\/media?parent=8499"}],"wp:term":[{"taxonomy":"category","embeddable":true,"href":"https:\/\/www.partidogen.org.ar\/web\/wp-json\/wp\/v2\/categories?post=8499"},{"taxonomy":"post_tag","embeddable":true,"href":"https:\/\/www.partidogen.org.ar\/web\/wp-json\/wp\/v2\/tags?post=8499"}],"curies":[{"name":"wp","href":"https:\/\/api.w.org\/{rel}","templated":true}]}}