{"id":8478,"date":"2018-05-18T00:44:43","date_gmt":"2018-05-18T03:44:43","guid":{"rendered":"https:\/\/www.partidogen.org.ar\/web\/?p=7971"},"modified":"2018-05-29T16:49:57","modified_gmt":"2018-05-29T19:49:57","slug":"carta-al-presidente","status":"publish","type":"post","link":"https:\/\/www.partidogen.org.ar\/web\/carta-al-presidente\/","title":{"rendered":"Carta al Presidente"},"content":{"rendered":"<p><img loading=\"lazy\" decoding=\"async\" src=\"https:\/\/www.partidogen.org.ar\/web\/wp-content\/uploads\/2017\/02\/363-300x211.jpg\" alt=\"\" width=\"300\" height=\"211\" class=\"alignright size-medium wp-image-5608\" srcset=\"https:\/\/www.partidogen.org.ar\/web\/wp-content\/uploads\/2017\/02\/363-300x211.jpg 300w, https:\/\/www.partidogen.org.ar\/web\/wp-content\/uploads\/2017\/02\/363-324x228.jpg 324w, https:\/\/www.partidogen.org.ar\/web\/wp-content\/uploads\/2017\/02\/363-100x70.jpg 100w, https:\/\/www.partidogen.org.ar\/web\/wp-content\/uploads\/2017\/02\/363-150x106.jpg 150w, https:\/\/www.partidogen.org.ar\/web\/wp-content\/uploads\/2017\/02\/363-200x141.jpg 200w, https:\/\/www.partidogen.org.ar\/web\/wp-content\/uploads\/2017\/02\/363-450x317.jpg 450w, https:\/\/www.partidogen.org.ar\/web\/wp-content\/uploads\/2017\/02\/363.jpg 526w\" sizes=\"auto, (max-width: 300px) 100vw, 300px\" \/><br \/>\nBuenos Aires, 18\/05\/2018.<br \/>\n<strong><span class=\"first\">M<\/span>argarita Stolbizer envi\u00f3 una carta al Presidente de la Naci\u00f3n con una propuesta para aplanar las facturas de servicios p\u00fablicos, especialmente gas y electricidad \u00abcon estricta voluntad de cooperaci\u00f3n para formular una propuesta que pueda ser considerada\u00bb.<\/strong><\/p>\n<p><strong>Al Sr. Presidente de la Naci\u00f3n<br \/>\nIng. Mauricio Macri<\/strong><\/p>\n<p>De mi mayor consideraci\u00f3n:<\/p>\n<p>Como es de p\u00fablico conocimiento, el Parlamento est\u00e1 debatiendo sobre diversas iniciativas relacionadas con los aumentos de los servicios p\u00fablicos, especialmente luz y gas.<\/p>\n<p>Sin perjuicio de las tensiones que se han vivido en los \u00faltimos d\u00edas en relaci\u00f3n a la situaci\u00f3n financiera interna y externa, el problema de la inflaci\u00f3n sigue teniendo un lugar de centralidad en la agenda de la Argentina; y cada d\u00eda m\u00e1s, la persistencia de los indicadores que se van conociendo nos pone ante a la urgencia de brindar respuesta frente al impacto que esa situaci\u00f3n tiene en el bolsillo y en el trabajo, sobre todo en relaci\u00f3n a las peque\u00f1as y medianas empresas que sostienen la mayor parte del empleo en nuestro pa\u00eds.<\/p>\n<p>La cuesti\u00f3n tarifaria debe encontrarnos preocupados y ocupados en la b\u00fasqueda del mejor camino, con mejores resultados y menores costos.<\/p>\n<p>Eso anima la presente, con una estricta voluntad de cooperaci\u00f3n para formular una nueva propuesta que pueda ser considerada por el Sr. Presidente, los funcionarios del \u00e1rea y los legisladores que tienen a su cargo abordar esta situaci\u00f3n en lo inmediato.<\/p>\n<p>Se han analizado hasta ahora diversas alternativas y en todos los casos, el riesgo cierto es que ninguna pueda alcanzar la efectividad para resolver el problema de fondo.<\/p>\n<p>Los funcionarios del Poder Ejecutivo ya anticiparon que una sanci\u00f3n legislativa definitiva del texto ya aprobado por la C\u00e1mara de Diputados ser\u00eda vetada. No se advierte la viabilidad de una insistencia y entonces todo quedar\u00e1 en la nada.<\/p>\n<p>Por otro lado, se ha considerado otra iniciativa: La financiaci\u00f3n en cuotas y con inter\u00e9s, que puede traerles alivio a algunos usuarios pero no cambia la situaci\u00f3n estructural. Siendo optimistas, ello puede ser un paliativo coyuntural pero nunca una soluci\u00f3n estructural. No hay sistema en el mundo que para solucionar estructuralmente un problema de este tipo habilite como \u00fanica medida el pago de las facturas en cuotas.<\/p>\n<p>El poder de compra del salario de los trabajadores viene perdiendo contra la inflaci\u00f3n, especialmente este a\u00f1o porque las negociaciones colectivas est\u00e1n casi en su totalidad por debajo de lo esperado. Hoy el \u00fanico sector de la econom\u00eda que respeta la pauta de inflaci\u00f3n anual del 15% es el mercado laboral. No quiero dejar fuera a los trabajadores informales ni a los jubilados ni a los receptores de la AUH.<\/p>\n<p>Necesitamos recomponer a la pol\u00edtica como herramienta de transformaci\u00f3n en beneficio de los ciudadanos que han dejado de creer.<\/p>\n<p>Deben ustedes dar certeza al rumbo que todos deseamos para la Argentina, en busca de una prosperidad que no se advierte y de mecanismos m\u00e1s justos de distribuci\u00f3n de los ingresos. Sr. Presidente, es momento de escuchar, no es el tiempo para polarizar. La batalla por sacar adelante al pa\u00eds la debemos dar entre todos, porque yo tampoco quiero volver atr\u00e1s. La polarizaci\u00f3n sirvi\u00f3 para ganar elecciones; dif\u00edcilmente sirva para dise\u00f1ar pol\u00edticas p\u00fablicas sustentables. Hay que salir de las falsas antinomias que solo nos ponen en clave del pasado, no se ocupan de las urgencias del presente y nos alejan a\u00fan m\u00e1s de la discusi\u00f3n sobre el futuro. Hay que trabajar en propuestas e ideas que nos permitan alcanzar acuerdos para abordar eficaz y humanamente la coyuntura y construir previsibilidad y confianza. Por todo ello, y con la \u00fanica intenci\u00f3n de proponer y colaborar, acerco a usted (y a los miembros del Senado de la Naci\u00f3n) una nueva propuesta que, solicito, se ponga a consideraci\u00f3n, y que tiene por finalidad el \u00abaplanamiento\u00bb de las tarifas de los servicios p\u00fablicos de gas natural y energ\u00eda el\u00e9ctrica. (Copia de esta Nota y de la propuesta se har\u00e1 llegar tambi\u00e9n al Sr Jefe de Gabinete de Ministros y al Sr Ministro de Energ\u00eda y Miner\u00eda).<\/p>\n<p>Esta propuesta de aplanamiento de tarifas es una propuesta estructural para ambos servicios p\u00fablicos que torna innecesaria la \u201cfinanciaci\u00f3n en cuotas de las facturas\u201d. Esta propuesta puede ser aplicada independientemente del \u201cnivel\u201d de las tarifas finales. No quise entrar en consideraciones respecto al nivel de las tarifas, sobre el cual mantengo serios reparos, justamente para no mezclar las discusiones y que un tema se mezcle con otro.<\/p>\n<p>Sin perjuicio de acompa\u00f1ar por separado la explicaci\u00f3n integral, creo importante anticiparle una breve explicaci\u00f3n, que apunta a implementar un nuevo plan, de orden t\u00e9cnico, para quitar estacionalidad a las tarifas, sobre todo teniendo en cuenta que pronto llegar\u00e1 el invierno, el fr\u00edo y los incrementos de uso y de gasto, particularmente en lo referido al servicio p\u00fablico de distribuci\u00f3n de gas natural por redes.<\/p>\n<p>La propuesta consiste en dividir las tarifas residenciales en tres conceptos: cargo fijo por factura, cargo por capacidad, cargo por consumo.<\/p>\n<p>El \u201ccargo fijo\u201d remunerar\u00eda b\u00e1sicamente ciertos costos administrativos tal como sucede actualmente.<\/p>\n<p>El \u201ccargo de capacidad\u201d remunerar\u00eda los costos espec\u00edficos de distribuci\u00f3n y transporte. Estos costos son esencialmente fijos y no var\u00edan con el consumo del usuario por lo cual simplemente se alinear\u00edan los costos con los pagos de los usuarios.<\/p>\n<p>El \u201ccargo por consumo\u201d buscar\u00eda aplanar los pagos de los usuarios de modo tal que paguen anualmente seg\u00fan su perfil de consumo. Las diferencias que pudieran existir entre el consumo anual estimado y el real generar\u00edan cr\u00e9ditos o d\u00e9bitos para el siguiente per\u00edodo. Este componente que en el caso de los usuarios residenciales es estacional, dado que su consumo responde en gran medida a las variaciones de la temperatura, lo pagar\u00edan prorrateado en todo el a\u00f1o sin que sus facturas sufran fuertes variaciones.<\/p>\n<p>Dado que las facturas ser\u00edan estables, los usuarios podr\u00edan programar mejor sus gastos. Por el lado de las licenciatarias de estos servicios p\u00fablicos cobrar\u00edan sus costos fijos de manera estable durante todo el a\u00f1o. Los gastos que son variables los prorratear\u00edan en todo el a\u00f1o. De esta manera no ser\u00eda necesario que las facturas se deban pagar en cuotas pues en s\u00ed mismas las facturas no tendr\u00edan variaciones entre un per\u00edodo de bajo consumo y un per\u00edodo de alto consumo.<\/p>\n<p>Esta propuesta puede ser aplicable con cualquier \u201cnivel de tarifas\u201d.<\/p>\n<p>Desde ya pongo a su entera disposici\u00f3n a los equipos t\u00e9cnicos del Partido GEN para que aclaren cualquier cuesti\u00f3n referida a la propuesta y para que, si Ud. lo considera oportuno y necesario, colaboren en el an\u00e1lisis de la misma.<\/p>\n<p>Con la esperanza que esta propuesta le sea de utilidad, aprovecho la ocasi\u00f3n para saludarlo con mi m\u00e1s distinguida consideraci\u00f3n.<\/p>\n<p style=\"text-align: center;\"><strong>MARGARITA STOLBIZER<\/strong><br \/>\n<strong>Partido GEN<\/strong><\/p>\n<p><a href=\"https:\/\/www.partidogen.org.ar\/web\/wp-content\/uploads\/2018\/05\/Propuesta-para-aplanar-las-Facturas-de-Servicios-Publicos.pdf\" target=\"_blank\">Propuesta para aplanar las Facturas de Servicios P\u00fablicos<\/a><\/p>\n<p><a href=\"https:\/\/www.partidogen.org.ar\/web\/wp-content\/uploads\/2018\/05\/Carta-al-Presidente.pdf\">Carta al Presidente (PDF)<\/a><\/p>\n","protected":false},"excerpt":{"rendered":"<p>Margarita Stolbizer envi\u00f3 una carta al Presidente de la Naci\u00f3n con una propuesta para aplanar las facturas de servicios p\u00fablicos, especialmente gas y electricidad \u00abcon estricta voluntad de cooperaci\u00f3n para formular una propuesta que pueda ser considerada\u00bb.<\/p>\n","protected":false},"author":2,"featured_media":8481,"comment_status":"closed","ping_status":"closed","sticky":false,"template":"","format":"standard","meta":{"footnotes":""},"categories":[44,47],"tags":[],"class_list":["post-8478","post","type-post","status-publish","format-standard","has-post-thumbnail","hentry","category-actualidad","category-margarita-stolbizer-diputados-nacionales"],"_links":{"self":[{"href":"https:\/\/www.partidogen.org.ar\/web\/wp-json\/wp\/v2\/posts\/8478","targetHints":{"allow":["GET"]}}],"collection":[{"href":"https:\/\/www.partidogen.org.ar\/web\/wp-json\/wp\/v2\/posts"}],"about":[{"href":"https:\/\/www.partidogen.org.ar\/web\/wp-json\/wp\/v2\/types\/post"}],"author":[{"embeddable":true,"href":"https:\/\/www.partidogen.org.ar\/web\/wp-json\/wp\/v2\/users\/2"}],"replies":[{"embeddable":true,"href":"https:\/\/www.partidogen.org.ar\/web\/wp-json\/wp\/v2\/comments?post=8478"}],"version-history":[{"count":1,"href":"https:\/\/www.partidogen.org.ar\/web\/wp-json\/wp\/v2\/posts\/8478\/revisions"}],"predecessor-version":[{"id":8591,"href":"https:\/\/www.partidogen.org.ar\/web\/wp-json\/wp\/v2\/posts\/8478\/revisions\/8591"}],"wp:featuredmedia":[{"embeddable":true,"href":"https:\/\/www.partidogen.org.ar\/web\/wp-json\/wp\/v2\/media\/8481"}],"wp:attachment":[{"href":"https:\/\/www.partidogen.org.ar\/web\/wp-json\/wp\/v2\/media?parent=8478"}],"wp:term":[{"taxonomy":"category","embeddable":true,"href":"https:\/\/www.partidogen.org.ar\/web\/wp-json\/wp\/v2\/categories?post=8478"},{"taxonomy":"post_tag","embeddable":true,"href":"https:\/\/www.partidogen.org.ar\/web\/wp-json\/wp\/v2\/tags?post=8478"}],"curies":[{"name":"wp","href":"https:\/\/api.w.org\/{rel}","templated":true}]}}