{"id":8475,"date":"2018-05-21T20:43:19","date_gmt":"2018-05-21T23:43:19","guid":{"rendered":"https:\/\/www.partidogen.org.ar\/web\/?p=7982"},"modified":"2018-05-29T18:50:37","modified_gmt":"2018-05-29T21:50:37","slug":"declaracion-del-partido-gen-nacional-produccion-trabajo-y-pymes","status":"publish","type":"post","link":"https:\/\/www.partidogen.org.ar\/web\/declaracion-del-partido-gen-nacional-produccion-trabajo-y-pymes\/","title":{"rendered":"Declaraci\u00f3n del Partido GEN Nacional: Producci\u00f3n, Trabajo y Pymes"},"content":{"rendered":"<p><img loading=\"lazy\" decoding=\"async\" src=\"https:\/\/www.partidogen.org.ar\/web\/wp-content\/uploads\/2018\/05\/970-1.jpg\" alt=\"\" width=\"526\" height=\"370\" class=\"alignright size-full wp-image-7986\" \/><br \/>\nC\u00f3rdoba, 18\/05\/2018.<br \/>\n<strong><span class=\"first\">E<\/span>l Partido GEN Nacional, reunido en la Ciudad de C\u00f3rdoba, expresa que lo vivido en estos \u00faltimos d\u00edas no es m\u00e1s que la consecuencia de una pol\u00edtica econ\u00f3mica fundada en la especulaci\u00f3n financiera y el alivio impositivo a los grandes grupos econ\u00f3micos que se viene implementando por parte del Gobierno Nacional desde el momento de su asunci\u00f3n. Conocemos la consecuencia de estas decisiones: se profundiza el marco recesivo ya existente, pues haber elevado la tasa de referencia del BCRA al 40 % anual significa dar un golpe de gracia a la producci\u00f3n profundizando la \u00abtimba\u00bb financiera. El Gobierno de Macri se queja del d\u00e9ficit fiscal, pero son ellos mismos quienes lo aumentaron al desfinanciar al Estado disminuyendo en forma abrupta los ingresos fiscales, pues como todos sabemos casi el 75 % del Presupuesto Nacional es inel\u00e1stico, se destina a las erogaciones sociales que comprenden al sistema de previsi\u00f3n social, el empleo p\u00fablico, pol\u00edticas universales igualitaristas, salud y educaci\u00f3n.<\/strong><\/p>\n<p>Cambiemos sigue castigando al peque\u00f1o productor agropecuario, a las PyMEs y a los comerciantes argentinos, impidi\u00e9ndoles acceder al cr\u00e9dito blando, tan necesario para poder producir. Los trabajadores tambi\u00e9n se ver\u00e1n perjudicados por el aumento de las cuotas de los cr\u00e9ditos hipotecarios UVA y por el alt\u00edsimo inter\u00e9s que tendr\u00e1 de aqu\u00ed en m\u00e1s la compra de bienes de consumo en cuotas con tarjeta de cr\u00e9dito.<\/p>\n<p>Estas medidas anunciadas por el Gobierno Nacional profundizar\u00e1n la recesi\u00f3n existente, empobreciendo m\u00e1s a los trabajadores, que no est\u00e1n dispuestos a tolerar que sus magros salarios sigan perdiendo poder adquisitivo y ahora se pretenda derogar sus derechos laborales.<\/p>\n<p>El publicitado ajuste que significa la reducci\u00f3n del d\u00e9ficit fiscal en un 0,6 % m\u00e1s del PBI, no es otra cosa que la precarizaci\u00f3n de la salud y la educaci\u00f3n p\u00fablica, y el cese de la obra p\u00fablica, uno de los pocos motores de generaci\u00f3n de empleo genuino que hasta ahora exist\u00eda.<\/p>\n<p>Ante esta pol\u00edtica sin rumbo debemos volver a defender los intereses del pueblo, construyendo una fuerza pol\u00edtica progresista que sea verdadera alternativa convocante de las mayor\u00edas, superando tanto al neoconservadurismo liberal del Macrismo como al populismo demag\u00f3gico del Kirchnerismo que tanto mal nos han hecho.  S\u00f3lo con desarrollo y producci\u00f3n podr\u00e1 haber aportes suficientes para hacer frente a todos los compromisos que el Estado debe asumir.<\/p>\n<p>Es necesario pasar de un modelo de especulaci\u00f3n financiera a un modelo de producci\u00f3n, de peque\u00f1a y mediana empresa que permite una mejor distribuci\u00f3n de la riqueza y que brinde trabajo digno y genuino a los argentinos. Son las PyMes las que generan el 70 % del trabajo productivo en nuestro pa\u00eds y son las m\u00e1s castigadas por las pol\u00edticas que se han anunciado.  La devaluaci\u00f3n, el alt\u00edsimo endeudamiento en Lebacs y la devaluaci\u00f3n del 25% en dos d\u00edas s\u00f3lo benefician a los capitales golondrina que buscan su ganancia en una bicicleta financiera.<\/p>\n<p>El peque\u00f1o productor y comerciante no puede obtener cr\u00e9ditos accesibles ni financiaci\u00f3n con este nivel de tasas de inter\u00e9s, cuando adem\u00e1s debe pagar tarifas y tributos inequitativos, que han sido fuertemente incrementados.   <\/p>\n<p>Desde el Partido GEN convocamos a formar parte de un proyecto progresista a las fuerzas pol\u00edticas, productivas, del trabajo, a los intelectuales y sus casas de altos estudios, al periodismo, para desarrollar un modelo de Argentina de producci\u00f3n y trabajo para cincuenta millones de argentinos con igualdad y decencia.<br \/>\n<img loading=\"lazy\" decoding=\"async\" src=\"https:\/\/www.partidogen.org.ar\/web\/wp-content\/uploads\/2017\/03\/LogoGEN-01-300x133.png\" alt=\"\" width=\"300\" height=\"133\" class=\"aligncenter size-medium wp-image-5871\" srcset=\"https:\/\/www.partidogen.org.ar\/web\/wp-content\/uploads\/2017\/03\/LogoGEN-01-300x133.png 300w, https:\/\/www.partidogen.org.ar\/web\/wp-content\/uploads\/2017\/03\/LogoGEN-01-100x44.png 100w, https:\/\/www.partidogen.org.ar\/web\/wp-content\/uploads\/2017\/03\/LogoGEN-01-150x66.png 150w, https:\/\/www.partidogen.org.ar\/web\/wp-content\/uploads\/2017\/03\/LogoGEN-01-200x89.png 200w, https:\/\/www.partidogen.org.ar\/web\/wp-content\/uploads\/2017\/03\/LogoGEN-01-450x199.png 450w, https:\/\/www.partidogen.org.ar\/web\/wp-content\/uploads\/2017\/03\/LogoGEN-01.png 501w\" sizes=\"auto, (max-width: 300px) 100vw, 300px\" \/><\/p>\n","protected":false},"excerpt":{"rendered":"<p>El Partido GEN Nacional, reunido en la Ciudad de C\u00f3rdoba, expresa que lo vivido en estos \u00faltimos d\u00edas no es m\u00e1s que la consecuencia de una pol\u00edtica econ\u00f3mica fundada en la especulaci\u00f3n financiera y el alivio impositivo a los grandes grupos econ\u00f3micos que se viene implementando por parte del Gobierno Nacional desde el momento de su asunci\u00f3n<\/p>\n","protected":false},"author":2,"featured_media":8476,"comment_status":"closed","ping_status":"closed","sticky":false,"template":"","format":"standard","meta":{"footnotes":""},"categories":[44,80,2],"tags":[],"class_list":["post-8475","post","type-post","status-publish","format-standard","has-post-thumbnail","hentry","category-actualidad","category-cordoba","category-mesa-ejecutiva-partido-gen-nacional"],"_links":{"self":[{"href":"https:\/\/www.partidogen.org.ar\/web\/wp-json\/wp\/v2\/posts\/8475","targetHints":{"allow":["GET"]}}],"collection":[{"href":"https:\/\/www.partidogen.org.ar\/web\/wp-json\/wp\/v2\/posts"}],"about":[{"href":"https:\/\/www.partidogen.org.ar\/web\/wp-json\/wp\/v2\/types\/post"}],"author":[{"embeddable":true,"href":"https:\/\/www.partidogen.org.ar\/web\/wp-json\/wp\/v2\/users\/2"}],"replies":[{"embeddable":true,"href":"https:\/\/www.partidogen.org.ar\/web\/wp-json\/wp\/v2\/comments?post=8475"}],"version-history":[{"count":1,"href":"https:\/\/www.partidogen.org.ar\/web\/wp-json\/wp\/v2\/posts\/8475\/revisions"}],"predecessor-version":[{"id":8603,"href":"https:\/\/www.partidogen.org.ar\/web\/wp-json\/wp\/v2\/posts\/8475\/revisions\/8603"}],"wp:featuredmedia":[{"embeddable":true,"href":"https:\/\/www.partidogen.org.ar\/web\/wp-json\/wp\/v2\/media\/8476"}],"wp:attachment":[{"href":"https:\/\/www.partidogen.org.ar\/web\/wp-json\/wp\/v2\/media?parent=8475"}],"wp:term":[{"taxonomy":"category","embeddable":true,"href":"https:\/\/www.partidogen.org.ar\/web\/wp-json\/wp\/v2\/categories?post=8475"},{"taxonomy":"post_tag","embeddable":true,"href":"https:\/\/www.partidogen.org.ar\/web\/wp-json\/wp\/v2\/tags?post=8475"}],"curies":[{"name":"wp","href":"https:\/\/api.w.org\/{rel}","templated":true}]}}