{"id":842,"date":"2014-10-25T14:00:50","date_gmt":"2014-10-25T14:00:50","guid":{"rendered":"http:\/\/www.partidogen.org.ar\/web\/?p=842"},"modified":"2014-10-29T10:58:30","modified_gmt":"2014-10-29T10:58:30","slug":"salida-progresista-o-cambio-por-derecha","status":"publish","type":"post","link":"https:\/\/www.partidogen.org.ar\/web\/salida-progresista-o-cambio-por-derecha\/","title":{"rendered":"DEBATE 25 DE OCTUBRE"},"content":{"rendered":"<p><img loading=\"lazy\" decoding=\"async\" src=\"http:\/\/www.partidogen.org.ar\/web\/wp-content\/uploads\/2014\/10\/0291.jpg\" alt=\"SALIDA PROGRESISTA O CAMBIO POR DERECHA\" width=\"985\" height=\"591\" class=\"alignnone size-full wp-image-844\" srcset=\"https:\/\/www.partidogen.org.ar\/web\/wp-content\/uploads\/2014\/10\/0291.jpg 985w, https:\/\/www.partidogen.org.ar\/web\/wp-content\/uploads\/2014\/10\/0291-300x180.jpg 300w, https:\/\/www.partidogen.org.ar\/web\/wp-content\/uploads\/2014\/10\/0291-100x60.jpg 100w, https:\/\/www.partidogen.org.ar\/web\/wp-content\/uploads\/2014\/10\/0291-150x90.jpg 150w, https:\/\/www.partidogen.org.ar\/web\/wp-content\/uploads\/2014\/10\/0291-200x120.jpg 200w, https:\/\/www.partidogen.org.ar\/web\/wp-content\/uploads\/2014\/10\/0291-450x270.jpg 450w, https:\/\/www.partidogen.org.ar\/web\/wp-content\/uploads\/2014\/10\/0291-600x360.jpg 600w, https:\/\/www.partidogen.org.ar\/web\/wp-content\/uploads\/2014\/10\/0291-900x540.jpg 900w\" sizes=\"auto, (max-width: 985px) 100vw, 985px\" \/><br \/>\n<strong><span class=\"first\">D<\/span>ebate 25 Octubre<\/strong><br \/>\n<strong>Debate:<\/strong> Fin del ciclo kirchnerista.<br \/>\nS\u00e1bado 25 de octubre | Facultad de Ciencias Econ\u00f3micas<br \/>\nUriburu 781 | Ciudad Aut\u00f3noma de Buenos Aires<br \/>\n<a href=\"http:\/\/www.partidogen.org.ar\/web\/wp-content\/uploads\/2014\/10\/Debate-25-octubre.pdf\" target=\"_blank\">Descargar Programa PDF<\/a><\/p>\n<p>Al fin del 2015 se cumplir\u00e1n tres mandatos presidenciales del kirchnerismo y est\u00e1 lanzada la disputa abierta por quien tomar\u00e1 la conducci\u00f3n del pa\u00eds desde all\u00ed en adelante. El inicio de siglo encontr\u00f3 a la Argentina entre los escombros de la debacle neoliberal, y desde 2003 estuvo atravesada por un gran esfuerzo de reconstrucci\u00f3n que llega hasta nuestros d\u00edas. Crecimiento de la econom\u00eda, del empleo, de las exportaciones e importaciones, descenso en los \u00edndices de pobreza e indigencia, ampliaci\u00f3n de derechos econ\u00f3micos, sociales y culturales, son algunos de los principales rasgos positivos de los primeros a\u00f1os de este per\u00edodo, que fue virando primero al estancamiento y despu\u00e9s hacia m\u00faltiples retrocesos.<br \/>\nAnte el advenimiento de cambio de gobierno es indispensable profundizar los debates respecto a las alternativas que se presentan, definiendo con nitidez el contenido de las propuestas progresistas que ofrecemos, rechazando tanto las que de manera abierta o encubierta nos har\u00edan retroceder a terrenos ya superados.<\/p>\n<p><strong>14 hs.Apertura<\/strong><\/p>\n<p><strong>14.30 hs.<\/strong> Mesa 1 | Aula 450<br \/>\nDemocracia participativa y ampliaci\u00f3n de derechos. Despenalizaci\u00f3n del consumo de sustancias. Derecho al aborto seguro, legal y gratuito, las perspectivas de los derechos de las mujeres. Inclusi\u00f3n y diversidad<br \/>\nParticipaci\u00f3n que profundice y extienda la apropiaci\u00f3n del sistema democr\u00e1tico y la ampliaci\u00f3n y reconocimiento de derechos de ciudadanos y ciudadanas, son bases insustituibles para tener una mejor democracia, cada vez m\u00e1s fuerte y s\u00f3lida.<\/p>\n<p><strong>Ricardo Gil Lavedra | Diana Maff\u00eda | Marlene Wayar | Joe Stefanuolo<\/strong><\/p>\n<p><strong>14.30 hs.<\/strong> Mesa 2 | Aula 455<\/p>\n<p>El rol del Estado y los posibles caminos para cambiar la estructura econ\u00f3mico productiva que sigue reproduciendo altos niveles de pobreza<\/p>\n<p>El discurso kirchnerista que relata la concreci\u00f3n durante la \u00faltima d\u00e9cada de cambios fundamentales en la estructura productiva argentina, producidos a trav\u00e9s de una activa intervenci\u00f3n del estado, se choca de frente con una realidad que lo desmiente. Seguimos con elevados niveles de pobreza, y un mercado laboral fragmentado que reproduce alta proporci\u00f3n e puestos trabajo fuera de las normas legales. Tenemos un estado que m\u00e1s que fortalecerse creci\u00f3 inflado por las prebendas y el clientelismo, que ni contribuy\u00f3 a achicar la brecha de la desigualdad redistribuyendo los crecientes recursos que ingresaron al pa\u00eds en esta d\u00e9cada, ni impuls\u00f3 el comienzo de un per\u00edodo de desarrollo sustentable con una l\u00f3gica diferente a la que nos instalaron en la etapa de transformaciones neoliberales. La derecha aprovecha las flagrantes manifestaciones de estas falencias para volver con su discurso regresivo de que propone un estado con una m\u00ednima presencia general en la sociedad y especialmente con una reducida intervenci\u00f3n en el campo econ\u00f3mico.<\/p>\n<p>Desde una concepci\u00f3n que rechaza esa perspectiva del estado m\u00ednimo y el virtuosismo excluyente de las leyes del mercado, buscamos debatir algunas propuestas que nos lleven a construir un estado que mediante mecanismos flexibles y transparentes sea capaz de intervenir sostenidamente en el proceso econ\u00f3mico, convirti\u00e9ndose en un actor indispensable para una sociedad edificada sobre las bases de justicia social y el respeto a los derechos de las personas.<\/p>\n<p><strong>Agust\u00edn Salvia | Javier Lindenboim | Leandro Despouy | Isaac Rudnik<\/strong><\/p>\n<p><strong>16.30 hs.<\/strong> Mesa de cierre | Sal\u00f3n de Actos<\/p>\n<p>Las alianzas para la construcci\u00f3n de un Frente Progresista<\/p>\n<p>La necesidad de un acuerdo que involucre al m\u00e1s amplio espectro de actores sociales y pol\u00edticos para darle batalla al falso progresismo kirchnerista y a las alternativas de las derechas pejotista y del moderno neoliberalismo, nos introducen en el insoslayable debate de los l\u00edmites y alcances de las alianzas que necesitamos para que por un lado sean cada vez m\u00e1s fuertes y abarcadores y por otro no desdibujen los objetivos que buscamos.<\/p>\n<p><strong>Alejandro Katz | Juan Manuel Casella | Alicia Ciciliani | Martin Hourest | Humberto Tumini | Victoria Donda | Jorge Ceballos<\/strong><\/p>\n","protected":false},"excerpt":{"rendered":"<p>Debate 25 Octubre Debate: Fin del ciclo kirchnerista. S\u00e1bado 25 de octubre | Facultad de Ciencias Econ\u00f3micas Uriburu 781 | Ciudad Aut\u00f3noma de Buenos Aires Descargar Programa PDF Al fin del 2015 se cumplir\u00e1n tres mandatos presidenciales del kirchnerismo y est\u00e1 lanzada la disputa abierta por quien tomar\u00e1 la conducci\u00f3n del pa\u00eds desde all\u00ed en [&hellip;]<\/p>\n","protected":false},"author":2,"featured_media":844,"comment_status":"closed","ping_status":"closed","sticky":false,"template":"","format":"standard","meta":{"footnotes":""},"categories":[56],"tags":[],"class_list":["post-842","post","type-post","status-publish","format-standard","has-post-thumbnail","hentry","category-actividades-2014"],"_links":{"self":[{"href":"https:\/\/www.partidogen.org.ar\/web\/wp-json\/wp\/v2\/posts\/842","targetHints":{"allow":["GET"]}}],"collection":[{"href":"https:\/\/www.partidogen.org.ar\/web\/wp-json\/wp\/v2\/posts"}],"about":[{"href":"https:\/\/www.partidogen.org.ar\/web\/wp-json\/wp\/v2\/types\/post"}],"author":[{"embeddable":true,"href":"https:\/\/www.partidogen.org.ar\/web\/wp-json\/wp\/v2\/users\/2"}],"replies":[{"embeddable":true,"href":"https:\/\/www.partidogen.org.ar\/web\/wp-json\/wp\/v2\/comments?post=842"}],"version-history":[{"count":0,"href":"https:\/\/www.partidogen.org.ar\/web\/wp-json\/wp\/v2\/posts\/842\/revisions"}],"wp:featuredmedia":[{"embeddable":true,"href":"https:\/\/www.partidogen.org.ar\/web\/wp-json\/wp\/v2\/media\/844"}],"wp:attachment":[{"href":"https:\/\/www.partidogen.org.ar\/web\/wp-json\/wp\/v2\/media?parent=842"}],"wp:term":[{"taxonomy":"category","embeddable":true,"href":"https:\/\/www.partidogen.org.ar\/web\/wp-json\/wp\/v2\/categories?post=842"},{"taxonomy":"post_tag","embeddable":true,"href":"https:\/\/www.partidogen.org.ar\/web\/wp-json\/wp\/v2\/tags?post=842"}],"curies":[{"name":"wp","href":"https:\/\/api.w.org\/{rel}","templated":true}]}}