{"id":764,"date":"2014-10-19T19:19:17","date_gmt":"2014-10-19T19:19:17","guid":{"rendered":"http:\/\/www.partidogen.org.ar\/web\/?p=764"},"modified":"2014-10-22T16:16:42","modified_gmt":"2014-10-22T16:16:42","slug":"los-directores-en-representacion-de-la-oposicion-en-el-afsca-convocan-a-conferencia-de-prensa","status":"publish","type":"post","link":"https:\/\/www.partidogen.org.ar\/web\/los-directores-en-representacion-de-la-oposicion-en-el-afsca-convocan-a-conferencia-de-prensa\/","title":{"rendered":"Actividades 21\/10\/2014 AFSCA: CONVOCAN A CONFERENCIA DE PRENSA"},"content":{"rendered":"<p><img loading=\"lazy\" decoding=\"async\" src=\"http:\/\/www.partidogen.org.ar\/web\/wp-content\/uploads\/2014\/10\/022.jpg\" alt=\"Marcelo Stubrin y Gerardo Milman\" width=\"985\" height=\"591\" class=\"alignnone size-full wp-image-765\" srcset=\"https:\/\/www.partidogen.org.ar\/web\/wp-content\/uploads\/2014\/10\/022.jpg 985w, https:\/\/www.partidogen.org.ar\/web\/wp-content\/uploads\/2014\/10\/022-300x180.jpg 300w, https:\/\/www.partidogen.org.ar\/web\/wp-content\/uploads\/2014\/10\/022-100x60.jpg 100w, https:\/\/www.partidogen.org.ar\/web\/wp-content\/uploads\/2014\/10\/022-150x90.jpg 150w, https:\/\/www.partidogen.org.ar\/web\/wp-content\/uploads\/2014\/10\/022-200x120.jpg 200w, https:\/\/www.partidogen.org.ar\/web\/wp-content\/uploads\/2014\/10\/022-450x270.jpg 450w, https:\/\/www.partidogen.org.ar\/web\/wp-content\/uploads\/2014\/10\/022-600x360.jpg 600w, https:\/\/www.partidogen.org.ar\/web\/wp-content\/uploads\/2014\/10\/022-900x540.jpg 900w\" sizes=\"auto, (max-width: 985px) 100vw, 985px\" \/><br \/>\n<strong><span class=\"first\">L<\/span>os Directores en Representaci\u00f3n de la oposici\u00f3n en el AFSCA Marcelo Stubrin y Gerardo Milman convocan a Conferencia de Prensa que se realizar\u00e1 el martes 21 a las 17hs en la Sala 3 del Anexo de la HCD de La Nacion, para presentar sus consideraciones acerca de la resoluci\u00f3n tomada por la mayor\u00eda de este organismo el dia 8 de Octubre pasado vinculados a la Adecuaci\u00f3n del Grupo Clarin.<\/strong><\/p>\n<p>Oficina de Gerardo Milman<br \/>\nDirectorio AFSCA<br \/>\n(011) 5236 &#8211; 0750<\/p>\n","protected":false},"excerpt":{"rendered":"<p>Los Directores en Representaci\u00f3n de la oposici\u00f3n en el AFSCA Marcelo Stubrin y Gerardo Milman convocan a Conferencia de Prensa que se realizar\u00e1 el martes 21 a las 17hs en la Sala 3 del Anexo de la HCD de La Nacion, para presentar sus consideraciones acerca de la resoluci\u00f3n tomada por la mayor\u00eda de este [&hellip;]<\/p>\n","protected":false},"author":2,"featured_media":772,"comment_status":"closed","ping_status":"closed","sticky":false,"template":"","format":"standard","meta":{"footnotes":""},"categories":[56],"tags":[],"class_list":["post-764","post","type-post","status-publish","format-standard","has-post-thumbnail","hentry","category-actividades-2014"],"_links":{"self":[{"href":"https:\/\/www.partidogen.org.ar\/web\/wp-json\/wp\/v2\/posts\/764","targetHints":{"allow":["GET"]}}],"collection":[{"href":"https:\/\/www.partidogen.org.ar\/web\/wp-json\/wp\/v2\/posts"}],"about":[{"href":"https:\/\/www.partidogen.org.ar\/web\/wp-json\/wp\/v2\/types\/post"}],"author":[{"embeddable":true,"href":"https:\/\/www.partidogen.org.ar\/web\/wp-json\/wp\/v2\/users\/2"}],"replies":[{"embeddable":true,"href":"https:\/\/www.partidogen.org.ar\/web\/wp-json\/wp\/v2\/comments?post=764"}],"version-history":[{"count":0,"href":"https:\/\/www.partidogen.org.ar\/web\/wp-json\/wp\/v2\/posts\/764\/revisions"}],"wp:featuredmedia":[{"embeddable":true,"href":"https:\/\/www.partidogen.org.ar\/web\/wp-json\/wp\/v2\/media\/772"}],"wp:attachment":[{"href":"https:\/\/www.partidogen.org.ar\/web\/wp-json\/wp\/v2\/media?parent=764"}],"wp:term":[{"taxonomy":"category","embeddable":true,"href":"https:\/\/www.partidogen.org.ar\/web\/wp-json\/wp\/v2\/categories?post=764"},{"taxonomy":"post_tag","embeddable":true,"href":"https:\/\/www.partidogen.org.ar\/web\/wp-json\/wp\/v2\/tags?post=764"}],"curies":[{"name":"wp","href":"https:\/\/api.w.org\/{rel}","templated":true}]}}