{"id":7633,"date":"2018-02-23T15:26:13","date_gmt":"2018-02-23T18:26:13","guid":{"rendered":"https:\/\/www.partidogen.org.ar\/web\/?p=7633"},"modified":"2018-04-25T14:40:09","modified_gmt":"2018-04-25T17:40:09","slug":"sergio-abrevaya-en-la-audiencia-publica-por-tarifas-de-gas","status":"publish","type":"post","link":"https:\/\/www.partidogen.org.ar\/web\/sergio-abrevaya-en-la-audiencia-publica-por-tarifas-de-gas\/","title":{"rendered":"Sergio Abrevaya en la Audiencia P\u00fablica por Tarifas de GAS"},"content":{"rendered":"<p><img loading=\"lazy\" decoding=\"async\" src=\"https:\/\/www.partidogen.org.ar\/web\/wp-content\/uploads\/2016\/10\/566.jpg\" alt=\"\" width=\"526\" height=\"370\" class=\"alignright size-full wp-image-4840\" srcset=\"https:\/\/www.partidogen.org.ar\/web\/wp-content\/uploads\/2016\/10\/566.jpg 526w, https:\/\/www.partidogen.org.ar\/web\/wp-content\/uploads\/2016\/10\/566-300x211.jpg 300w, https:\/\/www.partidogen.org.ar\/web\/wp-content\/uploads\/2016\/10\/566-100x70.jpg 100w, https:\/\/www.partidogen.org.ar\/web\/wp-content\/uploads\/2016\/10\/566-150x106.jpg 150w, https:\/\/www.partidogen.org.ar\/web\/wp-content\/uploads\/2016\/10\/566-200x141.jpg 200w, https:\/\/www.partidogen.org.ar\/web\/wp-content\/uploads\/2016\/10\/566-450x317.jpg 450w\" sizes=\"auto, (max-width: 526px) 100vw, 526px\" \/><br \/>\n<strong><span class=\"first\">S<\/span>ergio Abrevaya, Diputado por CABA y presidente del GEN CABA, se present\u00f3 como orador en la Audiencia P\u00fablica por aumento de tarifas de gas natural.<\/strong><\/p>\n<p>Durante su exposici\u00f3n, Abrevaya hizo hincapi\u00e9 en la necesidad de no tomar los aumentos en forma individual sino abordarlos a trav\u00e9s de una revisi\u00f3n integral de tarifas, para evaluar c\u00f3mo influyen al bolsillo del ciudadano en su conjunto y no en forma parcial. \u201cEl aumento durante estos dos a\u00f1os alcanza el 1000% promedio\u201d, indic\u00f3 el diputado y agreg\u00f3: \u201cNo es una adecuaci\u00f3n de la tarifa, la rechazamos\u201d.<\/p>\n<p>M\u00e1s tarde, el diputado por CABA solicit\u00f3 \u2013una vez m\u00e1s- tarifas diferenciadas para  consorcios, en especial para aquellos que tienen servicios centrales. \u00c9stos est\u00e1n incluidos en la categor\u00eda m\u00e1s alta de tarifas, como si fueran industrias cuando en realidad \u201cson multiviviendas habitadas por jubilados o trabajadores\u201d, resalt\u00f3.<\/p>\n<p>Por \u00faltimo, Abrevaya reiter\u00f3 el pedido realizado oportunamente acerca del quite impuesto del IVA de los servicios, por ser regresivo, y manifest\u00f3: \u201cEl gobierno pudo quitar impuestos a transacciones bancarias y a comercializadoras de cereales, pero no lo hizo con este proceso distorsivo permanente. El Estado no est\u00e1 cumpliendo su rol\u201d.<\/p>\n","protected":false},"excerpt":{"rendered":"<p>Sergio Abrevaya, Diputado por CABA y presidente del GEN CABA, se present\u00f3 como orador en la Audiencia P\u00fablica por aumento de tarifas de gas natural<\/p>\n","protected":false},"author":2,"featured_media":7891,"comment_status":"closed","ping_status":"closed","sticky":false,"template":"","format":"standard","meta":{"footnotes":""},"categories":[44,105,115],"tags":[],"class_list":["post-7633","post","type-post","status-publish","format-standard","has-post-thumbnail","hentry","category-actualidad","category-caba","category-sergio-abrevaya"],"_links":{"self":[{"href":"https:\/\/www.partidogen.org.ar\/web\/wp-json\/wp\/v2\/posts\/7633","targetHints":{"allow":["GET"]}}],"collection":[{"href":"https:\/\/www.partidogen.org.ar\/web\/wp-json\/wp\/v2\/posts"}],"about":[{"href":"https:\/\/www.partidogen.org.ar\/web\/wp-json\/wp\/v2\/types\/post"}],"author":[{"embeddable":true,"href":"https:\/\/www.partidogen.org.ar\/web\/wp-json\/wp\/v2\/users\/2"}],"replies":[{"embeddable":true,"href":"https:\/\/www.partidogen.org.ar\/web\/wp-json\/wp\/v2\/comments?post=7633"}],"version-history":[{"count":1,"href":"https:\/\/www.partidogen.org.ar\/web\/wp-json\/wp\/v2\/posts\/7633\/revisions"}],"predecessor-version":[{"id":7955,"href":"https:\/\/www.partidogen.org.ar\/web\/wp-json\/wp\/v2\/posts\/7633\/revisions\/7955"}],"wp:featuredmedia":[{"embeddable":true,"href":"https:\/\/www.partidogen.org.ar\/web\/wp-json\/wp\/v2\/media\/7891"}],"wp:attachment":[{"href":"https:\/\/www.partidogen.org.ar\/web\/wp-json\/wp\/v2\/media?parent=7633"}],"wp:term":[{"taxonomy":"category","embeddable":true,"href":"https:\/\/www.partidogen.org.ar\/web\/wp-json\/wp\/v2\/categories?post=7633"},{"taxonomy":"post_tag","embeddable":true,"href":"https:\/\/www.partidogen.org.ar\/web\/wp-json\/wp\/v2\/tags?post=7633"}],"curies":[{"name":"wp","href":"https:\/\/api.w.org\/{rel}","templated":true}]}}