{"id":7570,"date":"2017-12-22T11:56:06","date_gmt":"2017-12-22T14:56:06","guid":{"rendered":"https:\/\/www.partidogen.org.ar\/web\/?p=7570"},"modified":"2018-01-24T21:43:10","modified_gmt":"2018-01-25T00:43:10","slug":"la-reforma-previsional-es-mala-inoportuna-y-con-grandes-costos-sociales","status":"publish","type":"post","link":"https:\/\/www.partidogen.org.ar\/web\/la-reforma-previsional-es-mala-inoportuna-y-con-grandes-costos-sociales\/","title":{"rendered":"\u201cLa reforma previsional es mala, inoportuna y con grandes costos sociales\u201d"},"content":{"rendered":"<p><img loading=\"lazy\" decoding=\"async\" src=\"https:\/\/www.partidogen.org.ar\/web\/wp-content\/uploads\/2017\/12\/926-300x211.jpg\" alt=\"\" width=\"300\" height=\"211\" class=\"alignright size-medium wp-image-7572\" srcset=\"https:\/\/www.partidogen.org.ar\/web\/wp-content\/uploads\/2017\/12\/926-300x211.jpg 300w, https:\/\/www.partidogen.org.ar\/web\/wp-content\/uploads\/2017\/12\/926-100x70.jpg 100w, https:\/\/www.partidogen.org.ar\/web\/wp-content\/uploads\/2017\/12\/926-150x106.jpg 150w, https:\/\/www.partidogen.org.ar\/web\/wp-content\/uploads\/2017\/12\/926-200x141.jpg 200w, https:\/\/www.partidogen.org.ar\/web\/wp-content\/uploads\/2017\/12\/926-450x317.jpg 450w, https:\/\/www.partidogen.org.ar\/web\/wp-content\/uploads\/2017\/12\/926.jpg 526w\" sizes=\"auto, (max-width: 300px) 100vw, 300px\" \/><br \/>\nREPORTAJE 3D MARGARITA STOLBIZER &#8211; <a href=\"https:\/\/www.cronista.com\/3dias\/Stolbizer-La-reforma-previsional-es-mala-inoportuna-y-con-grandes-costos-sociales-20171222-0010.html\" target=\"_blank\">Fuente El Cronista Digital <\/a><br \/>\n<a href=\"https:\/\/www.cronista.com\/staff\/mperez\" target=\"_blank\">Por Micaela P\u00e9rez <\/a><\/p>\n<p><strong><span class=\"first\">L<\/span>a diputada del GEN con mandato cumplido critica la \u201csoberbia electoral\u201d de Macri por avanzar con una ley que \u201cperjudica a los jubilados\u201d y lo acusa de \u201ctraicionar\u201d la promesa de di\u00e1logo que hizo al llegar al poder. Tambi\u00e9n dice que es \u201cinconcebible\u201d que Cristina ocupe una banca en el Senado y pide recuperar \u201cla capacidad de indignaci\u00f3n\u201d. El Congreso, \u201cuna etapa concluida\u201d. <\/strong><\/p>\n<p>Margarita Stolbizer tom\u00f3 distancia de la escena nacional poco despu\u00e9s de la elecci\u00f3n de octubre pasado que la dej\u00f3 afuera del Congreso.<br \/>\nPero en este diciembre caliente decidi\u00f3 romper el silencio y en un reportaje con 3D\u00edas deja algunas definiciones pol\u00edticas que parecen alejarla definitivamente de las especulaciones que se tejieron tras los comicios legislativos sobre un posible acercamiento suyo al Gobierno, luego de su frustrada alianza con Sergio Massa. La l\u00edder del GEN critica duramente la reforma previsional impulsada por el oficialismo, sostiene que el gran desaf\u00edo del espacio progresista es construir una oposici\u00f3n \u00e9tica y democr\u00e1tica que claramente Cristina Kirchner no representa, y pide retomar el camino del di\u00e1logo \u201cpara frenar la violencia\u201d.<\/p>\n<p>\u25a0 Finalmente el Gobierno logr\u00f3 sacar por ley la reforma previsional en medio de dur\u00edsimas cr\u00edticas. \u00bfEs un triunfo p\u00edrrico de Cambiemos? -Podr\u00eda decirse que s\u00ed. Es una mala reforma, porque perjudica a los jubilados. No es una buena propuesta encontrar fuentes de ahorro quit\u00e1ndoles a los que menos tienen. Ha sido costosa pol\u00edticamente para el Gobierno, que cometi\u00f3 muchos errores y traicion\u00f3 la propuesta de di\u00e1logo que hab\u00eda hecho el Presidente.<br \/>\nIgual que los K en su momento, festejan tener n\u00famero para aprobar una ley, sin importar que lo que est\u00e1n haciendo sea malo.<\/p>\n<p>\u25a0 \u00bfDilapid\u00f3 capital pol\u00edtico Macri al insistir con esta reforma sin buscar mayor consenso? M\u00e1s all\u00e1 de la violencia fuera del Congreso, hubo cacerolazos espont\u00e1neos y apenas han pasado dos meses de que gan\u00f3 las elecciones&#8230;<br \/>\n-Por supuesto. Y fue una demostraci\u00f3n de la soberbia y la prepotencia de los votos en que caen r\u00e1pidamente los que ganan. Han dicho lo mismo que CFK: \u00abSi quieren ganar, pres\u00e9ntense en elecciones. Nosotros ganamos, podemos hacer lo que queremos\u00bb. Los r\u00e9ditos del corto plazo no son sostenibles de este modo.<br \/>\nHay enojo, pero lo m\u00e1s reprochable vuelve a ser que reavivan al kirchnerismo como oposici\u00f3n y le dejan todo el campo libre para que vuelvan a instalarse. En t\u00e9rminos sociales, lo que viene ser\u00e1 peor.<\/p>\n<p>\u25a0 \u00bfQui\u00e9n cre\u00e9s q est\u00e1 detr\u00e1s de la violencia que se vio estos d\u00edas? \u00bfHay sectores pol\u00edticos que quieren terminar con el gobierno de Macri como denuncian algunos oficialistas? -Hay sectores pol\u00edticos y sociales radicalizados, incentivados por los errores del propio Gobierno.<br \/>\nLa violencia no tiene ninguna justificaci\u00f3n, mucho menos la que se genera desde el propio Estado. La violencia ha sido directamente funcional al Gobierno. Porque la mayor\u00eda de los argentinos no quiere volver al pasado.<br \/>\nHay que aprender a ser oposici\u00f3n democr\u00e1tica: no es a los cascotazos.<\/p>\n<p>\u25a0 \u00bfCre\u00e9s que el kirchnerismo se autoinculpa al no haber condenado la violencia? S\u00f3lo se los ve\u00eda preocupados por hacer caer la sesi\u00f3n&#8230;<br \/>\n&#8211; Estamos tironeados por dos extremos que se retroalimentan entre s\u00ed. A ninguno le importa lo que pasa con los jubilados, o con los pobres.<br \/>\nSolo piensan en acumular y ejercer poder. Esa ha sido la motivaci\u00f3n de Macri en una reforma que, adem\u00e1s de mala, es inoportuna, innecesaria, con grandes costos sociales. Y el kirchnerismo quiere mostrar que sigue teniendo poder, capacidad de movilizar y de condicionar al Gobierno. Hay que condenar la violencia.<br \/>\nLa sesi\u00f3n especial en las horas de las cuestiones de privilegio fue un bochorno. En el debate sobre la reforma previsional eran m\u00e1s convincentes Tundis, Arroyo y Lousteau que cualquiera de los kirchneristas, por sus pobres argumentos, chicanas y por hacerlo de manera violenta dentro y fuera del Congreso.<\/p>\n<p>\u25a0 En otras oportunidades el Gobierno retrocedi\u00f3 ante el malestar que generaron algunas de sus medidas. No esta vez. \u00bfSer\u00e1 porque, como dicen ellos, si no los n\u00fameros no cierran? -Lo de los n\u00fameros es el gran enga\u00f1o, que empez\u00f3 con la amenaza del Presidente una semana antes, cuando dijo que si no se aprobaba la reforma, el pa\u00eds pod\u00eda estallar. Me llama la atenci\u00f3n que pas\u00f3 casi como si nada. Hay muchas posibilidades de obtener recursos para bajar el d\u00e9ficit antes que tocar los haberes de los jubilados, no quieren hacerlo. Seguir\u00e1n con la quita de retenciones a las mineras y al campo y mucho gasto p\u00fablico innecesario, pero escondido. Ni que hablar de la plata que siguen poniendo en la AFI y que no sirve para nada porque nada hacen en serio de tarea de inteligencia.<br \/>\nEn el no retroceso hubo soberbia electoral y tambi\u00e9n los consejeros presidenciales que le quieren hacer mostrar una autoridad de golpe en la mesa que es equivocada.<br \/>\nCreo que los gobiernos que saben escuchar se fortalecen. Y el kirchnerismo en la calle y CFK en el Senado le siguen dando una mano para agitar el fantasma del miedo al pasado.<\/p>\n<p>\u25a0 \u00bfTem\u00e9s una escalada despu\u00e9s del nivel de violencia que se vio en estos d\u00edas? -Estamos viviendo tiempos violentos, en general, en la calle y en muchos lugares. La pol\u00edtica deber\u00eda adoptar ejemplaridad para incentivar una cultura del respeto, la tolerancia y la buena convivencia, pero se hace lo contrario.<br \/>\nNaturalmente estas tensiones descomprimen cuando llega enero. Pero no estamos a salvo de que esto se repita el a\u00f1o que viene. Las fuerzas de seguridad act\u00faan de acuerdo a las instrucciones que reciben, ah\u00ed est\u00e1 el problema.<br \/>\nCreen que tener autoridad es mandar a reprimir.<br \/>\nEs necesario frenar la violencia, pero no se puede hacer con m\u00e1s violencia desde el Estado.<br \/>\nDebe retornarse un camino de di\u00e1logo.<\/p>\n<p>\u25a0 Tomaste distancia de los medios tras el comicio de octubre. Vista hoy en perspectiva, \u00bfla alianza con Massa fue un error pol\u00edtico? -No considero un error el acuerdo con Massa.<br \/>\nEstoy convencida que ha sido una decisi\u00f3n correcta, hemos unido dos agendas muy potentes: la agenda social de Massa y el FR, orientada a trabajadores, pymes y producci\u00f3n; y la agenda institucional y de DD.HH. del GEN, con justicia, transparencia y g\u00e9nero como ejes. Pero el contexto nos fue desfavorable porque fue muy exitosa la estrategia de polarizaci\u00f3n y miedo que generaba el kirchnerismo y en particular CFK en la Provincia.<br \/>\n\u25a0 Se habl\u00f3 de un posible acercamiento a Cambiemos y a Vidal, que en principio negaste. Hoy, \u00bfaceptar\u00edas un cargo si te lo propusieran? -Siempre he tenido con Vidal una relaci\u00f3n buena, la hemos apoyado en muchas de sus iniciativas.<br \/>\nElla puede mostrar buenas intenciones, pero no buenos resultados de gesti\u00f3n. Demasiado sciolismo en sus pol\u00edticas y en su Gabinete.<br \/>\nDespu\u00e9s de la elecci\u00f3n no hemos tenido ning\u00fan acercamiento, ni m\u00edo ni del partido.<br \/>\nEstoy segura que no voy a recibir ninguna propuesta porque ellos me respetan en mi diversidad.<br \/>\nNo podr\u00eda entrar al Gobierno porque la sociedad espera de m\u00ed el ejercicio de una buena oposici\u00f3n. Y eso es lo que hace falta. No podemos permitir que la oposici\u00f3n a Cambiemos sea CFK. Para la democracia y para el pa\u00eds, hace falta una oposici\u00f3n y una alternativa progresista y \u00e9tica que ella no puede representar.<\/p>\n<p>\u25a0 \u00bfC\u00f3mo imagin\u00e1s tu futuro pol\u00edtico? -Nunca entend\u00ed la pol\u00edtica solo desde el cargo, sin perjuicio de la visibilidad que otorga.<br \/>\nMis a\u00f1os de mayor producci\u00f3n pol\u00edtica fueron cuando renunci\u00e9 a la UCR y form\u00e9 el GEN. M\u00e1s que nunca, hace falta trabajar para recuperar una cultura de partidos, una expresi\u00f3n del progresismo \u00e9tico que defienda valores sociales, humanos y morales. Me siento muy c\u00f3moda fuera del Congreso, lo considero una etapa concluida. No es bueno aferrarse a los cargos.<\/p>\n<p>\u25a0 La situaci\u00f3n judicial de CFK est\u00e1 hoy a\u00fan m\u00e1s complicada, sobre todo en la causa por el encubrimiento de AMIA. \u00bfQu\u00e9 cre\u00e9s que va a ocurrir con el pedido de desafuero y prisi\u00f3n preventiva que pesa sobre ella? -Hoy parece que CFK ser\u00e1 protegida por la corporaci\u00f3n pol\u00edtica, como lo han hecho con Menem.<br \/>\nY su presencia es muy funcional al Gobierno, que prefiere tenerla ah\u00ed para sostener su estrategia de miedo. Las causas deben prosperar porque los delitos se cometieron y las pruebas est\u00e1n. Es inconcebible que esta se\u00f1ora sea miembro del Congreso, que siga mirando con soberbia y que tantos argentinos permanezcan frente a eso como si nada. Debemos recuperar capacidad de indignaci\u00f3n.<br \/>\nPero la lucha contra la corrupci\u00f3n no es solo hacia el pasado, sino un compromiso con el futuro para que no nos vuelva a ocurrir. \u25a0 3D <\/p>\n<p><strong>Las definiciones de Margarita<\/strong><\/p>\n<p>* \u201cEn el no retroceso (de la reforma previsional) hubo soberbia electoral y tambi\u00e9n los consejeros presidenciales que le quieren hacer mostrar una autoridad de golpe en la mesa que es equivocada\u201d<br \/>\n* \u201cNo considero un error el acuerdo con Massa. El contexto nos fue desfavorable porque fue muy exitosa la estrategia de polarizaci\u00f3n y miedo al kirchnerismo\u201d<br \/>\n* \u201dVidal puede mostrar buenas intenciones, pero no buenos resultados de gesti\u00f3n\u201d<br \/>\n* \u201cNo podemos permitir que la oposici\u00f3n a Cambiemos sea CFK. Hace falta una oposici\u00f3n y una alternativa progresista y \u00e9tica\u201d \u201cEs inconcebible que CFK sea miembro del Congreso y que tantos argentinos permanezcan como si nada.<br \/>\nDebemos recuperar capacidad de indignaci\u00f3n\u201d <\/p>\n<p><img loading=\"lazy\" decoding=\"async\" src=\"https:\/\/www.partidogen.org.ar\/web\/wp-content\/uploads\/2017\/12\/C64291819_01.jpg\" alt=\"\" width=\"1496\" height=\"2041\" class=\"alignnone size-full wp-image-7571\" srcset=\"https:\/\/www.partidogen.org.ar\/web\/wp-content\/uploads\/2017\/12\/C64291819_01.jpg 1496w, https:\/\/www.partidogen.org.ar\/web\/wp-content\/uploads\/2017\/12\/C64291819_01-220x300.jpg 220w, https:\/\/www.partidogen.org.ar\/web\/wp-content\/uploads\/2017\/12\/C64291819_01-768x1048.jpg 768w, https:\/\/www.partidogen.org.ar\/web\/wp-content\/uploads\/2017\/12\/C64291819_01-751x1024.jpg 751w, https:\/\/www.partidogen.org.ar\/web\/wp-content\/uploads\/2017\/12\/C64291819_01-100x136.jpg 100w, https:\/\/www.partidogen.org.ar\/web\/wp-content\/uploads\/2017\/12\/C64291819_01-150x205.jpg 150w, https:\/\/www.partidogen.org.ar\/web\/wp-content\/uploads\/2017\/12\/C64291819_01-200x273.jpg 200w, https:\/\/www.partidogen.org.ar\/web\/wp-content\/uploads\/2017\/12\/C64291819_01-300x409.jpg 300w, https:\/\/www.partidogen.org.ar\/web\/wp-content\/uploads\/2017\/12\/C64291819_01-450x614.jpg 450w, https:\/\/www.partidogen.org.ar\/web\/wp-content\/uploads\/2017\/12\/C64291819_01-600x819.jpg 600w, https:\/\/www.partidogen.org.ar\/web\/wp-content\/uploads\/2017\/12\/C64291819_01-900x1228.jpg 900w\" sizes=\"auto, (max-width: 1496px) 100vw, 1496px\" \/><\/p>\n","protected":false},"excerpt":{"rendered":"<p>REPORTAJE 3D MARGARITA STOLBIZER &#8211; Fuente El Cronista Digital Por Micaela P\u00e9rez La diputada del GEN con mandato cumplido critica la \u201csoberbia electoral\u201d de Macri por avanzar con una ley que \u201cperjudica a los jubilados\u201d y lo acusa de \u201ctraicionar\u201d la promesa de di\u00e1logo que hizo al llegar al poder. Tambi\u00e9n dice que es \u201cinconcebible\u201d [&hellip;]<\/p>\n","protected":false},"author":2,"featured_media":7572,"comment_status":"closed","ping_status":"closed","sticky":false,"template":"","format":"standard","meta":{"footnotes":""},"categories":[44,47],"tags":[],"class_list":["post-7570","post","type-post","status-publish","format-standard","has-post-thumbnail","hentry","category-actualidad","category-margarita-stolbizer-diputados-nacionales"],"_links":{"self":[{"href":"https:\/\/www.partidogen.org.ar\/web\/wp-json\/wp\/v2\/posts\/7570","targetHints":{"allow":["GET"]}}],"collection":[{"href":"https:\/\/www.partidogen.org.ar\/web\/wp-json\/wp\/v2\/posts"}],"about":[{"href":"https:\/\/www.partidogen.org.ar\/web\/wp-json\/wp\/v2\/types\/post"}],"author":[{"embeddable":true,"href":"https:\/\/www.partidogen.org.ar\/web\/wp-json\/wp\/v2\/users\/2"}],"replies":[{"embeddable":true,"href":"https:\/\/www.partidogen.org.ar\/web\/wp-json\/wp\/v2\/comments?post=7570"}],"version-history":[{"count":0,"href":"https:\/\/www.partidogen.org.ar\/web\/wp-json\/wp\/v2\/posts\/7570\/revisions"}],"wp:featuredmedia":[{"embeddable":true,"href":"https:\/\/www.partidogen.org.ar\/web\/wp-json\/wp\/v2\/media\/7572"}],"wp:attachment":[{"href":"https:\/\/www.partidogen.org.ar\/web\/wp-json\/wp\/v2\/media?parent=7570"}],"wp:term":[{"taxonomy":"category","embeddable":true,"href":"https:\/\/www.partidogen.org.ar\/web\/wp-json\/wp\/v2\/categories?post=7570"},{"taxonomy":"post_tag","embeddable":true,"href":"https:\/\/www.partidogen.org.ar\/web\/wp-json\/wp\/v2\/tags?post=7570"}],"curies":[{"name":"wp","href":"https:\/\/api.w.org\/{rel}","templated":true}]}}