{"id":7533,"date":"2017-11-18T11:45:59","date_gmt":"2017-11-18T14:45:59","guid":{"rendered":"https:\/\/www.partidogen.org.ar\/web\/?p=7533"},"modified":"2017-12-20T17:07:39","modified_gmt":"2017-12-20T20:07:39","slug":"abrevaya-pidio-tarifas-preferenciales-para-consorcios-en-la-audiencia-publica-por-tarifas-de-luz","status":"publish","type":"post","link":"https:\/\/www.partidogen.org.ar\/web\/abrevaya-pidio-tarifas-preferenciales-para-consorcios-en-la-audiencia-publica-por-tarifas-de-luz\/","title":{"rendered":"Abrevaya pidi\u00f3 tarifas preferenciales para consorcios en la Audiencia P\u00fablica por Tarifas de Luz"},"content":{"rendered":"<p><iframe loading=\"lazy\" src=\"https:\/\/www.youtube.com\/embed\/6tk_E0od1iU?ecver=2\" width=\"480\" height=\"360\" frameborder=\"0\" gesture=\"media\" style=\"position:absolute;width:100%;height:100%;left:0\" allowfullscreen><\/iframe><br \/>\nC.A.B.A.<br \/>\n<strong>\u00ab<span class=\"first\">L<\/span>os consorcios no son f\u00e1bricas, no pueden pagar la tarifa de un gran consumidor, son multiviviendas\u00bb, expres\u00f3 el legislador electo por CABA, Sergio Abrevaya, quien se present\u00f3 como orador en la Audiencia P\u00fablica por Tarifas de Electricidad ante el inminente incremento de este servicio. <\/strong><\/p>\n<p>\u201cEn estas audiencias siempre manifestamos que las tarifas deben ser consideradas en su conjunto, por el impacto que tienen en el salario. En el caso de los consorcios, debemos hablar de las tres, gas, luz y agua, porque \u00e9sta tambi\u00e9n est\u00e1 avanzando sobre el prorrateo dentro de las expensas\u201d, sostuvo Abrevaya, quien adem\u00e1s indic\u00f3: \u201cSolicitamos la creaci\u00f3n de una tarifa social para los consorcistas que puedan acceder a ella, pero no pueden pedirla porque el consorcio no est\u00e1 considerado como una multivivienda.\u201d<\/p>\n<p>El referente del GEN record\u00f3: \u00abHoy existen edificios que son exclusivamente el\u00e9ctricos, no consumen gas pero pagan alt\u00edsimas tarifas de luz, esto deber\u00eda analizarse y entenderse normativamente, dos de los tres millones de ciudadanos de CABA viven en consorcios.\u00bb<\/p>\n<p>Para finalizar, el Legislador electo explic\u00f3: \u00abEstamos en un marco econ\u00f3mico complicado en relaci\u00f3n a la inflaci\u00f3n, el gobierno se dio cuenta de esto y ha tomado medidas inconvenientes desde el Banco Central, una vieja receta monetarista para frenarla, pero mientras tanto incrementa las tarifas\u201d, y agreg\u00f3: \u201cMe parece un sinsentido, el gobierno deber\u00eda centrarse en un an\u00e1lisis de desarrollo de la Argentina y desde all\u00ed pensar las medidas a tomar para ir en ese rumbo\u00bb.<\/p>\n","protected":false},"excerpt":{"rendered":"<p>\u00abLos consorcios no son f\u00e1bricas, no pueden pagar la tarifa de un gran consumidor, son multiviviendas\u00bb, expres\u00f3 el legislador electo por CABA, Sergio Abrevaya, quien se present\u00f3 como orador en la Audiencia P\u00fablica por Tarifas de Electricidad ante el inminente incremento de este servicio. <\/p>\n","protected":false},"author":2,"featured_media":7537,"comment_status":"closed","ping_status":"closed","sticky":false,"template":"","format":"standard","meta":{"footnotes":""},"categories":[44,105,115],"tags":[],"class_list":["post-7533","post","type-post","status-publish","format-standard","has-post-thumbnail","hentry","category-actualidad","category-caba","category-sergio-abrevaya"],"_links":{"self":[{"href":"https:\/\/www.partidogen.org.ar\/web\/wp-json\/wp\/v2\/posts\/7533","targetHints":{"allow":["GET"]}}],"collection":[{"href":"https:\/\/www.partidogen.org.ar\/web\/wp-json\/wp\/v2\/posts"}],"about":[{"href":"https:\/\/www.partidogen.org.ar\/web\/wp-json\/wp\/v2\/types\/post"}],"author":[{"embeddable":true,"href":"https:\/\/www.partidogen.org.ar\/web\/wp-json\/wp\/v2\/users\/2"}],"replies":[{"embeddable":true,"href":"https:\/\/www.partidogen.org.ar\/web\/wp-json\/wp\/v2\/comments?post=7533"}],"version-history":[{"count":0,"href":"https:\/\/www.partidogen.org.ar\/web\/wp-json\/wp\/v2\/posts\/7533\/revisions"}],"wp:featuredmedia":[{"embeddable":true,"href":"https:\/\/www.partidogen.org.ar\/web\/wp-json\/wp\/v2\/media\/7537"}],"wp:attachment":[{"href":"https:\/\/www.partidogen.org.ar\/web\/wp-json\/wp\/v2\/media?parent=7533"}],"wp:term":[{"taxonomy":"category","embeddable":true,"href":"https:\/\/www.partidogen.org.ar\/web\/wp-json\/wp\/v2\/categories?post=7533"},{"taxonomy":"post_tag","embeddable":true,"href":"https:\/\/www.partidogen.org.ar\/web\/wp-json\/wp\/v2\/tags?post=7533"}],"curies":[{"name":"wp","href":"https:\/\/api.w.org\/{rel}","templated":true}]}}