{"id":7517,"date":"2017-11-14T11:59:20","date_gmt":"2017-11-14T14:59:20","guid":{"rendered":"https:\/\/www.partidogen.org.ar\/web\/?p=7517"},"modified":"2017-11-28T15:56:43","modified_gmt":"2017-11-28T18:56:43","slug":"enmienda-a-los-principios-rectores","status":"publish","type":"post","link":"https:\/\/www.partidogen.org.ar\/web\/enmienda-a-los-principios-rectores\/","title":{"rendered":"Enmienda a los Principios Rectores"},"content":{"rendered":"<p><img loading=\"lazy\" decoding=\"async\" src=\"https:\/\/www.partidogen.org.ar\/web\/wp-content\/uploads\/2017\/11\/643.jpg\" alt=\"\" width=\"526\" height=\"370\" class=\"alignright size-full wp-image-7518\" srcset=\"https:\/\/www.partidogen.org.ar\/web\/wp-content\/uploads\/2017\/11\/643.jpg 526w, https:\/\/www.partidogen.org.ar\/web\/wp-content\/uploads\/2017\/11\/643-300x211.jpg 300w, https:\/\/www.partidogen.org.ar\/web\/wp-content\/uploads\/2017\/11\/643-100x70.jpg 100w, https:\/\/www.partidogen.org.ar\/web\/wp-content\/uploads\/2017\/11\/643-150x106.jpg 150w, https:\/\/www.partidogen.org.ar\/web\/wp-content\/uploads\/2017\/11\/643-200x141.jpg 200w, https:\/\/www.partidogen.org.ar\/web\/wp-content\/uploads\/2017\/11\/643-450x317.jpg 450w\" sizes=\"auto, (max-width: 526px) 100vw, 526px\" \/><br \/>\n<strong><span class=\"first\">Q<\/span>ueridos amigos\/as y camaradas,<\/strong><\/p>\n<p>Durante su Convenci\u00f3n celebrada en marzo de 2017 en Berl\u00edn, la Alianza Progresista adopt\u00f3, entre otros, los Principios Rectores para fortalecer nuestra red tambi\u00e9n a nivel organizativo. Con los principios rectores tambi\u00e9n tenemos una base fiable y transparente para las finanzas de la Alianza Progresista.<\/p>\n<p>Posteriormente a la Convenci\u00f3n quer\u00edamos abrir una cuenta bancaria. No obstante, los profesionales jur\u00eddicos del banco notaron que hay un aspecto que falta en los principios rectores que impide abrir una cuenta bancaria. El caso es que no hay ninguna cl\u00e1usula que establezca un derecho de representaci\u00f3n del coordinador con respecto a la gesti\u00f3n de la cuenta de la Alianza Progresista. <\/p>\n<p>Por lo tanto, queremos proponer en concertaci\u00f3n con el banco y un abogado que se complementan los principios rectores con la frase siguiente: <strong>\u00abEn el marco de los asuntos financieros de la Alianza Progresista el mismo<\/strong> (el coordinador) <strong>est\u00e1 facultado a ejercer la representaci\u00f3n exclusiva\u00bb.<\/strong><\/p>\n<p>Por consiguiente, la cl\u00e1usula completa sobre las finanzas en relaci\u00f3n con el coordinador ser\u00eda la siguiente:<\/p>\n<p>\u00abV. \u00d3rganos \/ 3. punto Coordinador<\/p>\n<p>(\u2026) El Coordinador es miembro del Comit\u00e9 Financiero y de la Direcci\u00f3n con derecho a voto. El Coordinador gestiona las finanzas y presenta el estado financiero anual ante el Comit\u00e9 Financiero. <strong>En el marco de los asuntos financieros de la Alianza Progresista el mismo est\u00e1 facultado a ejercer la representaci\u00f3n exclusiva.<\/strong>\u201c Cada dos a\u00f1os el Coordinador elabora un informe de actividades para la Direcci\u00f3n. (\u2026)\u00ab<\/p>\n<p>Durante la pr\u00f3xima reuni\u00f3n del Comit\u00e9 de Coordinaci\u00f3n que se celebrar\u00e1 el 10 de noviembre de 2017 en San Jos\u00e9, Costa Rica, est\u00e1 previsto someter esta enmienda a votaci\u00f3n.<\/p>\n<p>Saludos cordiales<\/p>\n<p>Konstantin<\/p>\n<p>Postdata: Les adjunto los enlaces de los Principios Rectores, tal y como los adoptamos durante la Convenci\u00f3n en marzo de 2017: <a href=\"http:\/\/progressive-alliance.info\/network\/guiding-principles\/\" target=\"_blank\">http:\/\/progressive-alliance.info\/network\/guiding-principles\/<\/a> <\/p>\n","protected":false},"excerpt":{"rendered":"<p>En su Convenio en marzo de 2017 Berl\u00edn, la Alianza Progresista adopt\u00f3 entre otros documentos los principios rectores a fin de fortalecer la estructura organizativa de nuestra red. Los Principios Rectores tambi\u00e9n proporcionan una base fiable y transparente de las finanzas de la Alianza Progresista.<\/p>\n","protected":false},"author":2,"featured_media":7518,"comment_status":"closed","ping_status":"closed","sticky":false,"template":"","format":"standard","meta":{"footnotes":""},"categories":[44,136],"tags":[],"class_list":["post-7517","post","type-post","status-publish","format-standard","has-post-thumbnail","hentry","category-actualidad","category-alianza-progresista"],"_links":{"self":[{"href":"https:\/\/www.partidogen.org.ar\/web\/wp-json\/wp\/v2\/posts\/7517","targetHints":{"allow":["GET"]}}],"collection":[{"href":"https:\/\/www.partidogen.org.ar\/web\/wp-json\/wp\/v2\/posts"}],"about":[{"href":"https:\/\/www.partidogen.org.ar\/web\/wp-json\/wp\/v2\/types\/post"}],"author":[{"embeddable":true,"href":"https:\/\/www.partidogen.org.ar\/web\/wp-json\/wp\/v2\/users\/2"}],"replies":[{"embeddable":true,"href":"https:\/\/www.partidogen.org.ar\/web\/wp-json\/wp\/v2\/comments?post=7517"}],"version-history":[{"count":0,"href":"https:\/\/www.partidogen.org.ar\/web\/wp-json\/wp\/v2\/posts\/7517\/revisions"}],"wp:featuredmedia":[{"embeddable":true,"href":"https:\/\/www.partidogen.org.ar\/web\/wp-json\/wp\/v2\/media\/7518"}],"wp:attachment":[{"href":"https:\/\/www.partidogen.org.ar\/web\/wp-json\/wp\/v2\/media?parent=7517"}],"wp:term":[{"taxonomy":"category","embeddable":true,"href":"https:\/\/www.partidogen.org.ar\/web\/wp-json\/wp\/v2\/categories?post=7517"},{"taxonomy":"post_tag","embeddable":true,"href":"https:\/\/www.partidogen.org.ar\/web\/wp-json\/wp\/v2\/tags?post=7517"}],"curies":[{"name":"wp","href":"https:\/\/api.w.org\/{rel}","templated":true}]}}