{"id":7233,"date":"2017-09-27T19:40:43","date_gmt":"2017-09-27T22:40:43","guid":{"rendered":"https:\/\/www.partidogen.org.ar\/web\/?p=7233"},"modified":"2017-10-02T14:47:00","modified_gmt":"2017-10-02T17:47:00","slug":"stolbizer-tombolini-y-abrevaya-en-el-barrio-de-belgrano","status":"publish","type":"post","link":"https:\/\/www.partidogen.org.ar\/web\/stolbizer-tombolini-y-abrevaya-en-el-barrio-de-belgrano\/","title":{"rendered":"Stolbizer, Tombolini y Abrevaya en el barrio de Belgrano"},"content":{"rendered":"<p><img loading=\"lazy\" decoding=\"async\" src=\"https:\/\/www.partidogen.org.ar\/web\/wp-content\/uploads\/2017\/09\/897.jpg\" alt=\"\" width=\"526\" height=\"370\" class=\"alignright size-full wp-image-7235\" srcset=\"https:\/\/www.partidogen.org.ar\/web\/wp-content\/uploads\/2017\/09\/897.jpg 526w, https:\/\/www.partidogen.org.ar\/web\/wp-content\/uploads\/2017\/09\/897-300x211.jpg 300w, https:\/\/www.partidogen.org.ar\/web\/wp-content\/uploads\/2017\/09\/897-100x70.jpg 100w, https:\/\/www.partidogen.org.ar\/web\/wp-content\/uploads\/2017\/09\/897-150x106.jpg 150w, https:\/\/www.partidogen.org.ar\/web\/wp-content\/uploads\/2017\/09\/897-200x141.jpg 200w, https:\/\/www.partidogen.org.ar\/web\/wp-content\/uploads\/2017\/09\/897-450x317.jpg 450w\" sizes=\"auto, (max-width: 526px) 100vw, 526px\" \/><br \/>\n<strong><span class=\"first\">L<\/span>a candidata a Senadora por <a href=\"http:\/\/1pais.com\/\" target=\"_blank\">1Pa\u00eds<\/a>, Margarita Stolbizer, acompa\u00f1\u00f3 a los candidatos que representan al frente en la Ciudad, Mat\u00edas Tombolini (Diputado Nacional) y Sergio Abrevaya (Legislador Porte\u00f1o) en una caminata por la Avenida Cabildo del barrio de Belgrano. Durante la recorrida, los referentes de <a href=\"http:\/\/1pais.com\/\" target=\"_blank\">1Pa\u00eds<\/a> dialogaron con los vecinos que se acercaron a expresar sus inquietudes.<\/strong><\/p>\n<p>Margarita Stolbizer expres\u00f3: \u201cEl gobierno deber\u00eda convocar a un Acuerdo de Pol\u00edticas P\u00fablicas (salud, educaci\u00f3n, justicia y reforma tributaria) a todas las fuerzas pol\u00edticas, y que se debatan en el parlamento, para dar un inicio real a sentar las bases de un crecimiento y desarrollo sostenible\u201d.<\/p>\n<p>Por su parte, Mat\u00edas Tombolini y Sergio Abrevaya coincidieron en que \u201cestamos en una etapa en la cual el gobierno se muestra a favor de la especulaci\u00f3n cuando hay que reactivar el consumo y generar trabajo argentino para vivir de nuestro propio esfuerzo. Por eso insistimos con propiciar el desarrollo de las PyMEs\u201d.<\/p>\n","protected":false},"excerpt":{"rendered":"<p>\u201cEl gobierno deber\u00eda convocar a un Acuerdo de Pol\u00edticas P\u00fablicas (salud, educaci\u00f3n, justicia y reforma tributaria) a todas las fuerzas pol\u00edticas, y que se debatan en el parlamento,  para dar un inicio real a sentar las bases de un crecimiento y desarrollo sostenible\u201d.<\/p>\n","protected":false},"author":2,"featured_media":7235,"comment_status":"closed","ping_status":"closed","sticky":false,"template":"","format":"standard","meta":{"footnotes":""},"categories":[133,44,105,47,115],"tags":[],"class_list":["post-7233","post","type-post","status-publish","format-standard","has-post-thumbnail","hentry","category-1pais","category-actualidad","category-caba","category-margarita-stolbizer-diputados-nacionales","category-sergio-abrevaya"],"_links":{"self":[{"href":"https:\/\/www.partidogen.org.ar\/web\/wp-json\/wp\/v2\/posts\/7233","targetHints":{"allow":["GET"]}}],"collection":[{"href":"https:\/\/www.partidogen.org.ar\/web\/wp-json\/wp\/v2\/posts"}],"about":[{"href":"https:\/\/www.partidogen.org.ar\/web\/wp-json\/wp\/v2\/types\/post"}],"author":[{"embeddable":true,"href":"https:\/\/www.partidogen.org.ar\/web\/wp-json\/wp\/v2\/users\/2"}],"replies":[{"embeddable":true,"href":"https:\/\/www.partidogen.org.ar\/web\/wp-json\/wp\/v2\/comments?post=7233"}],"version-history":[{"count":0,"href":"https:\/\/www.partidogen.org.ar\/web\/wp-json\/wp\/v2\/posts\/7233\/revisions"}],"wp:featuredmedia":[{"embeddable":true,"href":"https:\/\/www.partidogen.org.ar\/web\/wp-json\/wp\/v2\/media\/7235"}],"wp:attachment":[{"href":"https:\/\/www.partidogen.org.ar\/web\/wp-json\/wp\/v2\/media?parent=7233"}],"wp:term":[{"taxonomy":"category","embeddable":true,"href":"https:\/\/www.partidogen.org.ar\/web\/wp-json\/wp\/v2\/categories?post=7233"},{"taxonomy":"post_tag","embeddable":true,"href":"https:\/\/www.partidogen.org.ar\/web\/wp-json\/wp\/v2\/tags?post=7233"}],"curies":[{"name":"wp","href":"https:\/\/api.w.org\/{rel}","templated":true}]}}