{"id":7188,"date":"2017-09-20T19:27:11","date_gmt":"2017-09-20T22:27:11","guid":{"rendered":"https:\/\/www.partidogen.org.ar\/web\/?p=7188"},"modified":"2017-09-27T19:42:37","modified_gmt":"2017-09-27T22:42:37","slug":"stolbizer-paso-por-la-plata-haciendo-foco-en-la-agenda-de-genero","status":"publish","type":"post","link":"https:\/\/www.partidogen.org.ar\/web\/stolbizer-paso-por-la-plata-haciendo-foco-en-la-agenda-de-genero\/","title":{"rendered":"Stolbizer paso por La Plata haciendo foco en la agenda de g\u00e9nero"},"content":{"rendered":"<p><img loading=\"lazy\" decoding=\"async\" src=\"https:\/\/www.partidogen.org.ar\/web\/wp-content\/uploads\/2017\/09\/892.jpg\" alt=\"\" width=\"526\" height=\"370\" class=\"alignright size-full wp-image-7189\" srcset=\"https:\/\/www.partidogen.org.ar\/web\/wp-content\/uploads\/2017\/09\/892.jpg 526w, https:\/\/www.partidogen.org.ar\/web\/wp-content\/uploads\/2017\/09\/892-300x211.jpg 300w, https:\/\/www.partidogen.org.ar\/web\/wp-content\/uploads\/2017\/09\/892-100x70.jpg 100w, https:\/\/www.partidogen.org.ar\/web\/wp-content\/uploads\/2017\/09\/892-150x106.jpg 150w, https:\/\/www.partidogen.org.ar\/web\/wp-content\/uploads\/2017\/09\/892-200x141.jpg 200w, https:\/\/www.partidogen.org.ar\/web\/wp-content\/uploads\/2017\/09\/892-450x317.jpg 450w\" sizes=\"auto, (max-width: 526px) 100vw, 526px\" \/><br \/>\n20\/09\/2017.<br \/>\n<strong><span class=\"first\">D<\/span>espu\u00e9s de haber hecho una caminata con los candidatos locales, la candidata a senadora nacional por <a href=\"http:\/\/1pais.com\/\" target=\"_blank\">1Pa\u00eds<\/a>, Margarita Stolbizer, comparti\u00f3 una \u00abmateada\u00bb en el Centro Cultural Islas Malvinas con mujeres platenses que participan en diferentes instituciones u organizaciones sociales, barriales y comunitarias. Tambi\u00e9n algunas dirigentes gremiales que se refirieron a la situaci\u00f3n de las mujeres en el mundo del trabajo.<\/strong><\/p>\n<p>Stolbizer atendi\u00f3 a los medios sobre la Avenida 7 en el inicio de la caminata y all\u00ed se refiri\u00f3 a la lucha contra la impunidad y la corrupci\u00f3n.<\/p>\n<p>La candidata a senadora por el Frente <a href=\"http:\/\/1pais.com\/\" target=\"_blank\">1Pa\u00eds<\/a>, junto al candidato a diputado provincial Jos\u00e9 Arteaga y el candidato a concejal por La Plata, Gast\u00f3n Crespo, recorrieron las calles de la ciudad para dialogar con los vecinos.<\/p>\n<p>\u00abEl problema de la Argentina es la corrupci\u00f3n y la impunidad\u00bb, refiri\u00f3 la actual diputada nacional. \u00ab<a href=\"http:\/\/1pais.com\/\" target=\"_blank\">1Pa\u00eds<\/a> est\u00e1 m\u00e1s unido que nunca para ubicarse por encima de la grieta y discutir los temas que realmente importan, los que van a mejorar la vida de las personas\u00bb. \u00abSe necesita una reforma estructural de la justicia. No puede ser que las investigaciones y los procesos duren tantos a\u00f1os. Hay que reconstruir la confianza social en las instituciones. Trabajamos para terminar con la corrupci\u00f3n, que vayan presos los que cometieron delitos y devuelvan lo robado. Pero tambi\u00e9n hay que asegurar un sistema fuerte para impedir que nos vuelva a ocurrir\u00bb.<\/p>\n<p>Luego de la recorrida, Stolbizer particip\u00f3 de una mateada con mujeres que realizan diferentes actividades en la ciudad: deportistas, abogadas, cient\u00edficas, defensoras de la situaci\u00f3n en los barrios y trabajadoras de diversos sectores. <\/p>\n<p>Entre las principales problem\u00e1ticas que se debatieron, se puso especial \u00e9nfasis en las cuestiones vinculadas a la discriminaci\u00f3n en el acceso a los puestos de trabajo, el ejercicio de los derechos reproductivos y la desigualdad en los ingresos.<\/p>\n<p>\u00abEs importante que nos planteemos la necesidad de la autoconciencia sobre la desigualdad que vivimos. La mayor\u00eda de las mujeres sufren esa desigualdad, m\u00e1s all\u00e1 de que en lo individual no lo perciban\u00bb.<\/p>\n<p>\u00abTenemos una agenda de g\u00e9nero que no existe para otros candidatos. Porque hay que reformar varias leyes para promover igualdad. Sobre todo en el trabajo. Para eso defendemos la paridad en las listas. para llevar esa agenda al Congreso y que las mujeres ganen lo mismo que los hombres por la misma tarea y que puedan acceder a espacios de poder en iguales condiciones que ellos. Se necesita a los varones haci\u00e9ndose cargo de las responsabilidades familiares\u00bb, concluy\u00f3 Margarita Stolbizer.<br \/>\n\n\t\t<style type=\"text\/css\">\n\t\t\t#gallery-1 {\n\t\t\t\tmargin: auto;\n\t\t\t}\n\t\t\t#gallery-1 .gallery-item {\n\t\t\t\tfloat: left;\n\t\t\t\tmargin-top: 10px;\n\t\t\t\ttext-align: center;\n\t\t\t\twidth: 33%;\n\t\t\t}\n\t\t\t#gallery-1 img {\n\t\t\t\tborder: 2px solid #cfcfcf;\n\t\t\t}\n\t\t\t#gallery-1 .gallery-caption {\n\t\t\t\tmargin-left: 0;\n\t\t\t}\n\t\t\t\/* see gallery_shortcode() in wp-includes\/media.php *\/\n\t\t<\/style>\n\t\t<div id='gallery-1' class='gallery galleryid-7188 gallery-columns-3 gallery-size-thumbnail'><dl class='gallery-item'>\n\t\t\t<dt class='gallery-icon landscape'>\n\t\t\t\t<a href='https:\/\/www.partidogen.org.ar\/web\/wp-content\/uploads\/2017\/09\/LaPlata200920171.jpeg'><img loading=\"lazy\" decoding=\"async\" width=\"150\" height=\"150\" src=\"https:\/\/www.partidogen.org.ar\/web\/wp-content\/uploads\/2017\/09\/LaPlata200920171-150x150.jpeg\" class=\"attachment-thumbnail size-thumbnail\" alt=\"\" \/><\/a>\n\t\t\t<\/dt><\/dl><dl class='gallery-item'>\n\t\t\t<dt class='gallery-icon landscape'>\n\t\t\t\t<a href='https:\/\/www.partidogen.org.ar\/web\/wp-content\/uploads\/2017\/09\/LaPlata200920173.jpeg'><img loading=\"lazy\" decoding=\"async\" width=\"150\" height=\"150\" src=\"https:\/\/www.partidogen.org.ar\/web\/wp-content\/uploads\/2017\/09\/LaPlata200920173-150x150.jpeg\" class=\"attachment-thumbnail size-thumbnail\" alt=\"\" \/><\/a>\n\t\t\t<\/dt><\/dl><dl class='gallery-item'>\n\t\t\t<dt class='gallery-icon landscape'>\n\t\t\t\t<a href='https:\/\/www.partidogen.org.ar\/web\/wp-content\/uploads\/2017\/09\/LaPlata20092017004.jpeg'><img loading=\"lazy\" decoding=\"async\" width=\"150\" height=\"150\" src=\"https:\/\/www.partidogen.org.ar\/web\/wp-content\/uploads\/2017\/09\/LaPlata20092017004-150x150.jpeg\" class=\"attachment-thumbnail size-thumbnail\" alt=\"\" \/><\/a>\n\t\t\t<\/dt><\/dl><br style=\"clear: both\" \/>\n\t\t<\/div>\n","protected":false},"excerpt":{"rendered":"<p>\u00abEs importante que nos planteemos la necesidad de la autoconciencia sobre la desigualdad que vivimos. La mayor\u00eda de las mujeres sufren esa desigualdad, m\u00e1s all\u00e1 de que en lo individual no lo perciban\u00bb.<\/p>\n","protected":false},"author":2,"featured_media":7189,"comment_status":"closed","ping_status":"closed","sticky":false,"template":"","format":"standard","meta":{"footnotes":""},"categories":[133,44,47],"tags":[],"class_list":["post-7188","post","type-post","status-publish","format-standard","has-post-thumbnail","hentry","category-1pais","category-actualidad","category-margarita-stolbizer-diputados-nacionales"],"_links":{"self":[{"href":"https:\/\/www.partidogen.org.ar\/web\/wp-json\/wp\/v2\/posts\/7188","targetHints":{"allow":["GET"]}}],"collection":[{"href":"https:\/\/www.partidogen.org.ar\/web\/wp-json\/wp\/v2\/posts"}],"about":[{"href":"https:\/\/www.partidogen.org.ar\/web\/wp-json\/wp\/v2\/types\/post"}],"author":[{"embeddable":true,"href":"https:\/\/www.partidogen.org.ar\/web\/wp-json\/wp\/v2\/users\/2"}],"replies":[{"embeddable":true,"href":"https:\/\/www.partidogen.org.ar\/web\/wp-json\/wp\/v2\/comments?post=7188"}],"version-history":[{"count":0,"href":"https:\/\/www.partidogen.org.ar\/web\/wp-json\/wp\/v2\/posts\/7188\/revisions"}],"wp:featuredmedia":[{"embeddable":true,"href":"https:\/\/www.partidogen.org.ar\/web\/wp-json\/wp\/v2\/media\/7189"}],"wp:attachment":[{"href":"https:\/\/www.partidogen.org.ar\/web\/wp-json\/wp\/v2\/media?parent=7188"}],"wp:term":[{"taxonomy":"category","embeddable":true,"href":"https:\/\/www.partidogen.org.ar\/web\/wp-json\/wp\/v2\/categories?post=7188"},{"taxonomy":"post_tag","embeddable":true,"href":"https:\/\/www.partidogen.org.ar\/web\/wp-json\/wp\/v2\/tags?post=7188"}],"curies":[{"name":"wp","href":"https:\/\/api.w.org\/{rel}","templated":true}]}}