{"id":7173,"date":"2017-09-19T14:59:43","date_gmt":"2017-09-19T17:59:43","guid":{"rendered":"https:\/\/www.partidogen.org.ar\/web\/?p=7173"},"modified":"2017-09-22T20:51:19","modified_gmt":"2017-09-22T23:51:19","slug":"los-paises-que-progresan-son-los-que-construyen-consensos-no-grietas","status":"publish","type":"post","link":"https:\/\/www.partidogen.org.ar\/web\/los-paises-que-progresan-son-los-que-construyen-consensos-no-grietas\/","title":{"rendered":"\u00abLos pa\u00edses que progresan son los que construyen consensos no grietas\u00bb"},"content":{"rendered":"<p><img loading=\"lazy\" decoding=\"async\" src=\"https:\/\/www.partidogen.org.ar\/web\/wp-content\/uploads\/2017\/09\/890.jpg\" alt=\"\" width=\"526\" height=\"370\" class=\"alignright size-full wp-image-7174\" srcset=\"https:\/\/www.partidogen.org.ar\/web\/wp-content\/uploads\/2017\/09\/890.jpg 526w, https:\/\/www.partidogen.org.ar\/web\/wp-content\/uploads\/2017\/09\/890-300x211.jpg 300w, https:\/\/www.partidogen.org.ar\/web\/wp-content\/uploads\/2017\/09\/890-100x70.jpg 100w, https:\/\/www.partidogen.org.ar\/web\/wp-content\/uploads\/2017\/09\/890-150x106.jpg 150w, https:\/\/www.partidogen.org.ar\/web\/wp-content\/uploads\/2017\/09\/890-200x141.jpg 200w, https:\/\/www.partidogen.org.ar\/web\/wp-content\/uploads\/2017\/09\/890-450x317.jpg 450w\" sizes=\"auto, (max-width: 526px) 100vw, 526px\" \/><br \/>\n19\/09\/2017.<br \/>\n<strong><span class=\"first\">S<\/span>tolbizer continua la \u201cmarat\u00f3n\u201d en la sexta secci\u00f3n electoral. Hoy recorrida por  Coronel Suarez, Pig\u00fc\u00e9, Carhu\u00e9, Dorrego y Tres Arroyos junto a los diputados provinciales Pablo Garate y Ruben Grenada.<\/strong><\/p>\n<p>La candidata a Senadora de <a href=\"http:\/\/1pais.com\/\" target=\"_blank\">1Pa\u00eds<\/a>, Margarita Stolbizer, inici\u00f3 ayer junto a Sergio Massa la segunda etapa de la campa\u00f1a recorriendo el Conurbano y hoy lo hace en el interior.<\/p>\n<p>Los ejes de campa\u00f1a de Massa ser\u00e1n el trabajo, el salario, pymes, jubilados y seguridad. Margarita concentra sus propuestas en 3 ejes: JUSTICIA+TRANSPARENCIA, EDUCACION+TRABAJO, GENERO+IGUALDAD. Y la propuesta general es la unidad. \u201cPorque los pa\u00edses que progresan son los que construyen consensos y no grietas\u201d, fundamenta.<\/p>\n<p>\u201cHay que forzar un debate sobre el sistema impositivo. Ni el kirchnerismo ni el actual gobierno han hecho nada para sacar presi\u00f3n a los que producen y consumen y se sigue beneficiando a los que especulan en la timba financiera. Tambi\u00e9n hay que debatir sobre el papel del estado al que todos desprecian pero donde terminan encontrando un bot\u00edn para la pol\u00edtica\u201d, expres\u00f3 Stolbizer.<br \/>\n\n\t\t<style type=\"text\/css\">\n\t\t\t#gallery-1 {\n\t\t\t\tmargin: auto;\n\t\t\t}\n\t\t\t#gallery-1 .gallery-item {\n\t\t\t\tfloat: left;\n\t\t\t\tmargin-top: 10px;\n\t\t\t\ttext-align: center;\n\t\t\t\twidth: 20%;\n\t\t\t}\n\t\t\t#gallery-1 img {\n\t\t\t\tborder: 2px solid #cfcfcf;\n\t\t\t}\n\t\t\t#gallery-1 .gallery-caption {\n\t\t\t\tmargin-left: 0;\n\t\t\t}\n\t\t\t\/* see gallery_shortcode() in wp-includes\/media.php *\/\n\t\t<\/style>\n\t\t<div id='gallery-1' class='gallery galleryid-7173 gallery-columns-5 gallery-size-thumbnail'><dl class='gallery-item'>\n\t\t\t<dt class='gallery-icon landscape'>\n\t\t\t\t<a href='https:\/\/www.partidogen.org.ar\/web\/wp-content\/uploads\/2017\/09\/003-Coronel-Sua\u0301rez-con-Fabia\u0301n-Gonzalez-1er-candidato-a-concejal-Diputado-Ruben-Grenada-y-candidatos-de-1-pais.jpeg'><img loading=\"lazy\" decoding=\"async\" width=\"150\" height=\"150\" src=\"https:\/\/www.partidogen.org.ar\/web\/wp-content\/uploads\/2017\/09\/003-Coronel-Sua\u0301rez-con-Fabia\u0301n-Gonzalez-1er-candidato-a-concejal-Diputado-Ruben-Grenada-y-candidatos-de-1-pais-150x150.jpeg\" class=\"attachment-thumbnail size-thumbnail\" alt=\"\" \/><\/a>\n\t\t\t<\/dt><\/dl><dl class='gallery-item'>\n\t\t\t<dt class='gallery-icon landscape'>\n\t\t\t\t<a href='https:\/\/www.partidogen.org.ar\/web\/wp-content\/uploads\/2017\/09\/004-Matias-Nebot-Alejandra-Gonzalez-y-Pico-Capotosti-1ero-2do-y-3er-Concejal-respectivamente-de-Pigue.jpeg'><img loading=\"lazy\" decoding=\"async\" width=\"150\" height=\"150\" src=\"https:\/\/www.partidogen.org.ar\/web\/wp-content\/uploads\/2017\/09\/004-Matias-Nebot-Alejandra-Gonzalez-y-Pico-Capotosti-1ero-2do-y-3er-Concejal-respectivamente-de-Pigue-150x150.jpeg\" class=\"attachment-thumbnail size-thumbnail\" alt=\"\" \/><\/a>\n\t\t\t<\/dt><\/dl><dl class='gallery-item'>\n\t\t\t<dt class='gallery-icon landscape'>\n\t\t\t\t<a href='https:\/\/www.partidogen.org.ar\/web\/wp-content\/uploads\/2017\/09\/005.jpeg'><img loading=\"lazy\" decoding=\"async\" width=\"150\" height=\"150\" src=\"https:\/\/www.partidogen.org.ar\/web\/wp-content\/uploads\/2017\/09\/005-150x150.jpeg\" class=\"attachment-thumbnail size-thumbnail\" alt=\"\" \/><\/a>\n\t\t\t<\/dt><\/dl><dl class='gallery-item'>\n\t\t\t<dt class='gallery-icon landscape'>\n\t\t\t\t<a href='https:\/\/www.partidogen.org.ar\/web\/wp-content\/uploads\/2017\/09\/006.jpeg'><img loading=\"lazy\" decoding=\"async\" width=\"150\" height=\"150\" src=\"https:\/\/www.partidogen.org.ar\/web\/wp-content\/uploads\/2017\/09\/006-150x150.jpeg\" class=\"attachment-thumbnail size-thumbnail\" alt=\"\" \/><\/a>\n\t\t\t<\/dt><\/dl><dl class='gallery-item'>\n\t\t\t<dt class='gallery-icon landscape'>\n\t\t\t\t<a href='https:\/\/www.partidogen.org.ar\/web\/wp-content\/uploads\/2017\/09\/007-Adolfo-Alsina.jpeg'><img loading=\"lazy\" decoding=\"async\" width=\"150\" height=\"150\" src=\"https:\/\/www.partidogen.org.ar\/web\/wp-content\/uploads\/2017\/09\/007-Adolfo-Alsina-150x150.jpeg\" class=\"attachment-thumbnail size-thumbnail\" alt=\"\" \/><\/a>\n\t\t\t<\/dt><\/dl><br style=\"clear: both\" \/>\n\t\t<\/div>\n","protected":false},"excerpt":{"rendered":"<p>Stolbizer continua la \u201cmarat\u00f3n\u201d en la sexta secci\u00f3n electoral. Hoy recorrida por  Coronel Suarez, Pig\u00fc\u00e9, Carhu\u00e9, Dorrego y Tres Arroyos junto a los diputados provinciales Pablo Garate y Ruben Grenada.<\/p>\n","protected":false},"author":2,"featured_media":7174,"comment_status":"closed","ping_status":"closed","sticky":false,"template":"","format":"standard","meta":{"footnotes":""},"categories":[133,44,47],"tags":[],"class_list":["post-7173","post","type-post","status-publish","format-standard","has-post-thumbnail","hentry","category-1pais","category-actualidad","category-margarita-stolbizer-diputados-nacionales"],"_links":{"self":[{"href":"https:\/\/www.partidogen.org.ar\/web\/wp-json\/wp\/v2\/posts\/7173","targetHints":{"allow":["GET"]}}],"collection":[{"href":"https:\/\/www.partidogen.org.ar\/web\/wp-json\/wp\/v2\/posts"}],"about":[{"href":"https:\/\/www.partidogen.org.ar\/web\/wp-json\/wp\/v2\/types\/post"}],"author":[{"embeddable":true,"href":"https:\/\/www.partidogen.org.ar\/web\/wp-json\/wp\/v2\/users\/2"}],"replies":[{"embeddable":true,"href":"https:\/\/www.partidogen.org.ar\/web\/wp-json\/wp\/v2\/comments?post=7173"}],"version-history":[{"count":0,"href":"https:\/\/www.partidogen.org.ar\/web\/wp-json\/wp\/v2\/posts\/7173\/revisions"}],"wp:featuredmedia":[{"embeddable":true,"href":"https:\/\/www.partidogen.org.ar\/web\/wp-json\/wp\/v2\/media\/7174"}],"wp:attachment":[{"href":"https:\/\/www.partidogen.org.ar\/web\/wp-json\/wp\/v2\/media?parent=7173"}],"wp:term":[{"taxonomy":"category","embeddable":true,"href":"https:\/\/www.partidogen.org.ar\/web\/wp-json\/wp\/v2\/categories?post=7173"},{"taxonomy":"post_tag","embeddable":true,"href":"https:\/\/www.partidogen.org.ar\/web\/wp-json\/wp\/v2\/tags?post=7173"}],"curies":[{"name":"wp","href":"https:\/\/api.w.org\/{rel}","templated":true}]}}