{"id":7152,"date":"2017-09-18T17:04:01","date_gmt":"2017-09-18T20:04:01","guid":{"rendered":"https:\/\/www.partidogen.org.ar\/web\/?p=7152"},"modified":"2017-09-22T10:54:54","modified_gmt":"2017-09-22T13:54:54","slug":"stolbizer-y-massa-marcaron-los-ejes-tematicos-de-las-propuestas-de-1pais","status":"publish","type":"post","link":"https:\/\/www.partidogen.org.ar\/web\/stolbizer-y-massa-marcaron-los-ejes-tematicos-de-las-propuestas-de-1pais\/","title":{"rendered":"Stolbizer y Massa marcaron los ejes tem\u00e1ticos de las propuestas de 1Pa\u00eds"},"content":{"rendered":"<p><img loading=\"lazy\" decoding=\"async\" src=\"https:\/\/www.partidogen.org.ar\/web\/wp-content\/uploads\/2017\/09\/889.jpg\" alt=\"\" width=\"526\" height=\"370\" class=\"alignright size-full wp-image-7153\" srcset=\"https:\/\/www.partidogen.org.ar\/web\/wp-content\/uploads\/2017\/09\/889.jpg 526w, https:\/\/www.partidogen.org.ar\/web\/wp-content\/uploads\/2017\/09\/889-300x211.jpg 300w, https:\/\/www.partidogen.org.ar\/web\/wp-content\/uploads\/2017\/09\/889-100x70.jpg 100w, https:\/\/www.partidogen.org.ar\/web\/wp-content\/uploads\/2017\/09\/889-150x106.jpg 150w, https:\/\/www.partidogen.org.ar\/web\/wp-content\/uploads\/2017\/09\/889-200x141.jpg 200w, https:\/\/www.partidogen.org.ar\/web\/wp-content\/uploads\/2017\/09\/889-450x317.jpg 450w\" sizes=\"auto, (max-width: 526px) 100vw, 526px\" \/><br \/>\n18\/09\/2017.<br \/>\n<strong><span class=\"first\">L<\/span>os candidatos a senadores nacionales por <a href=\"http:\/\/1pais.com\/\" target=\"_blank\">1Pa\u00eds<\/a>, Sergio Massa y Margarita Stolbizer arrancaron hoy oficialmente la campa\u00f1a con una recorrida tipo \u201cmarat\u00f3n\u201d de apertura, ya que estuvieron en San Martin, Tres de Febrero, Mor\u00f3n, Ituzaing\u00f3 y terminar\u00e1n en  La Matanza.<\/strong><\/p>\n<p>En San Martin visitaron el centro de jubilados Nuestros A\u00f1os Felices en Villa Lynch. Luego, en el Partido de Tres de Febrero recorrieron el centro comercial de Villa Bosch para conocer un  punto donde vecinos colocaron alarmas de programa \u00abAlerta Buenos Aires\u00bb que impuls\u00f3 1Pais durante la campa\u00f1a para las PASO; seguido estuvieron en una escuela conversando con maestros y miembros de la cooperadora. Mas tarde, en el partido de Mor\u00f3n visitaron las instalaciones de la pyme textil LHO y el colegio de farmac\u00e9uticos. En Ituzaingo fueron a un club de barrio con 300 trabajadores. Para fin de la tarde, participar\u00e1n de una reuni\u00f3n en San Justo con mujeres dirigentes.<\/p>\n<p>De este modo marcaron cu\u00e1les ser\u00e1n los ejes tem\u00e1ticos que buscar\u00e1n plantear a lo largo de la campa\u00f1a hacia octubre. Haciendo pie en la propuesta de crecimiento econ\u00f3mico con desarrollo, protegiendo a las pymes y el trabajo. Con una fuerte apuesta a la educaci\u00f3n como herramienta de inclusi\u00f3n social y para garantizar la empleabilidad. Desde <a href=\"http:\/\/1pais.com\/\" target=\"_blank\">1Pa\u00eds<\/a>, se busca llegar a los jubilados, trabajadores, emprendedores, y peque\u00f1as empresas. Y apuntalar la agenda de g\u00e9nero, ausente en las otros espacios.<\/p>\n<p>Margarita Stolbizer expres\u00f3 que: \u00abToda la recorrida del lanzamiento de campa\u00f1a, estuvo enfocada en acercarnos a problem\u00e1ticas que preocupan a los bonaerenses y abordamos desde <a href=\"http:\/\/1pais.com\/\" target=\"_blank\">1Pa\u00eds<\/a>\u00ab. Y agreg\u00f3: \u201cnuestra propuesta es que todas las acciones deben ir en direcci\u00f3n de cuidar el empleo y reactivar el consumo. El desarrollo econ\u00f3mico y la transparencia son claves. El pa\u00eds crece si terminamos con la corrupci\u00f3n, si tenemos una justicia independiente y recuperamos confianza hacia adentro y hacia afuera\u201d<\/p>\n<p>Acompa\u00f1aron la recorrida los candidatos Felipe Sola, Mirta Tundis, Daniel Arroyo, Marcelo Oso D\u00edaz,  Ignacio de Mendiguren, entre otros.<br \/>\n\n\t\t<style type=\"text\/css\">\n\t\t\t#gallery-1 {\n\t\t\t\tmargin: auto;\n\t\t\t}\n\t\t\t#gallery-1 .gallery-item {\n\t\t\t\tfloat: left;\n\t\t\t\tmargin-top: 10px;\n\t\t\t\ttext-align: center;\n\t\t\t\twidth: 20%;\n\t\t\t}\n\t\t\t#gallery-1 img {\n\t\t\t\tborder: 2px solid #cfcfcf;\n\t\t\t}\n\t\t\t#gallery-1 .gallery-caption {\n\t\t\t\tmargin-left: 0;\n\t\t\t}\n\t\t\t\/* see gallery_shortcode() in wp-includes\/media.php *\/\n\t\t<\/style>\n\t\t<div id='gallery-1' class='gallery galleryid-7152 gallery-columns-5 gallery-size-thumbnail'><dl class='gallery-item'>\n\t\t\t<dt class='gallery-icon landscape'>\n\t\t\t\t<a href='https:\/\/www.partidogen.org.ar\/web\/wp-content\/uploads\/2017\/09\/001-CentroJubilados22nuestros-an\u0303os-felices22VillaLynch.jpeg'><img loading=\"lazy\" decoding=\"async\" width=\"150\" height=\"150\" src=\"https:\/\/www.partidogen.org.ar\/web\/wp-content\/uploads\/2017\/09\/001-CentroJubilados22nuestros-an\u0303os-felices22VillaLynch-150x150.jpeg\" class=\"attachment-thumbnail size-thumbnail\" alt=\"\" \/><\/a>\n\t\t\t<\/dt><\/dl><dl class='gallery-item'>\n\t\t\t<dt class='gallery-icon landscape'>\n\t\t\t\t<a href='https:\/\/www.partidogen.org.ar\/web\/wp-content\/uploads\/2017\/09\/002-CentroJubilados22nuestros-an\u0303os-felices22VillaLynch.jpeg'><img loading=\"lazy\" decoding=\"async\" width=\"150\" height=\"150\" src=\"https:\/\/www.partidogen.org.ar\/web\/wp-content\/uploads\/2017\/09\/002-CentroJubilados22nuestros-an\u0303os-felices22VillaLynch-150x150.jpeg\" class=\"attachment-thumbnail size-thumbnail\" alt=\"\" \/><\/a>\n\t\t\t<\/dt><\/dl><dl class='gallery-item'>\n\t\t\t<dt class='gallery-icon landscape'>\n\t\t\t\t<a href='https:\/\/www.partidogen.org.ar\/web\/wp-content\/uploads\/2017\/09\/003-CentroJubilados22nuestros-an\u0303os-felices22VillaLynch.jpeg'><img loading=\"lazy\" decoding=\"async\" width=\"150\" height=\"150\" src=\"https:\/\/www.partidogen.org.ar\/web\/wp-content\/uploads\/2017\/09\/003-CentroJubilados22nuestros-an\u0303os-felices22VillaLynch-150x150.jpeg\" class=\"attachment-thumbnail size-thumbnail\" alt=\"\" \/><\/a>\n\t\t\t<\/dt><\/dl><dl class='gallery-item'>\n\t\t\t<dt class='gallery-icon landscape'>\n\t\t\t\t<a href='https:\/\/www.partidogen.org.ar\/web\/wp-content\/uploads\/2017\/09\/004-Centro-comercial-villa-bosch.jpeg'><img loading=\"lazy\" decoding=\"async\" width=\"150\" height=\"150\" src=\"https:\/\/www.partidogen.org.ar\/web\/wp-content\/uploads\/2017\/09\/004-Centro-comercial-villa-bosch-150x150.jpeg\" class=\"attachment-thumbnail size-thumbnail\" alt=\"Foto: Prensa Stolbizer\" \/><\/a>\n\t\t\t<\/dt><\/dl><dl class='gallery-item'>\n\t\t\t<dt class='gallery-icon landscape'>\n\t\t\t\t<a href='https:\/\/www.partidogen.org.ar\/web\/wp-content\/uploads\/2017\/09\/005-Centro-comercial-villa-bosch.jpeg'><img loading=\"lazy\" decoding=\"async\" width=\"150\" height=\"150\" src=\"https:\/\/www.partidogen.org.ar\/web\/wp-content\/uploads\/2017\/09\/005-Centro-comercial-villa-bosch-150x150.jpeg\" class=\"attachment-thumbnail size-thumbnail\" alt=\"Foto: Prensa Stolbizer\" \/><\/a>\n\t\t\t<\/dt><\/dl><br style=\"clear: both\" \/><dl class='gallery-item'>\n\t\t\t<dt class='gallery-icon landscape'>\n\t\t\t\t<a href='https:\/\/www.partidogen.org.ar\/web\/wp-content\/uploads\/2017\/09\/006-Centro-comercial-de-3-de-febrero.jpeg'><img loading=\"lazy\" decoding=\"async\" width=\"150\" height=\"150\" src=\"https:\/\/www.partidogen.org.ar\/web\/wp-content\/uploads\/2017\/09\/006-Centro-comercial-de-3-de-febrero-150x150.jpeg\" class=\"attachment-thumbnail size-thumbnail\" alt=\"Foto: Prensa Stolbizer\" \/><\/a>\n\t\t\t<\/dt><\/dl><dl class='gallery-item'>\n\t\t\t<dt class='gallery-icon landscape'>\n\t\t\t\t<a href='https:\/\/www.partidogen.org.ar\/web\/wp-content\/uploads\/2017\/09\/007-Centro-comercial-de-3-de-febrero-junto-a-candiodatos-de-catamarca.jpeg'><img loading=\"lazy\" decoding=\"async\" width=\"150\" height=\"150\" src=\"https:\/\/www.partidogen.org.ar\/web\/wp-content\/uploads\/2017\/09\/007-Centro-comercial-de-3-de-febrero-junto-a-candiodatos-de-catamarca-150x150.jpeg\" class=\"attachment-thumbnail size-thumbnail\" alt=\"Foto: Prensa Stolbizer\" \/><\/a>\n\t\t\t<\/dt><\/dl><dl class='gallery-item'>\n\t\t\t<dt class='gallery-icon landscape'>\n\t\t\t\t<a href='https:\/\/www.partidogen.org.ar\/web\/wp-content\/uploads\/2017\/09\/009-Centro-comercial-de-3-de-febrero.jpeg'><img loading=\"lazy\" decoding=\"async\" width=\"150\" height=\"150\" src=\"https:\/\/www.partidogen.org.ar\/web\/wp-content\/uploads\/2017\/09\/009-Centro-comercial-de-3-de-febrero-150x150.jpeg\" class=\"attachment-thumbnail size-thumbnail\" alt=\"Foto: Prensa Stolbizer\" \/><\/a>\n\t\t\t<\/dt><\/dl><dl class='gallery-item'>\n\t\t\t<dt class='gallery-icon landscape'>\n\t\t\t\t<a href='https:\/\/www.partidogen.org.ar\/web\/wp-content\/uploads\/2017\/09\/010-Centro-comercial-de-3-de-febrero.jpeg'><img loading=\"lazy\" decoding=\"async\" width=\"150\" height=\"150\" src=\"https:\/\/www.partidogen.org.ar\/web\/wp-content\/uploads\/2017\/09\/010-Centro-comercial-de-3-de-febrero-150x150.jpeg\" class=\"attachment-thumbnail size-thumbnail\" alt=\"Foto: Prensa Stolbizer\" \/><\/a>\n\t\t\t<\/dt><\/dl><dl class='gallery-item'>\n\t\t\t<dt class='gallery-icon landscape'>\n\t\t\t\t<a href='https:\/\/www.partidogen.org.ar\/web\/wp-content\/uploads\/2017\/09\/012-Centro-comercial-de-3-de-febrero-junto-a-candiodatos-de-catamarca.jpeg'><img loading=\"lazy\" decoding=\"async\" width=\"150\" height=\"150\" src=\"https:\/\/www.partidogen.org.ar\/web\/wp-content\/uploads\/2017\/09\/012-Centro-comercial-de-3-de-febrero-junto-a-candiodatos-de-catamarca-150x150.jpeg\" class=\"attachment-thumbnail size-thumbnail\" alt=\"Foto: Prensa Stolbizer\" \/><\/a>\n\t\t\t<\/dt><\/dl><br style=\"clear: both\" \/><dl class='gallery-item'>\n\t\t\t<dt class='gallery-icon landscape'>\n\t\t\t\t<a href='https:\/\/www.partidogen.org.ar\/web\/wp-content\/uploads\/2017\/09\/013-Centro-comercial-de-3-de-febrero-junto-a-candiodatos-de-catamarca.jpeg'><img loading=\"lazy\" decoding=\"async\" width=\"150\" height=\"150\" src=\"https:\/\/www.partidogen.org.ar\/web\/wp-content\/uploads\/2017\/09\/013-Centro-comercial-de-3-de-febrero-junto-a-candiodatos-de-catamarca-150x150.jpeg\" class=\"attachment-thumbnail size-thumbnail\" alt=\"Foto: Prensa Stolbizer\" \/><\/a>\n\t\t\t<\/dt><\/dl><dl class='gallery-item'>\n\t\t\t<dt class='gallery-icon landscape'>\n\t\t\t\t<a href='https:\/\/www.partidogen.org.ar\/web\/wp-content\/uploads\/2017\/09\/014.jpeg'><img loading=\"lazy\" decoding=\"async\" width=\"150\" height=\"150\" src=\"https:\/\/www.partidogen.org.ar\/web\/wp-content\/uploads\/2017\/09\/014-150x150.jpeg\" class=\"attachment-thumbnail size-thumbnail\" alt=\"Foto: Prensa Stolbizer\" \/><\/a>\n\t\t\t<\/dt><\/dl><dl class='gallery-item'>\n\t\t\t<dt class='gallery-icon landscape'>\n\t\t\t\t<a href='https:\/\/www.partidogen.org.ar\/web\/wp-content\/uploads\/2017\/09\/015.jpeg'><img loading=\"lazy\" decoding=\"async\" width=\"150\" height=\"150\" src=\"https:\/\/www.partidogen.org.ar\/web\/wp-content\/uploads\/2017\/09\/015-150x150.jpeg\" class=\"attachment-thumbnail size-thumbnail\" alt=\"Foto: Prensa Stolbizer\" \/><\/a>\n\t\t\t<\/dt><\/dl><dl class='gallery-item'>\n\t\t\t<dt class='gallery-icon landscape'>\n\t\t\t\t<a href='https:\/\/www.partidogen.org.ar\/web\/wp-content\/uploads\/2017\/09\/016.jpeg'><img loading=\"lazy\" decoding=\"async\" width=\"150\" height=\"150\" src=\"https:\/\/www.partidogen.org.ar\/web\/wp-content\/uploads\/2017\/09\/016-150x150.jpeg\" class=\"attachment-thumbnail size-thumbnail\" alt=\"Foto: Prensa Stolbizer\" \/><\/a>\n\t\t\t<\/dt><\/dl><dl class='gallery-item'>\n\t\t\t<dt class='gallery-icon landscape'>\n\t\t\t\t<a href='https:\/\/www.partidogen.org.ar\/web\/wp-content\/uploads\/2017\/09\/017.jpeg'><img loading=\"lazy\" decoding=\"async\" width=\"150\" height=\"150\" src=\"https:\/\/www.partidogen.org.ar\/web\/wp-content\/uploads\/2017\/09\/017-150x150.jpeg\" class=\"attachment-thumbnail size-thumbnail\" alt=\"Foto: Prensa Stolbizer\" \/><\/a>\n\t\t\t<\/dt><\/dl><br style=\"clear: both\" \/><dl class='gallery-item'>\n\t\t\t<dt class='gallery-icon landscape'>\n\t\t\t\t<a href='https:\/\/www.partidogen.org.ar\/web\/wp-content\/uploads\/2017\/09\/019.jpeg'><img loading=\"lazy\" decoding=\"async\" width=\"150\" height=\"150\" src=\"https:\/\/www.partidogen.org.ar\/web\/wp-content\/uploads\/2017\/09\/019-150x150.jpeg\" class=\"attachment-thumbnail size-thumbnail\" alt=\"Foto: Prensa Stolbizer\" \/><\/a>\n\t\t\t<\/dt><\/dl><dl class='gallery-item'>\n\t\t\t<dt class='gallery-icon landscape'>\n\t\t\t\t<a href='https:\/\/www.partidogen.org.ar\/web\/wp-content\/uploads\/2017\/09\/020.jpeg'><img loading=\"lazy\" decoding=\"async\" width=\"150\" height=\"150\" src=\"https:\/\/www.partidogen.org.ar\/web\/wp-content\/uploads\/2017\/09\/020-150x150.jpeg\" class=\"attachment-thumbnail size-thumbnail\" alt=\"\" \/><\/a>\n\t\t\t<\/dt><\/dl>\n\t\t\t<br style='clear: both' \/>\n\t\t<\/div>\n","protected":false},"excerpt":{"rendered":"<p>Stolbizer: \u201cNuestras propuestas apuntan a cuidar el empleo y reactivar el consumo. Tambi\u00e9n defendemos la agenda de g\u00e9nero\u201d. \u201cEl pa\u00eds crece si terminamos con la corrupci\u00f3n, si tenemos una justicia independiente y recuperamos confianza hacia adentro y hacia afuera\u201d<\/p>\n","protected":false},"author":2,"featured_media":7153,"comment_status":"closed","ping_status":"closed","sticky":false,"template":"","format":"standard","meta":{"footnotes":""},"categories":[133,44,47],"tags":[],"class_list":["post-7152","post","type-post","status-publish","format-standard","has-post-thumbnail","hentry","category-1pais","category-actualidad","category-margarita-stolbizer-diputados-nacionales"],"_links":{"self":[{"href":"https:\/\/www.partidogen.org.ar\/web\/wp-json\/wp\/v2\/posts\/7152","targetHints":{"allow":["GET"]}}],"collection":[{"href":"https:\/\/www.partidogen.org.ar\/web\/wp-json\/wp\/v2\/posts"}],"about":[{"href":"https:\/\/www.partidogen.org.ar\/web\/wp-json\/wp\/v2\/types\/post"}],"author":[{"embeddable":true,"href":"https:\/\/www.partidogen.org.ar\/web\/wp-json\/wp\/v2\/users\/2"}],"replies":[{"embeddable":true,"href":"https:\/\/www.partidogen.org.ar\/web\/wp-json\/wp\/v2\/comments?post=7152"}],"version-history":[{"count":0,"href":"https:\/\/www.partidogen.org.ar\/web\/wp-json\/wp\/v2\/posts\/7152\/revisions"}],"wp:featuredmedia":[{"embeddable":true,"href":"https:\/\/www.partidogen.org.ar\/web\/wp-json\/wp\/v2\/media\/7153"}],"wp:attachment":[{"href":"https:\/\/www.partidogen.org.ar\/web\/wp-json\/wp\/v2\/media?parent=7152"}],"wp:term":[{"taxonomy":"category","embeddable":true,"href":"https:\/\/www.partidogen.org.ar\/web\/wp-json\/wp\/v2\/categories?post=7152"},{"taxonomy":"post_tag","embeddable":true,"href":"https:\/\/www.partidogen.org.ar\/web\/wp-json\/wp\/v2\/tags?post=7152"}],"curies":[{"name":"wp","href":"https:\/\/api.w.org\/{rel}","templated":true}]}}