{"id":7036,"date":"2017-09-02T20:03:35","date_gmt":"2017-09-02T23:03:35","guid":{"rendered":"https:\/\/www.partidogen.org.ar\/web\/?p=7036"},"modified":"2017-09-11T14:07:14","modified_gmt":"2017-09-11T17:07:14","slug":"las-mujeres-del-gen-coordinaron-acciones-para-la-campana-hacia-octubre","status":"publish","type":"post","link":"https:\/\/www.partidogen.org.ar\/web\/las-mujeres-del-gen-coordinaron-acciones-para-la-campana-hacia-octubre\/","title":{"rendered":"Las Mujeres del GEN coordinaron acciones para la campa\u00f1a hacia octubre"},"content":{"rendered":"<p><img loading=\"lazy\" decoding=\"async\" src=\"https:\/\/www.partidogen.org.ar\/web\/wp-content\/uploads\/2017\/09\/872.jpg\" alt=\"\" width=\"526\" height=\"370\" class=\"alignright size-full wp-image-7038\" srcset=\"https:\/\/www.partidogen.org.ar\/web\/wp-content\/uploads\/2017\/09\/872.jpg 526w, https:\/\/www.partidogen.org.ar\/web\/wp-content\/uploads\/2017\/09\/872-300x211.jpg 300w, https:\/\/www.partidogen.org.ar\/web\/wp-content\/uploads\/2017\/09\/872-100x70.jpg 100w, https:\/\/www.partidogen.org.ar\/web\/wp-content\/uploads\/2017\/09\/872-150x106.jpg 150w, https:\/\/www.partidogen.org.ar\/web\/wp-content\/uploads\/2017\/09\/872-200x141.jpg 200w, https:\/\/www.partidogen.org.ar\/web\/wp-content\/uploads\/2017\/09\/872-450x317.jpg 450w\" sizes=\"auto, (max-width: 526px) 100vw, 526px\" \/><br \/>\n02\/09\/2017.<br \/>\n<strong><span class=\"first\">S<\/span>e reunieron las Mujeres del GEN con el jefe de campa\u00f1a de Stolbizer, Marcelo Ferreira y con el consultor Federico Gonzalez para coordinar acciones y en vistas a un gran Encuentro que convocar\u00e1 Stolbizer este mes. Participaron candidatas y especialistas y resolvieron trabajar por la igualdad, educaci\u00f3n, trabajo y respaldar la lucha de Margarita por la justicia y la transparencia.<\/strong><\/p>\n<p>\u00abLa grieta que debemos cerrar es la desigualdad entre mujeres y varones que no ganan lo mismo por la misma tarea, que no alcanzan espacios de decisi\u00f3n y direcci\u00f3n en las empresas y que asumen de manera desigual las responsabilidades familiares. Por eso estamos comprometidas con la paridad en la confirmaci\u00f3n de las listas, para que las mujeres sean protagonistas y de esa manera podamos tener una sociedad m\u00e1s democr\u00e1tica.\u00bb<\/p>\n<p>La reuni\u00f3n arranc\u00f3 con las exposiciones de Marianela L\u00f3pez, candidata a diputada provincial, Julia Romero, candidata a diputada nacional y Norma Fern\u00e1ndez, candidata a concejal. Luego cada una de las candidatas y militantes presentes, fueron aportando ideas y lineamientos.<\/p>\n<p>Desde el GEN las mujeres tendr\u00e1n un rol muy importante para mejorar el posicionamiento obtenido en agosto. \u201cBuscaremos la cohesi\u00f3n de <a href=\"http:\/\/1pais.com\/\" target=\"_blank\">1Pa\u00eds<\/a> porque es un proyecto m\u00e1s all\u00e1 de esta elecci\u00f3n, y tambi\u00e9n seguiremos luchando por el empoderamiento de las mujeres en la sociedad porque es la forma de acercarnos a la igualdad\u201d.<\/p>\n<p>\u201c<a href=\"http:\/\/1pais.com\/\" target=\"_blank\">1Pa\u00eds<\/a> es un proyecto progresista y popular y todas las acciones que emprenderemos ser\u00e1n  con el objetivo de difundir estos valores y darle solidez y continuidad a este espacio\u201d<\/p>\n<p>\u201cMargarita Stolbizer y Sergio Massa encabezan nuestra propuesta por una sociedad m\u00e1s justa, por la transparencia, el trabajo, la seguridad y la educaci\u00f3n para nuestro pa\u00eds. Ellos y los equipos de especialistas, dirigentes y militantes que hemos ido conformando, elaboramos las propuestas y las trabajamos y difundimos en nuestros distritos. Somos la herramienta para salir a dar la pelea por sobre la grieta y abrir la esperanza de resolver los principales problemas de la Argentina entre todos\u201d.<\/p>\n<p>\u201cAdem\u00e1s del Frente Renovador y el GEN, en un <a href=\"http:\/\/1pais.com\/\" target=\"_blank\">1Pa\u00eds<\/a> debemos integrar nuevos sectores, y personas de diversos \u00e1mbitos. M\u00e1s espacios progresistas y organizaciones que tengan nuestros valores e ideas. Ser amplios. En eso pondremos nuestro esfuerzo, en volvernos un espacio m\u00e1s amplio e inclusivo\u201d.<\/p>\n<p>\u201cDesde Mujeres del GEN todas las acciones promover\u00e1n la consolidaci\u00f3n de <a href=\"http:\/\/1pais.com\/\" target=\"_blank\">1Pa\u00eds<\/a> para la transformaci\u00f3n por la que desde cada lugar, militamos en pol\u00edtica. Y sobre todo porque Margarita Stolbizer, nos inspira por su lucha por la transparencia y contra la corrupci\u00f3n, no solo como un valor en si mismo sino como la forma de ejercer un bueno gobierno y de hacer pol\u00edtica\u201d.<br \/>\n\n\t\t<style type=\"text\/css\">\n\t\t\t#gallery-1 {\n\t\t\t\tmargin: auto;\n\t\t\t}\n\t\t\t#gallery-1 .gallery-item {\n\t\t\t\tfloat: left;\n\t\t\t\tmargin-top: 10px;\n\t\t\t\ttext-align: center;\n\t\t\t\twidth: 100%;\n\t\t\t}\n\t\t\t#gallery-1 img {\n\t\t\t\tborder: 2px solid #cfcfcf;\n\t\t\t}\n\t\t\t#gallery-1 .gallery-caption {\n\t\t\t\tmargin-left: 0;\n\t\t\t}\n\t\t\t\/* see gallery_shortcode() in wp-includes\/media.php *\/\n\t\t<\/style>\n\t\t<div id='gallery-1' class='gallery galleryid-7036 gallery-columns-1 gallery-size-thumbnail'><dl class='gallery-item'>\n\t\t\t<dt class='gallery-icon landscape'>\n\t\t\t\t<a href='https:\/\/www.partidogen.org.ar\/web\/wp-content\/uploads\/2017\/09\/MujeresDelGEN02092017.jpg'><img loading=\"lazy\" decoding=\"async\" width=\"150\" height=\"150\" src=\"https:\/\/www.partidogen.org.ar\/web\/wp-content\/uploads\/2017\/09\/MujeresDelGEN02092017-150x150.jpg\" class=\"attachment-thumbnail size-thumbnail\" alt=\"\" srcset=\"https:\/\/www.partidogen.org.ar\/web\/wp-content\/uploads\/2017\/09\/MujeresDelGEN02092017-150x150.jpg 150w, https:\/\/www.partidogen.org.ar\/web\/wp-content\/uploads\/2017\/09\/MujeresDelGEN02092017-300x300.jpg 300w, https:\/\/www.partidogen.org.ar\/web\/wp-content\/uploads\/2017\/09\/MujeresDelGEN02092017-768x768.jpg 768w, https:\/\/www.partidogen.org.ar\/web\/wp-content\/uploads\/2017\/09\/MujeresDelGEN02092017-100x100.jpg 100w, https:\/\/www.partidogen.org.ar\/web\/wp-content\/uploads\/2017\/09\/MujeresDelGEN02092017-200x200.jpg 200w, https:\/\/www.partidogen.org.ar\/web\/wp-content\/uploads\/2017\/09\/MujeresDelGEN02092017-450x450.jpg 450w, https:\/\/www.partidogen.org.ar\/web\/wp-content\/uploads\/2017\/09\/MujeresDelGEN02092017-600x600.jpg 600w, https:\/\/www.partidogen.org.ar\/web\/wp-content\/uploads\/2017\/09\/MujeresDelGEN02092017.jpg 810w\" sizes=\"auto, (max-width: 150px) 100vw, 150px\" \/><\/a>\n\t\t\t<\/dt><\/dl><br style=\"clear: both\" \/>\n\t\t<\/div>\n","protected":false},"excerpt":{"rendered":"<p>Margarita Stolbizer tomar\u00e1 en la campa\u00f1a la agenda de g\u00e9nero y todas las mujeres del GEN y Renovadoras saldr\u00e1n a la cancha para adquirir protagonismo y buscar los votos para mejorar los resultados de 1Pa\u00eds.<\/p>\n","protected":false},"author":2,"featured_media":7038,"comment_status":"closed","ping_status":"closed","sticky":false,"template":"","format":"standard","meta":{"footnotes":""},"categories":[133,44,109],"tags":[],"class_list":["post-7036","post","type-post","status-publish","format-standard","has-post-thumbnail","hentry","category-1pais","category-actualidad","category-mujeres-del-gen"],"_links":{"self":[{"href":"https:\/\/www.partidogen.org.ar\/web\/wp-json\/wp\/v2\/posts\/7036","targetHints":{"allow":["GET"]}}],"collection":[{"href":"https:\/\/www.partidogen.org.ar\/web\/wp-json\/wp\/v2\/posts"}],"about":[{"href":"https:\/\/www.partidogen.org.ar\/web\/wp-json\/wp\/v2\/types\/post"}],"author":[{"embeddable":true,"href":"https:\/\/www.partidogen.org.ar\/web\/wp-json\/wp\/v2\/users\/2"}],"replies":[{"embeddable":true,"href":"https:\/\/www.partidogen.org.ar\/web\/wp-json\/wp\/v2\/comments?post=7036"}],"version-history":[{"count":0,"href":"https:\/\/www.partidogen.org.ar\/web\/wp-json\/wp\/v2\/posts\/7036\/revisions"}],"wp:featuredmedia":[{"embeddable":true,"href":"https:\/\/www.partidogen.org.ar\/web\/wp-json\/wp\/v2\/media\/7038"}],"wp:attachment":[{"href":"https:\/\/www.partidogen.org.ar\/web\/wp-json\/wp\/v2\/media?parent=7036"}],"wp:term":[{"taxonomy":"category","embeddable":true,"href":"https:\/\/www.partidogen.org.ar\/web\/wp-json\/wp\/v2\/categories?post=7036"},{"taxonomy":"post_tag","embeddable":true,"href":"https:\/\/www.partidogen.org.ar\/web\/wp-json\/wp\/v2\/tags?post=7036"}],"curies":[{"name":"wp","href":"https:\/\/api.w.org\/{rel}","templated":true}]}}