{"id":7014,"date":"2017-08-28T14:27:59","date_gmt":"2017-08-28T17:27:59","guid":{"rendered":"https:\/\/www.partidogen.org.ar\/web\/?p=7014"},"modified":"2017-08-31T12:53:36","modified_gmt":"2017-08-31T15:53:36","slug":"stolbizer-frente-a-1500-jovenes-que-votan-por-primera-vez","status":"publish","type":"post","link":"https:\/\/www.partidogen.org.ar\/web\/stolbizer-frente-a-1500-jovenes-que-votan-por-primera-vez\/","title":{"rendered":"Stolbizer frente a 1500 j\u00f3venes que votan por primera vez"},"content":{"rendered":"<p><img loading=\"lazy\" decoding=\"async\" src=\"https:\/\/www.partidogen.org.ar\/web\/wp-content\/uploads\/2017\/08\/866.jpg\" alt=\"\" width=\"526\" height=\"370\" class=\"alignright size-full wp-image-7015\" srcset=\"https:\/\/www.partidogen.org.ar\/web\/wp-content\/uploads\/2017\/08\/866.jpg 526w, https:\/\/www.partidogen.org.ar\/web\/wp-content\/uploads\/2017\/08\/866-300x211.jpg 300w, https:\/\/www.partidogen.org.ar\/web\/wp-content\/uploads\/2017\/08\/866-100x70.jpg 100w, https:\/\/www.partidogen.org.ar\/web\/wp-content\/uploads\/2017\/08\/866-150x106.jpg 150w, https:\/\/www.partidogen.org.ar\/web\/wp-content\/uploads\/2017\/08\/866-200x141.jpg 200w, https:\/\/www.partidogen.org.ar\/web\/wp-content\/uploads\/2017\/08\/866-450x317.jpg 450w\" sizes=\"auto, (max-width: 526px) 100vw, 526px\" \/><br \/>\n28\/08\/2017.<br \/>\n<strong><span class=\"first\">L<\/span>a Diputada Margarita Stolbizer, candidata a Senadora por el Frente <a href=\"http:\/\/1pais.com\/\" target=\"_blank\">1Pa\u00eds<\/a>, particip\u00f3 hoy de una charla motivacional sobre pol\u00edtica, educaci\u00f3n, econom\u00eda, sustentabilidad y seguridad para m\u00e1s de 1500 alumnos de 18 colegios de zona norte, organizada por una red de directores de centros educativos. La actividad era optativa para los j\u00f3venes que votan por primera vez en la elecci\u00f3n de este a\u00f1o. <\/strong><\/p>\n<p>Stolbizer comenz\u00f3 destacando el papel de los docentes en la vocaci\u00f3n de sus alumnos. Sobre la Educaci\u00f3n, puso \u00e9nfasis en la calidad educativa, reforzando la formaci\u00f3n docente y modernizando los contenidos curriculares para adaptarlos a un tiempo y un mundo global con nuevas oportunidades y exigencias. \u00abPreguntarnos para que estamos educando en un momento en que el 50% del trabajo esta en riesgo por el avance de la automatizaci\u00f3n, la rob\u00f3tica y la inteligencia artificial. La educaci\u00f3n tiene que ser el puente para un trabajo digno y para un futuro mejor\u00bb, expres\u00f3.<\/p>\n<p>Por otro lado, la candidata a senadora por <a href=\"http:\/\/1pais.com\/\" target=\"_blank\">1Pa\u00eds<\/a>, expres\u00f3: \u00abLa pol\u00edtica es la herramienta  para transformar la realidad, porque define y cruza nuestras vidas, y por eso es necesario involucrarnos, militando y promoviendo a quienes consideramos que nos representan\u00bb.<\/p>\n<p>\u00abFrente a los que sufren, una sociedad decente es la que no tolera que algunos puedan ser explotados por otros\u00bb.<\/p>\n<p>Tambi\u00e9n se refiri\u00f3 a la importancia de una reforma al sistema de impuestos \u00abpara que efectivamente paguen m\u00e1s los que m\u00e1s tienen y m\u00e1s ganan. Es inmoral que un trabajador deba pagar impuesto para llevar la leche a sus hijos y haya actividades y propiedades altamente rentables y de gran valor que no pagan impuestos.\u00bb<\/p>\n<p>\u00abLo importante es hacerse cargo del tiempo que nos toca, y saber que con mucha humildad, cada uno de nosotros tenemos la oportunidad y responsabilidad de escribir un poquito de la historia que nos toca transitar\u00bb.<\/p>\n<p>De la charla, que se realiz\u00f3 en el colegio Goethe Schule de San Isidro, tambi\u00e9n participaron Daniel Arroyo, Rodrigo Aybar y Ramon Lanus.<\/p>\n","protected":false},"excerpt":{"rendered":"<p>\u00abLo importante es luchar por ideas, por convicciones. Y no abandonar de grandes los ideales que abrazamos en la juventud\u00bb<\/p>\n","protected":false},"author":2,"featured_media":7015,"comment_status":"closed","ping_status":"closed","sticky":false,"template":"","format":"standard","meta":{"footnotes":""},"categories":[133,44,47],"tags":[],"class_list":["post-7014","post","type-post","status-publish","format-standard","has-post-thumbnail","hentry","category-1pais","category-actualidad","category-margarita-stolbizer-diputados-nacionales"],"_links":{"self":[{"href":"https:\/\/www.partidogen.org.ar\/web\/wp-json\/wp\/v2\/posts\/7014","targetHints":{"allow":["GET"]}}],"collection":[{"href":"https:\/\/www.partidogen.org.ar\/web\/wp-json\/wp\/v2\/posts"}],"about":[{"href":"https:\/\/www.partidogen.org.ar\/web\/wp-json\/wp\/v2\/types\/post"}],"author":[{"embeddable":true,"href":"https:\/\/www.partidogen.org.ar\/web\/wp-json\/wp\/v2\/users\/2"}],"replies":[{"embeddable":true,"href":"https:\/\/www.partidogen.org.ar\/web\/wp-json\/wp\/v2\/comments?post=7014"}],"version-history":[{"count":0,"href":"https:\/\/www.partidogen.org.ar\/web\/wp-json\/wp\/v2\/posts\/7014\/revisions"}],"wp:featuredmedia":[{"embeddable":true,"href":"https:\/\/www.partidogen.org.ar\/web\/wp-json\/wp\/v2\/media\/7015"}],"wp:attachment":[{"href":"https:\/\/www.partidogen.org.ar\/web\/wp-json\/wp\/v2\/media?parent=7014"}],"wp:term":[{"taxonomy":"category","embeddable":true,"href":"https:\/\/www.partidogen.org.ar\/web\/wp-json\/wp\/v2\/categories?post=7014"},{"taxonomy":"post_tag","embeddable":true,"href":"https:\/\/www.partidogen.org.ar\/web\/wp-json\/wp\/v2\/tags?post=7014"}],"curies":[{"name":"wp","href":"https:\/\/api.w.org\/{rel}","templated":true}]}}