{"id":7004,"date":"2017-08-25T16:47:33","date_gmt":"2017-08-25T19:47:33","guid":{"rendered":"https:\/\/www.partidogen.org.ar\/web\/?p=7004"},"modified":"2017-09-02T20:07:52","modified_gmt":"2017-09-02T23:07:52","slug":"tarde-o-temprano-cristina-fernandez-de-kirchner-ira-a-prision","status":"publish","type":"post","link":"https:\/\/www.partidogen.org.ar\/web\/tarde-o-temprano-cristina-fernandez-de-kirchner-ira-a-prision\/","title":{"rendered":"\u00abTarde o temprano Cristina Fernandez de Kirchner ir\u00e1 a prisi\u00f3n\u00bb"},"content":{"rendered":"<p><img loading=\"lazy\" decoding=\"async\" src=\"https:\/\/www.partidogen.org.ar\/web\/wp-content\/uploads\/2017\/08\/527-300x211.jpg\" alt=\"\" width=\"300\" height=\"211\" class=\"alignleft size-medium wp-image-7005\" srcset=\"https:\/\/www.partidogen.org.ar\/web\/wp-content\/uploads\/2017\/08\/527-300x211.jpg 300w, https:\/\/www.partidogen.org.ar\/web\/wp-content\/uploads\/2017\/08\/527-100x70.jpg 100w, https:\/\/www.partidogen.org.ar\/web\/wp-content\/uploads\/2017\/08\/527-150x106.jpg 150w, https:\/\/www.partidogen.org.ar\/web\/wp-content\/uploads\/2017\/08\/527-200x141.jpg 200w, https:\/\/www.partidogen.org.ar\/web\/wp-content\/uploads\/2017\/08\/527-450x317.jpg 450w, https:\/\/www.partidogen.org.ar\/web\/wp-content\/uploads\/2017\/08\/527.jpg 526w\" sizes=\"auto, (max-width: 300px) 100vw, 300px\" \/><br \/>\n25\/08\/2017.<br \/>\n<strong><span class=\"first\">S<\/span>tolbizer: \u201cCon el avance de las causas judiciales, sabemos que tarde o temprano Cristina Fernandez de kirchner en alg\u00fan momento ser\u00e1 condenada y terminar\u00e1 en prisi\u00f3n\u201d. \u00abLas responsabilidades penales no podr\u00e1n ser eludidas pese a la candidatura y la campa\u00f1a electoral. Es bueno que la Justicia se muestre independiente para terminar con la impunidad del poder\u00bb, expres\u00f3 Margarita Stolbizer.<\/strong><br \/>\n<img loading=\"lazy\" decoding=\"async\" src=\"https:\/\/www.partidogen.org.ar\/web\/wp-content\/uploads\/2016\/11\/579-300x211.jpg\" alt=\"\" width=\"300\" height=\"211\" class=\"alignright size-medium wp-image-4987\" srcset=\"https:\/\/www.partidogen.org.ar\/web\/wp-content\/uploads\/2016\/11\/579-300x211.jpg 300w, https:\/\/www.partidogen.org.ar\/web\/wp-content\/uploads\/2016\/11\/579-100x70.jpg 100w, https:\/\/www.partidogen.org.ar\/web\/wp-content\/uploads\/2016\/11\/579-150x106.jpg 150w, https:\/\/www.partidogen.org.ar\/web\/wp-content\/uploads\/2016\/11\/579-200x141.jpg 200w, https:\/\/www.partidogen.org.ar\/web\/wp-content\/uploads\/2016\/11\/579-450x317.jpg 450w, https:\/\/www.partidogen.org.ar\/web\/wp-content\/uploads\/2016\/11\/579.jpg 526w\" sizes=\"auto, (max-width: 300px) 100vw, 300px\" \/><\/p>\n<p>En noviembre de 2014, cuando la Sra. Fern\u00e1ndez de Kirchner todav\u00eda era Presidenta de la Naci\u00f3n, la diputada Margarita Stolbizer radic\u00f3 una denuncia penal basada en las irregularidades de las sociedades de la familia Kirchner, seg\u00fan sus propias declaraciones juradas. La Sociedad Hotesur declarada como parte del patrimonio, no presentaba balances, no actualizaba directorio, no pagaba tasas ante la Inspecci\u00f3n General de Justicia, y hab\u00eda denunciado un domicilio falso. Frente a tantas ilegalidades, se impon\u00eda abrir un proceso de investigaci\u00f3n que involucr\u00f3 primero a los propios funcionarios de la IGJ que eran los encargados de controlar y no hab\u00edan cumplido con su deber. Y luego, naturalmente, esa investigaci\u00f3n deriv\u00f3 en la b\u00fasqueda de las razones que se ocultaban por debajo de semejantes irregularidades. As\u00ed surgi\u00f3 que la Sociedad administraba el Hotel Alto Calafate de propiedad de los Kirchner y que era una pantalla para encubrir las transferencias de dinero que el empresario L\u00e1zaro B\u00e1ez a trav\u00e9s de sus empresas, hac\u00eda a la familia. Similares comportamientos fueron denunciados con posterioridad con relaci\u00f3n a la sociedad Los Sauces.<\/p>\n<p>La causa Hotesur pas\u00f3 los avatares de la lentitud de la justicia, apartamiento del juez de la causa, paralizaci\u00f3n de las investigaciones, problemas con la documentaci\u00f3n, etc.<\/p>\n<p>Hasta que finalmente fue radicada ante el Juzgado del Dr. Juli\u00e1n Ercolini, asignandose la investigaci\u00f3n a los fiscales comandados por el Dr. Gerardo Pollicita. Fueron los miembros del Ministerio p\u00fablico los que solicitaron al juez una serie de medidas para avanzar en la investigaci\u00f3n, habiendo imputado a varias personas comandadas por la Sra. Cristina Fern\u00e1ndez, como miembros de una asociaci\u00f3n il\u00edcita destinada a lavar dinero sucio proveniente de las obras p\u00fablicas.<\/p>\n<p>En el d\u00eda de hoy, el Juez resuelve citarlos a prestar declaraci\u00f3n indagatoria con diversas fechas entre octubre y diciembre, dando lugar a la imputaci\u00f3n y al estado de sospecha por considerar que habr\u00edan intervenido en diferentes etapas de las maniobras que fueron dise\u00f1adas y perge\u00f1adas para otorgarle apariencia l\u00edcita al dinero que habr\u00eda sido irregularmente asignada a empresas de la familia Kirchner. De esta manera se recoge el planteo de los fiscales imputando responsabilidad penal por la realizaci\u00f3n de negocios espurios para apropiarse de fondos p\u00fablicos.<\/p>\n<p><strong>\u00abLa Justicia tarda pero llega. Porque siempre hemos dicho la verdad y eso ha quedado demostrado. Tengo el honor de ser la persona m\u00e1s insultada por la Sra.de Kirchner.<\/strong> Porque he puesto siempre precisi\u00f3n en las denuncias de los delitos cometidos desde el manejo del poder y del estado. Me ha insultado p\u00fablicamente porque le sacamos la careta, derrumbamos el relato y podemos demostrar que desviaron impunemente el dinero que les falta a los argentinos m\u00e1s pobres, los que no tienen acceso a una vivienda, a una ruta, una escuela o un hospital. La corrupci\u00f3n mata, degrada, posterga, excluye. Nunca la responsable de esos delitos podr\u00eda ser hoy una buena oposici\u00f3n en nuestro sistema democr\u00e1tico. Nunca esa persona podria ser la m\u00e1s adecuada para que el gobierno construya acuerdos y sancione leyes necesarias. Hay que reconstruir la pol\u00edtica y la justicia con comportamientos \u00e9ticos que nos devuelvan la integridad como pa\u00eds para recuperar confianza hacia adentro y hacia afuera\u00bb, finaliz\u00f3 Stolbizer.<\/p>\n","protected":false},"excerpt":{"rendered":"<p>\u201cCon el avance de las causas judiciales, sabemos que tarde o temprano Cristina Fernandez de kirchner en alg\u00fan momento ser\u00e1 condenada y terminar\u00e1 en prisi\u00f3n\u201d. \u00abLas responsabilidades penales no podr\u00e1n ser eludidas pese a la candidatura y la campa\u00f1a electoral. Es bueno que la Justicia se muestre independiente para terminar con la impunidad del poder\u00bb, expres\u00f3 Margarita Stolbizer.<\/p>\n","protected":false},"author":2,"featured_media":4987,"comment_status":"closed","ping_status":"closed","sticky":false,"template":"","format":"standard","meta":{"footnotes":""},"categories":[133,44,97,47],"tags":[],"class_list":["post-7004","post","type-post","status-publish","format-standard","has-post-thumbnail","hentry","category-1pais","category-actualidad","category-causa-hotesur","category-margarita-stolbizer-diputados-nacionales"],"_links":{"self":[{"href":"https:\/\/www.partidogen.org.ar\/web\/wp-json\/wp\/v2\/posts\/7004","targetHints":{"allow":["GET"]}}],"collection":[{"href":"https:\/\/www.partidogen.org.ar\/web\/wp-json\/wp\/v2\/posts"}],"about":[{"href":"https:\/\/www.partidogen.org.ar\/web\/wp-json\/wp\/v2\/types\/post"}],"author":[{"embeddable":true,"href":"https:\/\/www.partidogen.org.ar\/web\/wp-json\/wp\/v2\/users\/2"}],"replies":[{"embeddable":true,"href":"https:\/\/www.partidogen.org.ar\/web\/wp-json\/wp\/v2\/comments?post=7004"}],"version-history":[{"count":0,"href":"https:\/\/www.partidogen.org.ar\/web\/wp-json\/wp\/v2\/posts\/7004\/revisions"}],"wp:featuredmedia":[{"embeddable":true,"href":"https:\/\/www.partidogen.org.ar\/web\/wp-json\/wp\/v2\/media\/4987"}],"wp:attachment":[{"href":"https:\/\/www.partidogen.org.ar\/web\/wp-json\/wp\/v2\/media?parent=7004"}],"wp:term":[{"taxonomy":"category","embeddable":true,"href":"https:\/\/www.partidogen.org.ar\/web\/wp-json\/wp\/v2\/categories?post=7004"},{"taxonomy":"post_tag","embeddable":true,"href":"https:\/\/www.partidogen.org.ar\/web\/wp-json\/wp\/v2\/tags?post=7004"}],"curies":[{"name":"wp","href":"https:\/\/api.w.org\/{rel}","templated":true}]}}