{"id":6947,"date":"2017-08-09T20:13:04","date_gmt":"2017-08-09T23:13:04","guid":{"rendered":"https:\/\/www.partidogen.org.ar\/web\/?p=6947"},"modified":"2017-08-16T18:34:10","modified_gmt":"2017-08-16T21:34:10","slug":"1pais-caba-cierre-de-campana-rumbo-a-las-paso","status":"publish","type":"post","link":"https:\/\/www.partidogen.org.ar\/web\/1pais-caba-cierre-de-campana-rumbo-a-las-paso\/","title":{"rendered":"1Pa\u00eds CABA: Cierre de campa\u00f1a rumbo a las PASO"},"content":{"rendered":"<p><img loading=\"lazy\" decoding=\"async\" src=\"https:\/\/www.partidogen.org.ar\/web\/wp-content\/uploads\/2017\/08\/857.jpg\" alt=\"\" width=\"526\" height=\"370\" class=\"alignright size-full wp-image-6948\" srcset=\"https:\/\/www.partidogen.org.ar\/web\/wp-content\/uploads\/2017\/08\/857.jpg 526w, https:\/\/www.partidogen.org.ar\/web\/wp-content\/uploads\/2017\/08\/857-300x211.jpg 300w, https:\/\/www.partidogen.org.ar\/web\/wp-content\/uploads\/2017\/08\/857-100x70.jpg 100w, https:\/\/www.partidogen.org.ar\/web\/wp-content\/uploads\/2017\/08\/857-150x106.jpg 150w, https:\/\/www.partidogen.org.ar\/web\/wp-content\/uploads\/2017\/08\/857-200x141.jpg 200w, https:\/\/www.partidogen.org.ar\/web\/wp-content\/uploads\/2017\/08\/857-450x317.jpg 450w\" sizes=\"auto, (max-width: 526px) 100vw, 526px\" \/><br \/>\n<strong><span class=\"first\">E<\/span>l frente <a href=\"http:\/\/1pais.com\/\" target=\"_blank\">1Pa\u00eds<\/a> C.A.B.A. realiz\u00f3 su cierre de campa\u00f1a en el Pasaje de La Piedad que recibi\u00f3 a los concurrentes con un colorido despliegue, reflejo de lo que fuera el primer tramo de la campa\u00f1a rumbo a las PASO.<\/strong><\/p>\n<p>Tras recorrer, caminar e intercambiar proyectos e inquietudes con los vecinos de las comunas de la Ciudad, los precandidatos a Diputados Nacionales por C.A.B.A, encabezados por Mat\u00edas Tombolini, y los precandidatos a Legisladores Porte\u00f1os, con Sergio Abrevaya a la cabeza, cerraron la primera parte del camino hacia las Legislativas 2017.<\/p>\n<p>El precandidato a 1er Legislador Porte\u00f1o, Sergio Abrevaya sostuvo: \u201cDesde la Ciudad vamos a bajar el peso econ\u00f3mico que tienen todas las medidas que Larreta est\u00e1 tomando para recaudar como las gr\u00faas y la tercerizaci\u00f3n de los controles del Estado que pagan los vecinos de la Ciudad\u00bb.<\/p>\n<p>El cierre estuvo a cargo de Mat\u00edas Tombolini, qui\u00e9n expres\u00f3: \u00abAl gobierno no le interesa que la plata te alcance.\u00bbBajemos los precios\u00bb es un proyecto para todos los argentinos pero no es una prioridad para el PRO. La concepci\u00f3n de este frente hace hincapi\u00e9 en los que menos tienen y en los trabajadores a trav\u00e9s del di\u00e1logo\u00bb.<br \/>\n\n\t\t<style type=\"text\/css\">\n\t\t\t#gallery-1 {\n\t\t\t\tmargin: auto;\n\t\t\t}\n\t\t\t#gallery-1 .gallery-item {\n\t\t\t\tfloat: left;\n\t\t\t\tmargin-top: 10px;\n\t\t\t\ttext-align: center;\n\t\t\t\twidth: 33%;\n\t\t\t}\n\t\t\t#gallery-1 img {\n\t\t\t\tborder: 2px solid #cfcfcf;\n\t\t\t}\n\t\t\t#gallery-1 .gallery-caption {\n\t\t\t\tmargin-left: 0;\n\t\t\t}\n\t\t\t\/* see gallery_shortcode() in wp-includes\/media.php *\/\n\t\t<\/style>\n\t\t<div id='gallery-1' class='gallery galleryid-6947 gallery-columns-3 gallery-size-thumbnail'><dl class='gallery-item'>\n\t\t\t<dt class='gallery-icon landscape'>\n\t\t\t\t<a href='https:\/\/www.partidogen.org.ar\/web\/wp-content\/uploads\/2017\/08\/IMG-20170809-WA0020.jpg'><img loading=\"lazy\" decoding=\"async\" width=\"150\" height=\"150\" src=\"https:\/\/www.partidogen.org.ar\/web\/wp-content\/uploads\/2017\/08\/IMG-20170809-WA0020-150x150.jpg\" class=\"attachment-thumbnail size-thumbnail\" alt=\"\" \/><\/a>\n\t\t\t<\/dt><\/dl><dl class='gallery-item'>\n\t\t\t<dt class='gallery-icon landscape'>\n\t\t\t\t<a href='https:\/\/www.partidogen.org.ar\/web\/wp-content\/uploads\/2017\/08\/IMG-20170809-WA0024.jpg'><img loading=\"lazy\" decoding=\"async\" width=\"150\" height=\"150\" src=\"https:\/\/www.partidogen.org.ar\/web\/wp-content\/uploads\/2017\/08\/IMG-20170809-WA0024-150x150.jpg\" class=\"attachment-thumbnail size-thumbnail\" alt=\"\" \/><\/a>\n\t\t\t<\/dt><\/dl><dl class='gallery-item'>\n\t\t\t<dt class='gallery-icon landscape'>\n\t\t\t\t<a href='https:\/\/www.partidogen.org.ar\/web\/wp-content\/uploads\/2017\/08\/IMG-20170809-WA0030.jpg'><img loading=\"lazy\" decoding=\"async\" width=\"150\" height=\"150\" src=\"https:\/\/www.partidogen.org.ar\/web\/wp-content\/uploads\/2017\/08\/IMG-20170809-WA0030-150x150.jpg\" class=\"attachment-thumbnail size-thumbnail\" alt=\"\" \/><\/a>\n\t\t\t<\/dt><\/dl><br style=\"clear: both\" \/>\n\t\t<\/div>\n","protected":false},"excerpt":{"rendered":"<p>El frente 1Pa\u00eds C.A.B.A. realiz\u00f3 su cierre de campa\u00f1a en el Pasaje de La Piedad que recibi\u00f3 a los concurrentes con un colorido despliegue, reflejo de lo que fuera el primer tramo de la campa\u00f1a rumbo a las PASO.<\/p>\n","protected":false},"author":2,"featured_media":6948,"comment_status":"closed","ping_status":"closed","sticky":false,"template":"","format":"standard","meta":{"footnotes":""},"categories":[133,44,105],"tags":[],"class_list":["post-6947","post","type-post","status-publish","format-standard","has-post-thumbnail","hentry","category-1pais","category-actualidad","category-caba"],"_links":{"self":[{"href":"https:\/\/www.partidogen.org.ar\/web\/wp-json\/wp\/v2\/posts\/6947","targetHints":{"allow":["GET"]}}],"collection":[{"href":"https:\/\/www.partidogen.org.ar\/web\/wp-json\/wp\/v2\/posts"}],"about":[{"href":"https:\/\/www.partidogen.org.ar\/web\/wp-json\/wp\/v2\/types\/post"}],"author":[{"embeddable":true,"href":"https:\/\/www.partidogen.org.ar\/web\/wp-json\/wp\/v2\/users\/2"}],"replies":[{"embeddable":true,"href":"https:\/\/www.partidogen.org.ar\/web\/wp-json\/wp\/v2\/comments?post=6947"}],"version-history":[{"count":0,"href":"https:\/\/www.partidogen.org.ar\/web\/wp-json\/wp\/v2\/posts\/6947\/revisions"}],"wp:featuredmedia":[{"embeddable":true,"href":"https:\/\/www.partidogen.org.ar\/web\/wp-json\/wp\/v2\/media\/6948"}],"wp:attachment":[{"href":"https:\/\/www.partidogen.org.ar\/web\/wp-json\/wp\/v2\/media?parent=6947"}],"wp:term":[{"taxonomy":"category","embeddable":true,"href":"https:\/\/www.partidogen.org.ar\/web\/wp-json\/wp\/v2\/categories?post=6947"},{"taxonomy":"post_tag","embeddable":true,"href":"https:\/\/www.partidogen.org.ar\/web\/wp-json\/wp\/v2\/tags?post=6947"}],"curies":[{"name":"wp","href":"https:\/\/api.w.org\/{rel}","templated":true}]}}