{"id":6917,"date":"2017-08-07T03:03:53","date_gmt":"2017-08-07T06:03:53","guid":{"rendered":"https:\/\/www.partidogen.org.ar\/web\/?p=6917"},"modified":"2017-08-09T16:39:11","modified_gmt":"2017-08-09T19:39:11","slug":"margarita-stolbizer-con-luis-majul-en-la-cornisa-06-08-2017","status":"publish","type":"post","link":"https:\/\/www.partidogen.org.ar\/web\/margarita-stolbizer-con-luis-majul-en-la-cornisa-06-08-2017\/","title":{"rendered":"Margarita Stolbizer con Luis Majul en \u00abLa Cornisa\u00bb 06 08 2017"},"content":{"rendered":"<p><iframe loading=\"lazy\" width=\"560\" height=\"315\" src=\"https:\/\/www.youtube.com\/embed\/qvSynqN3xlo\" frameborder=\"0\" allowfullscreen><\/iframe><br \/>\n&#8216;Pensando en la ausencia en la campa\u00f1a de Cristina Kirchner, me pregunto si tenemos conciencia como ciudadanos de lo que eso significa. Cada voto que ella saque el domingo pr\u00f3ximo, es un voto negociado por libertad o impunidad. Ellos dejaron de ser un proyecto pol\u00edtico para ser uno judicial; ni siquiera le interesa cu\u00e1ntos diputados o senadores meta&#8217;.<\/p>\n<p>&#8216;Sabemos, tambi\u00e9n, que tenemos una justicia demasiado permeable al poder. Lo vimos estos d\u00edas, la justicia est\u00e1 vinculada al poder pol\u00edtico, econ\u00f3mico&#8217;.<\/p>\n<p>&#8216;Cristina no hace campa\u00f1a porque el gobierno hace campa\u00f1a por ella&#8217;.<\/p>\n<p>&#8216;Este gobierno hizo una apuesta excesiva a las inversiones extranjeras; yo hablo con las pyme de ac\u00e1 y pensaban que tendr\u00edan facilidades para hacer inversiones nacionales&#8217;.<\/p>\n<p>&#8216;Esta semana se conoci\u00f3 la declaraci\u00f3n jurada del Ministro de Econom\u00eda, Nicol\u00e1s Dujovne: tiene todo su patrimonio en el exterior, 80 millones de d\u00f3lares. \u00bfAs\u00ed pretenden que vengan inversiones al pa\u00eds, cuando el propio ministro saca su dinero de Argentina?&#8217;.<\/p>\n<p>&#8216;Tenemos que recuperar ejemplaridad en la pol\u00edtica&#8217;.<\/p>\n<p>&#8216;No vamos a ser un pa\u00eds previsible, me preocupa que el presidente no tenga en claro con qui\u00e9nes va a tener que consensuar post elecciones. Los pa\u00edses que avanzan son los que construyen consensos y no grietas, y este gobierno profundiz\u00f3 las grietas que construy\u00f3 el anterior&#8217;.<\/p>\n<p>&#8216;Cualquier gobierno que viniera despu\u00e9s del kirchnerismo deber\u00eda haber extremado el cuidado ante la confusi\u00f3n del manejo de los negocios p\u00fablicos y privados. Con Autopistas del Sol pas\u00f3 que la familia Macri deber\u00eda haber vendido las acciones ni bien ingresaron al gobierno, cuando val\u00edan 30 pesos. Las venden ahora que valen un 400% m\u00e1s. Pas\u00f3 algo similar con Mac Air. Es complicado, venimos de muchos a\u00f1os de negocios de la familia mezclados con el manejo de recursos del estado&#8217;.<\/p>\n<p>&#8216;No se elige gobierno: se elige oposici\u00f3n&#8217;.<\/p>\n<p>&#8216;Nosotros somos una oposici\u00f3n con voluntad de cooperar, hemos acompa\u00f1ado a la gobernadora Mar\u00eda Eugenia Vidal en la sanci\u00f3n de cada ley que nos ha pedido&#8217;.<\/p>\n<p>&#8216;Estamos convencidos de que no es bueno para el pa\u00eds que la se\u00f1ora de Kirchner sea la oposici\u00f3n con la que el presidente Mauricio Macri se tenga que sentar a negociar&#8217;.<\/p>\n<p>&#8216;El mayor d\u00e9ficit de este gobierno es en materia econ\u00f3mica. Ellos no dan respuesta a la econom\u00eda de bolsillo, el pago de las facturas de luz, de gas. Nosotros tenemos el mejor equipo econ\u00f3mico liderado por Roberto Lavagna. La prioridad de la agenda pol\u00edtica deber\u00edan ser los problemas de la gente, lo cotidiano&#8217;. <\/p>\n","protected":false},"excerpt":{"rendered":"<p>&#8216;Pensando en la ausencia en la campa\u00f1a de Cristina Kirchner, me pregunto si tenemos conciencia como ciudadanos de lo que eso significa. Cada voto que ella saque el domingo pr\u00f3ximo, es un voto negociado por libertad o impunidad. Ellos dejaron de ser un proyecto pol\u00edtico para ser uno judicial&#8217;.<\/p>\n","protected":false},"author":2,"featured_media":6918,"comment_status":"closed","ping_status":"closed","sticky":false,"template":"","format":"standard","meta":{"footnotes":""},"categories":[133,44,47],"tags":[],"class_list":["post-6917","post","type-post","status-publish","format-standard","has-post-thumbnail","hentry","category-1pais","category-actualidad","category-margarita-stolbizer-diputados-nacionales"],"_links":{"self":[{"href":"https:\/\/www.partidogen.org.ar\/web\/wp-json\/wp\/v2\/posts\/6917","targetHints":{"allow":["GET"]}}],"collection":[{"href":"https:\/\/www.partidogen.org.ar\/web\/wp-json\/wp\/v2\/posts"}],"about":[{"href":"https:\/\/www.partidogen.org.ar\/web\/wp-json\/wp\/v2\/types\/post"}],"author":[{"embeddable":true,"href":"https:\/\/www.partidogen.org.ar\/web\/wp-json\/wp\/v2\/users\/2"}],"replies":[{"embeddable":true,"href":"https:\/\/www.partidogen.org.ar\/web\/wp-json\/wp\/v2\/comments?post=6917"}],"version-history":[{"count":0,"href":"https:\/\/www.partidogen.org.ar\/web\/wp-json\/wp\/v2\/posts\/6917\/revisions"}],"wp:featuredmedia":[{"embeddable":true,"href":"https:\/\/www.partidogen.org.ar\/web\/wp-json\/wp\/v2\/media\/6918"}],"wp:attachment":[{"href":"https:\/\/www.partidogen.org.ar\/web\/wp-json\/wp\/v2\/media?parent=6917"}],"wp:term":[{"taxonomy":"category","embeddable":true,"href":"https:\/\/www.partidogen.org.ar\/web\/wp-json\/wp\/v2\/categories?post=6917"},{"taxonomy":"post_tag","embeddable":true,"href":"https:\/\/www.partidogen.org.ar\/web\/wp-json\/wp\/v2\/tags?post=6917"}],"curies":[{"name":"wp","href":"https:\/\/api.w.org\/{rel}","templated":true}]}}