{"id":6859,"date":"2017-07-31T20:48:52","date_gmt":"2017-07-31T23:48:52","guid":{"rendered":"https:\/\/www.partidogen.org.ar\/web\/?p=6859"},"modified":"2017-08-03T02:13:40","modified_gmt":"2017-08-03T05:13:40","slug":"tombolini-y-abrevaya-reunidos-con-vecinos-en-la-mitica-pizzeria-el-fortin","status":"publish","type":"post","link":"https:\/\/www.partidogen.org.ar\/web\/tombolini-y-abrevaya-reunidos-con-vecinos-en-la-mitica-pizzeria-el-fortin\/","title":{"rendered":"Tombolini y Abrevaya reunidos con vecinos en la m\u00edtica pizzer\u00eda \u00abEl Fort\u00edn\u00bb"},"content":{"rendered":"<p><img loading=\"lazy\" decoding=\"async\" src=\"https:\/\/www.partidogen.org.ar\/web\/wp-content\/uploads\/2017\/07\/836.jpg\" alt=\"\" width=\"526\" height=\"370\" class=\"alignright size-full wp-image-6860\" srcset=\"https:\/\/www.partidogen.org.ar\/web\/wp-content\/uploads\/2017\/07\/836.jpg 526w, https:\/\/www.partidogen.org.ar\/web\/wp-content\/uploads\/2017\/07\/836-300x211.jpg 300w, https:\/\/www.partidogen.org.ar\/web\/wp-content\/uploads\/2017\/07\/836-100x70.jpg 100w, https:\/\/www.partidogen.org.ar\/web\/wp-content\/uploads\/2017\/07\/836-150x106.jpg 150w, https:\/\/www.partidogen.org.ar\/web\/wp-content\/uploads\/2017\/07\/836-200x141.jpg 200w, https:\/\/www.partidogen.org.ar\/web\/wp-content\/uploads\/2017\/07\/836-450x317.jpg 450w\" sizes=\"auto, (max-width: 526px) 100vw, 526px\" \/><br \/>\n31\/07\/2017.<br \/>\n<strong><span class=\"first\">M<\/span>at\u00edas Tombolini y Sergio Abrevaya se reunieron con los vecinos de Monte Castro, en la m\u00edtica pizzer\u00eda \u00abEl Fort\u00edn\u00bb, declarada de inter\u00e9s cultural por la Legislatura de la Ciudad de Buenos Aires en noviembre de 2006.<\/strong><\/p>\n<p>La charla, acompa\u00f1ada por caf\u00e9s, pizzas y torta de ricota t\u00edpicas del lugar, los precandidatos por 1Pais compartieron sus propuestas con los vecinos y escucharon sus inquietudes, haciendo hincapi\u00e9 en los proyectos que cada uno tiene a  nivel nacional y para la Ciudad respectivamente.<\/p>\n<p>Mat\u00edas Tombolini expres\u00f3 su preocupaci\u00f3n por el incremento de los precios y tarifas y explic\u00f3 a los asistentes en qu\u00e9 consiste \u00abBajemos los precios\u00bb y la Ley de G\u00f3ndolas, entre otros proyectos, y por qu\u00e9 no llegan las inversiones.<\/p>\n<p>Por su parte, Sergio Abrevaya indic\u00f3 que en la Ciudad, las problem\u00e1ticas refieren al transporte, falta de vivienda, altos alquileres, PyMEs, entre otros. Ambos candidatos se comprometieron a seguir estos y otros temas desde sus bancas. <\/p>\n","protected":false},"excerpt":{"rendered":"<p>Mat\u00edas Tombolini y Sergio Abrevaya se reunieron con los vecinos de Monte Castro, en la m\u00edtica pizzer\u00eda \u00abEl Fort\u00edn\u00bb, declarada de inter\u00e9s cultural por la Legislatura de la Ciudad de Buenos Aires en noviembre de 2006.<\/p>\n","protected":false},"author":2,"featured_media":6860,"comment_status":"closed","ping_status":"closed","sticky":false,"template":"","format":"standard","meta":{"footnotes":""},"categories":[133,44,115],"tags":[],"class_list":["post-6859","post","type-post","status-publish","format-standard","has-post-thumbnail","hentry","category-1pais","category-actualidad","category-sergio-abrevaya"],"_links":{"self":[{"href":"https:\/\/www.partidogen.org.ar\/web\/wp-json\/wp\/v2\/posts\/6859","targetHints":{"allow":["GET"]}}],"collection":[{"href":"https:\/\/www.partidogen.org.ar\/web\/wp-json\/wp\/v2\/posts"}],"about":[{"href":"https:\/\/www.partidogen.org.ar\/web\/wp-json\/wp\/v2\/types\/post"}],"author":[{"embeddable":true,"href":"https:\/\/www.partidogen.org.ar\/web\/wp-json\/wp\/v2\/users\/2"}],"replies":[{"embeddable":true,"href":"https:\/\/www.partidogen.org.ar\/web\/wp-json\/wp\/v2\/comments?post=6859"}],"version-history":[{"count":0,"href":"https:\/\/www.partidogen.org.ar\/web\/wp-json\/wp\/v2\/posts\/6859\/revisions"}],"wp:featuredmedia":[{"embeddable":true,"href":"https:\/\/www.partidogen.org.ar\/web\/wp-json\/wp\/v2\/media\/6860"}],"wp:attachment":[{"href":"https:\/\/www.partidogen.org.ar\/web\/wp-json\/wp\/v2\/media?parent=6859"}],"wp:term":[{"taxonomy":"category","embeddable":true,"href":"https:\/\/www.partidogen.org.ar\/web\/wp-json\/wp\/v2\/categories?post=6859"},{"taxonomy":"post_tag","embeddable":true,"href":"https:\/\/www.partidogen.org.ar\/web\/wp-json\/wp\/v2\/tags?post=6859"}],"curies":[{"name":"wp","href":"https:\/\/api.w.org\/{rel}","templated":true}]}}