{"id":6845,"date":"2017-07-30T10:41:26","date_gmt":"2017-07-30T13:41:26","guid":{"rendered":"https:\/\/www.partidogen.org.ar\/web\/?p=6845"},"modified":"2017-08-02T18:15:32","modified_gmt":"2017-08-02T21:15:32","slug":"stolbizer-con-jovenes-en-moron","status":"publish","type":"post","link":"https:\/\/www.partidogen.org.ar\/web\/stolbizer-con-jovenes-en-moron\/","title":{"rendered":"Stolbizer con J\u00f3venes en Mor\u00f3n"},"content":{"rendered":"<p><figure id=\"attachment_6847\" aria-describedby=\"caption-attachment-6847\" style=\"width: 1220px\" class=\"wp-caption alignnone\"><img loading=\"lazy\" decoding=\"async\" src=\"https:\/\/www.partidogen.org.ar\/web\/wp-content\/uploads\/2017\/07\/IMG_20170729_164646-2.jpg\" alt=\"\" width=\"1220\" height=\"750\" class=\"size-full wp-image-6847\" srcset=\"https:\/\/www.partidogen.org.ar\/web\/wp-content\/uploads\/2017\/07\/IMG_20170729_164646-2.jpg 1220w, https:\/\/www.partidogen.org.ar\/web\/wp-content\/uploads\/2017\/07\/IMG_20170729_164646-2-300x184.jpg 300w, https:\/\/www.partidogen.org.ar\/web\/wp-content\/uploads\/2017\/07\/IMG_20170729_164646-2-768x472.jpg 768w, https:\/\/www.partidogen.org.ar\/web\/wp-content\/uploads\/2017\/07\/IMG_20170729_164646-2-1024x630.jpg 1024w, https:\/\/www.partidogen.org.ar\/web\/wp-content\/uploads\/2017\/07\/IMG_20170729_164646-2-100x61.jpg 100w, https:\/\/www.partidogen.org.ar\/web\/wp-content\/uploads\/2017\/07\/IMG_20170729_164646-2-150x92.jpg 150w, https:\/\/www.partidogen.org.ar\/web\/wp-content\/uploads\/2017\/07\/IMG_20170729_164646-2-200x123.jpg 200w, https:\/\/www.partidogen.org.ar\/web\/wp-content\/uploads\/2017\/07\/IMG_20170729_164646-2-450x277.jpg 450w, https:\/\/www.partidogen.org.ar\/web\/wp-content\/uploads\/2017\/07\/IMG_20170729_164646-2-600x369.jpg 600w, https:\/\/www.partidogen.org.ar\/web\/wp-content\/uploads\/2017\/07\/IMG_20170729_164646-2-900x553.jpg 900w\" sizes=\"auto, (max-width: 1220px) 100vw, 1220px\" \/><figcaption id=\"caption-attachment-6847\" class=\"wp-caption-text\">La precandidata a Senadora por el frente <a href=\"http:\/\/1pais.com\/\" target=\"_blank\">1Pa\u00eds<\/a>, Margarita Stolbizer, en una jornada con j\u00f3venes acompa\u00f1ada por los candidatos a Senadores Provinciales Sebastian Galmarini y Juan Carlos Juarez y los candidatos a Concejales Sandra Yametti y Mart\u00edn Marinucci, en la plaza Alsina de Villa Sarmiento, partido de Mor\u00f3n.<\/figcaption><\/figure><br \/>\n30\/07\/2017.<br \/>\n<strong><span class=\"first\">E<\/span>l s\u00e1bado, la candidata a senadora de <a href=\"http:\/\/1pais.com\/\" target=\"_blank\">1Pa\u00eds<\/a>, Margarita Stolbizer estuvo en City Bell por la ma\u00f1ana y a la tarde en Mor\u00f3n conversando con j\u00f3venes, al aire libre, con mate de por medio en Plaza Alsina.<\/strong><\/p>\n<p>Bajo un gazebo y con sillas en ronda, pas\u00f3 la tarde con simpatizantes y dijo que \u201ca los j\u00f3venes se los convoca para el futuro pero hay que atender los problemas del presente. el principal es el empleo y la formaci\u00f3n que necesitan para afrontar la dif\u00edcil situaci\u00f3n de las pymes que son las que sostienen el 70% del trabajo digno\u201d.<\/p>\n<p>Stolbizer estar\u00e1 ma\u00f1ana apoyando a los candidatos del GEN en la provincia de C\u00f3rdoba y el martes junto al economista Mat\u00edas Tombolini, la Diputada Carla Pitiot y el especialista en educaci\u00f3n Gustavo Iaies debatir\u00e1n sobre \u201cUn puente entre educaci\u00f3n y trabajo\u201d en el hotel Savoy de CABA.<\/p>\n","protected":false},"excerpt":{"rendered":"<p>La precandidata a senadora por el frente 1Pa\u00eds, Margarita Stolbizer, en una jornada con j\u00f3venes acompa\u00f1ada por los candidatos a Senadores Provinciales Sebastian Galmarini y Juan Carlos Juarez y los candidatos a Concejales Sandra Yametti y Mart\u00edn Marinucci, en la plaza Alsina de Villa Sarmiento, partido de Mor\u00f3n.<\/p>\n","protected":false},"author":2,"featured_media":6846,"comment_status":"closed","ping_status":"closed","sticky":false,"template":"","format":"standard","meta":{"footnotes":""},"categories":[133,44,47],"tags":[],"class_list":["post-6845","post","type-post","status-publish","format-standard","has-post-thumbnail","hentry","category-1pais","category-actualidad","category-margarita-stolbizer-diputados-nacionales"],"_links":{"self":[{"href":"https:\/\/www.partidogen.org.ar\/web\/wp-json\/wp\/v2\/posts\/6845","targetHints":{"allow":["GET"]}}],"collection":[{"href":"https:\/\/www.partidogen.org.ar\/web\/wp-json\/wp\/v2\/posts"}],"about":[{"href":"https:\/\/www.partidogen.org.ar\/web\/wp-json\/wp\/v2\/types\/post"}],"author":[{"embeddable":true,"href":"https:\/\/www.partidogen.org.ar\/web\/wp-json\/wp\/v2\/users\/2"}],"replies":[{"embeddable":true,"href":"https:\/\/www.partidogen.org.ar\/web\/wp-json\/wp\/v2\/comments?post=6845"}],"version-history":[{"count":0,"href":"https:\/\/www.partidogen.org.ar\/web\/wp-json\/wp\/v2\/posts\/6845\/revisions"}],"wp:featuredmedia":[{"embeddable":true,"href":"https:\/\/www.partidogen.org.ar\/web\/wp-json\/wp\/v2\/media\/6846"}],"wp:attachment":[{"href":"https:\/\/www.partidogen.org.ar\/web\/wp-json\/wp\/v2\/media?parent=6845"}],"wp:term":[{"taxonomy":"category","embeddable":true,"href":"https:\/\/www.partidogen.org.ar\/web\/wp-json\/wp\/v2\/categories?post=6845"},{"taxonomy":"post_tag","embeddable":true,"href":"https:\/\/www.partidogen.org.ar\/web\/wp-json\/wp\/v2\/tags?post=6845"}],"curies":[{"name":"wp","href":"https:\/\/api.w.org\/{rel}","templated":true}]}}