{"id":6778,"date":"2017-07-24T15:25:27","date_gmt":"2017-07-24T18:25:27","guid":{"rendered":"https:\/\/www.partidogen.org.ar\/web\/?p=6778"},"modified":"2017-07-27T01:09:27","modified_gmt":"2017-07-27T04:09:27","slug":"stolbizer-en-la-plata-recorrio-microemprendimientos","status":"publish","type":"post","link":"https:\/\/www.partidogen.org.ar\/web\/stolbizer-en-la-plata-recorrio-microemprendimientos\/","title":{"rendered":"Stolbizer en La Plata recorri\u00f3 microemprendimientos"},"content":{"rendered":"<p><img loading=\"lazy\" decoding=\"async\" src=\"https:\/\/www.partidogen.org.ar\/web\/wp-content\/uploads\/2017\/07\/824.jpg\" alt=\"\" width=\"526\" height=\"370\" class=\"alignright size-full wp-image-6779\" srcset=\"https:\/\/www.partidogen.org.ar\/web\/wp-content\/uploads\/2017\/07\/824.jpg 526w, https:\/\/www.partidogen.org.ar\/web\/wp-content\/uploads\/2017\/07\/824-300x211.jpg 300w, https:\/\/www.partidogen.org.ar\/web\/wp-content\/uploads\/2017\/07\/824-100x70.jpg 100w, https:\/\/www.partidogen.org.ar\/web\/wp-content\/uploads\/2017\/07\/824-150x106.jpg 150w, https:\/\/www.partidogen.org.ar\/web\/wp-content\/uploads\/2017\/07\/824-200x141.jpg 200w, https:\/\/www.partidogen.org.ar\/web\/wp-content\/uploads\/2017\/07\/824-450x317.jpg 450w\" sizes=\"auto, (max-width: 526px) 100vw, 526px\" \/><br \/>\n24\/07\/2017.<br \/>\n<strong><span class=\"first\">L<\/span>a candidata a senadora por <a href=\"http:\/\/1pais.com\/\" target=\"_blank\">1Pa\u00eds<\/a> Margarita Stolbizer estuvo hoy en La Plata acompa\u00f1ada por los candidatos locales a Concejal  Gaston Crespo y a diputado provincial Jos\u00e9 Arteaga.<\/strong><\/p>\n<p>\u201cLos candidatos de Cambiemos siguen el libreto de Duran Barba que no los deja hablar de econom\u00eda. Asi pueden disimular la improvisaci\u00f3n y la falta de respuestas a los problemas cotidianos. Pero al mismo tiempo los aleja de la realidad y de las soluciones. Hablan de medidas para despu\u00e9s de las elecciones. No ser\u00e1n buenas para trabajadores y jubilados. Porque de lo contrario las deber\u00edan estar anticipando. nos vamos a oponer a cualquier intento de seguir ajustando y flexibilizando porque siempre pierden los m\u00e1s d\u00e9biles\u201d.<\/p>\n<p>Stolbizer recorri\u00f3  microemprendimientos familiares en el barrio Altos de San Lorenzo donde visit\u00f3 dos talleres de costura que confeccionan prendas de alta calidad desde hace 12 a\u00f1os pero atraviesan graves dificultades para comercializar sus productos porque el estado no genera pol\u00edticas de promoci\u00f3n de econom\u00eda social. La precariedad de las viviendas y la p\u00e9sima infraestructura de la zona hace m\u00e1s compleja la situaci\u00f3n. <\/p>\n<p>Por la falta de trabajo, actualmente confeccionan mercader\u00eda para vender por ferias e internet, pero el mayor caudal de su trabajo se da por la contrataci\u00f3n a trav\u00e9s de terceros. Tambi\u00e9n plantearon que se les dificulta participar de las licitaciones porque no son abiertas.<\/p>\n<p>\u00ab\u00c9l impacto de las importaciones en la industria textil es abrumador, creemos que los emprendimientos familiares dinamizan la econom\u00eda, por ese motivo el estado debe garantizarles a microemprendedores y pymes, herramientas para poder llevar adelante sus proyectos y ofrecer productos competitivos.  No solo se trata de producir sino tambi\u00e9n de tener donde comercializar lo producido\u00bb<\/p>\n<p>\u00abLa industria textil se vio afectada por la importaci\u00f3n de mercader\u00eda barata, el aumento asfixiante de los costos principalmente de los servicio se p\u00fablicos y un fuerte retroceso en el consumo\u00bb.<br \/>\n\n\t\t<style type=\"text\/css\">\n\t\t\t#gallery-1 {\n\t\t\t\tmargin: auto;\n\t\t\t}\n\t\t\t#gallery-1 .gallery-item {\n\t\t\t\tfloat: left;\n\t\t\t\tmargin-top: 10px;\n\t\t\t\ttext-align: center;\n\t\t\t\twidth: 25%;\n\t\t\t}\n\t\t\t#gallery-1 img {\n\t\t\t\tborder: 2px solid #cfcfcf;\n\t\t\t}\n\t\t\t#gallery-1 .gallery-caption {\n\t\t\t\tmargin-left: 0;\n\t\t\t}\n\t\t\t\/* see gallery_shortcode() in wp-includes\/media.php *\/\n\t\t<\/style>\n\t\t<div id='gallery-1' class='gallery galleryid-6778 gallery-columns-4 gallery-size-thumbnail'><dl class='gallery-item'>\n\t\t\t<dt class='gallery-icon landscape'>\n\t\t\t\t<a href='https:\/\/www.partidogen.org.ar\/web\/wp-content\/uploads\/2017\/07\/IMG_20170724_111120.jpg'><img loading=\"lazy\" decoding=\"async\" width=\"150\" height=\"150\" src=\"https:\/\/www.partidogen.org.ar\/web\/wp-content\/uploads\/2017\/07\/IMG_20170724_111120-150x150.jpg\" class=\"attachment-thumbnail size-thumbnail\" alt=\"\" \/><\/a>\n\t\t\t<\/dt><\/dl><dl class='gallery-item'>\n\t\t\t<dt class='gallery-icon landscape'>\n\t\t\t\t<a href='https:\/\/www.partidogen.org.ar\/web\/wp-content\/uploads\/2017\/07\/IMG_20170724_111253.jpg'><img loading=\"lazy\" decoding=\"async\" width=\"150\" height=\"150\" src=\"https:\/\/www.partidogen.org.ar\/web\/wp-content\/uploads\/2017\/07\/IMG_20170724_111253-150x150.jpg\" class=\"attachment-thumbnail size-thumbnail\" alt=\"\" \/><\/a>\n\t\t\t<\/dt><\/dl><dl class='gallery-item'>\n\t\t\t<dt class='gallery-icon landscape'>\n\t\t\t\t<a href='https:\/\/www.partidogen.org.ar\/web\/wp-content\/uploads\/2017\/07\/IMG_20170724_112012.jpg'><img loading=\"lazy\" decoding=\"async\" width=\"150\" height=\"150\" src=\"https:\/\/www.partidogen.org.ar\/web\/wp-content\/uploads\/2017\/07\/IMG_20170724_112012-150x150.jpg\" class=\"attachment-thumbnail size-thumbnail\" alt=\"\" \/><\/a>\n\t\t\t<\/dt><\/dl><dl class='gallery-item'>\n\t\t\t<dt class='gallery-icon landscape'>\n\t\t\t\t<a href='https:\/\/www.partidogen.org.ar\/web\/wp-content\/uploads\/2017\/07\/IMG_20170724_111629.jpg'><img loading=\"lazy\" decoding=\"async\" width=\"150\" height=\"150\" src=\"https:\/\/www.partidogen.org.ar\/web\/wp-content\/uploads\/2017\/07\/IMG_20170724_111629-150x150.jpg\" class=\"attachment-thumbnail size-thumbnail\" alt=\"\" \/><\/a>\n\t\t\t<\/dt><\/dl><br style=\"clear: both\" \/>\n\t\t<\/div>\n","protected":false},"excerpt":{"rendered":"<p>Dijo que la industria textil se vio muy afectada por las importaciones y que los candidatos de Cambiemos siguen el libreto de Duran Barba, que no los deja hablar de econom\u00eda. \u201cAsi pueden disimular la improvisaci\u00f3n y la falta de respuestas a los problemas cotidianos\u201d<\/p>\n","protected":false},"author":2,"featured_media":6779,"comment_status":"closed","ping_status":"closed","sticky":false,"template":"","format":"standard","meta":{"footnotes":""},"categories":[133,44,47],"tags":[],"class_list":["post-6778","post","type-post","status-publish","format-standard","has-post-thumbnail","hentry","category-1pais","category-actualidad","category-margarita-stolbizer-diputados-nacionales"],"_links":{"self":[{"href":"https:\/\/www.partidogen.org.ar\/web\/wp-json\/wp\/v2\/posts\/6778","targetHints":{"allow":["GET"]}}],"collection":[{"href":"https:\/\/www.partidogen.org.ar\/web\/wp-json\/wp\/v2\/posts"}],"about":[{"href":"https:\/\/www.partidogen.org.ar\/web\/wp-json\/wp\/v2\/types\/post"}],"author":[{"embeddable":true,"href":"https:\/\/www.partidogen.org.ar\/web\/wp-json\/wp\/v2\/users\/2"}],"replies":[{"embeddable":true,"href":"https:\/\/www.partidogen.org.ar\/web\/wp-json\/wp\/v2\/comments?post=6778"}],"version-history":[{"count":0,"href":"https:\/\/www.partidogen.org.ar\/web\/wp-json\/wp\/v2\/posts\/6778\/revisions"}],"wp:featuredmedia":[{"embeddable":true,"href":"https:\/\/www.partidogen.org.ar\/web\/wp-json\/wp\/v2\/media\/6779"}],"wp:attachment":[{"href":"https:\/\/www.partidogen.org.ar\/web\/wp-json\/wp\/v2\/media?parent=6778"}],"wp:term":[{"taxonomy":"category","embeddable":true,"href":"https:\/\/www.partidogen.org.ar\/web\/wp-json\/wp\/v2\/categories?post=6778"},{"taxonomy":"post_tag","embeddable":true,"href":"https:\/\/www.partidogen.org.ar\/web\/wp-json\/wp\/v2\/tags?post=6778"}],"curies":[{"name":"wp","href":"https:\/\/api.w.org\/{rel}","templated":true}]}}