{"id":6751,"date":"2017-07-17T22:37:43","date_gmt":"2017-07-18T01:37:43","guid":{"rendered":"https:\/\/www.partidogen.org.ar\/web\/?p=6751"},"modified":"2017-07-19T16:05:46","modified_gmt":"2017-07-19T19:05:46","slug":"el-cerco-se-va-cerrando-sobre-cfk","status":"publish","type":"post","link":"https:\/\/www.partidogen.org.ar\/web\/el-cerco-se-va-cerrando-sobre-cfk\/","title":{"rendered":"\u00abEl cerco se va cerrando sobre CFK\u00bb"},"content":{"rendered":"<p><figure id=\"attachment_6752\" aria-describedby=\"caption-attachment-6752\" style=\"width: 526px\" class=\"wp-caption alignright\"><img loading=\"lazy\" decoding=\"async\" src=\"https:\/\/www.partidogen.org.ar\/web\/wp-content\/uploads\/2017\/07\/820.jpg\" alt=\"\" width=\"526\" height=\"370\" class=\"size-full wp-image-6752\" srcset=\"https:\/\/www.partidogen.org.ar\/web\/wp-content\/uploads\/2017\/07\/820.jpg 526w, https:\/\/www.partidogen.org.ar\/web\/wp-content\/uploads\/2017\/07\/820-300x211.jpg 300w, https:\/\/www.partidogen.org.ar\/web\/wp-content\/uploads\/2017\/07\/820-100x70.jpg 100w, https:\/\/www.partidogen.org.ar\/web\/wp-content\/uploads\/2017\/07\/820-150x106.jpg 150w, https:\/\/www.partidogen.org.ar\/web\/wp-content\/uploads\/2017\/07\/820-200x141.jpg 200w, https:\/\/www.partidogen.org.ar\/web\/wp-content\/uploads\/2017\/07\/820-450x317.jpg 450w\" sizes=\"auto, (max-width: 526px) 100vw, 526px\" \/><figcaption id=\"caption-attachment-6752\" class=\"wp-caption-text\">Contador de Cristina Kirchner &#8211; V\u00edctor Manzanares<\/figcaption><\/figure><br \/>\n<img loading=\"lazy\" decoding=\"async\" src=\"https:\/\/www.partidogen.org.ar\/web\/wp-content\/uploads\/2017\/02\/363-150x150.jpg\" alt=\"\" width=\"150\" height=\"150\" class=\"alignleft size-thumbnail wp-image-5608\" srcset=\"https:\/\/www.partidogen.org.ar\/web\/wp-content\/uploads\/2017\/02\/363-150x150.jpg 150w, https:\/\/www.partidogen.org.ar\/web\/wp-content\/uploads\/2017\/02\/363-109x109.jpg 109w, https:\/\/www.partidogen.org.ar\/web\/wp-content\/uploads\/2017\/02\/363-100x100.jpg 100w\" sizes=\"auto, (max-width: 150px) 100vw, 150px\" \/><br \/>\n17\/07\/2017.<br \/>\n<strong><span class=\"first\">S<\/span>tolbizer tras detenci\u00f3n del contador Manzanares: \u201cEl cerco se va cerrando sobre Cristina Fernandez. Ya vendr\u00e1 el tiempo de las condenas y la devoluci\u00f3n de lo robado. Porque los delitos se cometieron y las pruebas est\u00e1n\u201d.<\/strong><\/p>\n<p>Margarita Stolbizer denunci\u00f3 a Cristina Fernandez de Kirchner mientras todav\u00eda era presidenta, en las causas Hotesur y Los Sauces. Y los procesamientos incluyen a los hijos M\u00e1ximo y Florencia Kirchner como parte de la asociaci\u00f3n il\u00edcita liderada por su madre.<\/p>\n<p>Stolbizer tras la detenci\u00f3n del contador Manzanares: \u201cLas empresas de los K solo serv\u00edan para blanquear el dinero de las coimas\u201d. \u201cCon la detenci\u00f3n de V\u00edctor Manzanares se avanza en la investigaci\u00f3n sobre la denuncia que hicimos respecto a que la sociedad Los Sauces que ten\u00eda por finalidad el cobro de alquileres  de inmuebles, en realidad era el mecanismo por el cual los empresarios devolv\u00edan favores. A trav\u00e9s de este sistema para blanquear dinero le permiti\u00f3 a la familia Kirchner entre 2009 y 2013 obtener m\u00e1s de 20 millones\u201d<\/p>\n","protected":false},"excerpt":{"rendered":"<p>Stolbizer tras detenci\u00f3n del contador Manzanares: \u201cEl cerco se va cerrando sobre Cristina Fernandez. Ya vendr\u00e1 el tiempo de las condenas y la devoluci\u00f3n de lo robado. Porque los delitos se cometieron y las pruebas est\u00e1n\u201d.<\/p>\n","protected":false},"author":2,"featured_media":6752,"comment_status":"closed","ping_status":"closed","sticky":false,"template":"","format":"standard","meta":{"footnotes":""},"categories":[133,44,47],"tags":[],"class_list":["post-6751","post","type-post","status-publish","format-standard","has-post-thumbnail","hentry","category-1pais","category-actualidad","category-margarita-stolbizer-diputados-nacionales"],"_links":{"self":[{"href":"https:\/\/www.partidogen.org.ar\/web\/wp-json\/wp\/v2\/posts\/6751","targetHints":{"allow":["GET"]}}],"collection":[{"href":"https:\/\/www.partidogen.org.ar\/web\/wp-json\/wp\/v2\/posts"}],"about":[{"href":"https:\/\/www.partidogen.org.ar\/web\/wp-json\/wp\/v2\/types\/post"}],"author":[{"embeddable":true,"href":"https:\/\/www.partidogen.org.ar\/web\/wp-json\/wp\/v2\/users\/2"}],"replies":[{"embeddable":true,"href":"https:\/\/www.partidogen.org.ar\/web\/wp-json\/wp\/v2\/comments?post=6751"}],"version-history":[{"count":0,"href":"https:\/\/www.partidogen.org.ar\/web\/wp-json\/wp\/v2\/posts\/6751\/revisions"}],"wp:featuredmedia":[{"embeddable":true,"href":"https:\/\/www.partidogen.org.ar\/web\/wp-json\/wp\/v2\/media\/6752"}],"wp:attachment":[{"href":"https:\/\/www.partidogen.org.ar\/web\/wp-json\/wp\/v2\/media?parent=6751"}],"wp:term":[{"taxonomy":"category","embeddable":true,"href":"https:\/\/www.partidogen.org.ar\/web\/wp-json\/wp\/v2\/categories?post=6751"},{"taxonomy":"post_tag","embeddable":true,"href":"https:\/\/www.partidogen.org.ar\/web\/wp-json\/wp\/v2\/tags?post=6751"}],"curies":[{"name":"wp","href":"https:\/\/api.w.org\/{rel}","templated":true}]}}