{"id":6733,"date":"2017-07-15T21:43:15","date_gmt":"2017-07-16T00:43:15","guid":{"rendered":"https:\/\/www.partidogen.org.ar\/web\/?p=6733"},"modified":"2017-07-18T14:18:41","modified_gmt":"2017-07-18T17:18:41","slug":"abrevaya-y-tombolini-con-racing-integrado","status":"publish","type":"post","link":"https:\/\/www.partidogen.org.ar\/web\/abrevaya-y-tombolini-con-racing-integrado\/","title":{"rendered":"Abrevaya y Tombolini con Racing Integrado"},"content":{"rendered":"<p><img loading=\"lazy\" decoding=\"async\" src=\"https:\/\/www.partidogen.org.ar\/web\/wp-content\/uploads\/2017\/07\/817.jpg\" alt=\"\" width=\"526\" height=\"370\" class=\"alignright size-full wp-image-6734\" srcset=\"https:\/\/www.partidogen.org.ar\/web\/wp-content\/uploads\/2017\/07\/817.jpg 526w, https:\/\/www.partidogen.org.ar\/web\/wp-content\/uploads\/2017\/07\/817-300x211.jpg 300w, https:\/\/www.partidogen.org.ar\/web\/wp-content\/uploads\/2017\/07\/817-100x70.jpg 100w, https:\/\/www.partidogen.org.ar\/web\/wp-content\/uploads\/2017\/07\/817-150x106.jpg 150w, https:\/\/www.partidogen.org.ar\/web\/wp-content\/uploads\/2017\/07\/817-200x141.jpg 200w, https:\/\/www.partidogen.org.ar\/web\/wp-content\/uploads\/2017\/07\/817-450x317.jpg 450w\" sizes=\"auto, (max-width: 526px) 100vw, 526px\" \/><br \/>\n<strong><span class=\"first\">L<\/span>os precandidatos a 1er Diputado Nacional, Mat\u00edas Tombolini, y a 1er Legislador Porte\u00f1o, Sergio Abrevaya, visitaron la sede de Racing de Villa del Parque donde funciona \u00abRacing Integrado\u00bb, un espacio que lleva 23 a\u00f1os trabajando con ni\u00f1os, j\u00f3venes y adultos con capacidades diferentes.<\/strong><\/p>\n<p>Cada s\u00e1bado el equipo de trabajo recibe a los alumnos donde se integran desde el deporte y la actividad social. Tanto los docentes como los asistentes al grupo, presentaron sus inquietudes ante los precandidatos por 1Pais CABA quienes les explicaron sus propuestas y se comprometieron a trabajar sobre los temas que les fueron planteados.<\/p>\n<p>Mat\u00edas Tombolini expres\u00f3: \u00abLos argentinos tenemos el desaf\u00edo de superar  las  dificultades que tenemos en  aceptar a quienes no son iguales a nosotros. Seguimos observando la discapacidad como un problema que le pasa al otro. El punto de partida debe ser distinto, desde una mirada que nos incluya con las diferencias que tenemos. Las soluciones deben ser pensadas desde una perspectiva holistica e integradora.\u00bb<\/p>\n<p>Por su parte, Sergio Abrevaya explic\u00f3 cu\u00e1les son sus propuestas para abordar en la Legislatura porte\u00f1a desde temas como vivienda y seguridad, y sostuvo: \u00abVoy a promover una ley que extienda este programa a toda la Ciudad y hacer cumplir las normas urban\u00edsticas para discapacitados.\u00bb<br \/>\n\n\t\t<style type=\"text\/css\">\n\t\t\t#gallery-1 {\n\t\t\t\tmargin: auto;\n\t\t\t}\n\t\t\t#gallery-1 .gallery-item {\n\t\t\t\tfloat: left;\n\t\t\t\tmargin-top: 10px;\n\t\t\t\ttext-align: center;\n\t\t\t\twidth: 50%;\n\t\t\t}\n\t\t\t#gallery-1 img {\n\t\t\t\tborder: 2px solid #cfcfcf;\n\t\t\t}\n\t\t\t#gallery-1 .gallery-caption {\n\t\t\t\tmargin-left: 0;\n\t\t\t}\n\t\t\t\/* see gallery_shortcode() in wp-includes\/media.php *\/\n\t\t<\/style>\n\t\t<div id='gallery-1' class='gallery galleryid-6733 gallery-columns-2 gallery-size-thumbnail'><dl class='gallery-item'>\n\t\t\t<dt class='gallery-icon landscape'>\n\t\t\t\t<a href='https:\/\/www.partidogen.org.ar\/web\/wp-content\/uploads\/2017\/07\/IMG_4458.jpg'><img loading=\"lazy\" decoding=\"async\" width=\"150\" height=\"150\" src=\"https:\/\/www.partidogen.org.ar\/web\/wp-content\/uploads\/2017\/07\/IMG_4458-150x150.jpg\" class=\"attachment-thumbnail size-thumbnail\" alt=\"\" \/><\/a>\n\t\t\t<\/dt><\/dl><dl class='gallery-item'>\n\t\t\t<dt class='gallery-icon portrait'>\n\t\t\t\t<a href='https:\/\/www.partidogen.org.ar\/web\/wp-content\/uploads\/2017\/07\/IMG_4440.jpg'><img loading=\"lazy\" decoding=\"async\" width=\"150\" height=\"150\" src=\"https:\/\/www.partidogen.org.ar\/web\/wp-content\/uploads\/2017\/07\/IMG_4440-150x150.jpg\" class=\"attachment-thumbnail size-thumbnail\" alt=\"\" \/><\/a>\n\t\t\t<\/dt><\/dl><br style=\"clear: both\" \/>\n\t\t<\/div>\n","protected":false},"excerpt":{"rendered":"<p>Los precandidatos a 1er Diputado Nacional, Mat\u00edas Tombolini, y a 1er Legislador Porte\u00f1o, Sergio Abrevaya, visitaron la sede de Racing de Villa del Parque donde funciona \u00abRacing Integrado\u00bb, un espacio que lleva 23 a\u00f1os trabajando con ni\u00f1os, j\u00f3venes y adultos con capacidades diferentes.<\/p>\n","protected":false},"author":2,"featured_media":6734,"comment_status":"closed","ping_status":"closed","sticky":false,"template":"","format":"standard","meta":{"footnotes":""},"categories":[133,44,105,115],"tags":[],"class_list":["post-6733","post","type-post","status-publish","format-standard","has-post-thumbnail","hentry","category-1pais","category-actualidad","category-caba","category-sergio-abrevaya"],"_links":{"self":[{"href":"https:\/\/www.partidogen.org.ar\/web\/wp-json\/wp\/v2\/posts\/6733","targetHints":{"allow":["GET"]}}],"collection":[{"href":"https:\/\/www.partidogen.org.ar\/web\/wp-json\/wp\/v2\/posts"}],"about":[{"href":"https:\/\/www.partidogen.org.ar\/web\/wp-json\/wp\/v2\/types\/post"}],"author":[{"embeddable":true,"href":"https:\/\/www.partidogen.org.ar\/web\/wp-json\/wp\/v2\/users\/2"}],"replies":[{"embeddable":true,"href":"https:\/\/www.partidogen.org.ar\/web\/wp-json\/wp\/v2\/comments?post=6733"}],"version-history":[{"count":0,"href":"https:\/\/www.partidogen.org.ar\/web\/wp-json\/wp\/v2\/posts\/6733\/revisions"}],"wp:featuredmedia":[{"embeddable":true,"href":"https:\/\/www.partidogen.org.ar\/web\/wp-json\/wp\/v2\/media\/6734"}],"wp:attachment":[{"href":"https:\/\/www.partidogen.org.ar\/web\/wp-json\/wp\/v2\/media?parent=6733"}],"wp:term":[{"taxonomy":"category","embeddable":true,"href":"https:\/\/www.partidogen.org.ar\/web\/wp-json\/wp\/v2\/categories?post=6733"},{"taxonomy":"post_tag","embeddable":true,"href":"https:\/\/www.partidogen.org.ar\/web\/wp-json\/wp\/v2\/tags?post=6733"}],"curies":[{"name":"wp","href":"https:\/\/api.w.org\/{rel}","templated":true}]}}