{"id":6719,"date":"2017-07-14T19:43:22","date_gmt":"2017-07-14T22:43:22","guid":{"rendered":"https:\/\/www.partidogen.org.ar\/web\/?p=6719"},"modified":"2017-07-17T22:39:18","modified_gmt":"2017-07-18T01:39:18","slug":"el-presidente-debe-cumplir-los-compromisos-de-campana","status":"publish","type":"post","link":"https:\/\/www.partidogen.org.ar\/web\/el-presidente-debe-cumplir-los-compromisos-de-campana\/","title":{"rendered":"\u00abEl presidente debe cumplir los compromisos de campa\u00f1a\u00bb"},"content":{"rendered":"<p><img loading=\"lazy\" decoding=\"async\" src=\"https:\/\/www.partidogen.org.ar\/web\/wp-content\/uploads\/2017\/07\/816.jpg\" alt=\"\" width=\"526\" height=\"370\" class=\"alignright size-full wp-image-6728\" srcset=\"https:\/\/www.partidogen.org.ar\/web\/wp-content\/uploads\/2017\/07\/816.jpg 526w, https:\/\/www.partidogen.org.ar\/web\/wp-content\/uploads\/2017\/07\/816-300x211.jpg 300w, https:\/\/www.partidogen.org.ar\/web\/wp-content\/uploads\/2017\/07\/816-100x70.jpg 100w, https:\/\/www.partidogen.org.ar\/web\/wp-content\/uploads\/2017\/07\/816-150x106.jpg 150w, https:\/\/www.partidogen.org.ar\/web\/wp-content\/uploads\/2017\/07\/816-200x141.jpg 200w, https:\/\/www.partidogen.org.ar\/web\/wp-content\/uploads\/2017\/07\/816-450x317.jpg 450w\" sizes=\"auto, (max-width: 526px) 100vw, 526px\" \/><br \/>\n15\/07\/2017.<br \/>\n<strong><span class=\"first\">S<\/span>tolbizer: \u201cMassa le ha pedido al presidente que cambie, porque los argentinos necesitamos un pa\u00eds en marcha, que atienda el problema de los precios y los despidos. <\/strong><\/p>\n<p>Junto a los candidatos a concejales de 1Pais Martin Marinucci y Sandra Yametti, Margarita Stolbizer hizo una caminata para conversar con vecinos y comerciantes en Castelar. <\/p>\n<p>\u00abMe cuesta pensar c\u00f3mo hacen campa\u00f1a los dem\u00e1s candidatos. Porque a nosotros nos cuentan las penurias para sostener un comercio, para pagar los impuestos y la luz. La gente tiene claro que los anteriores se llenaron los bolsillos y que los que gobiernan hace un a\u00f1o y medio no cambiaron nada de lo que prometieron y los problemas se agravan. El estancamiento de la econom\u00eda es el dato m\u00e1s com\u00fan. Algunos que abrieron un negocio el a\u00f1o pasado con la esperanza y las promesas de cambio y hoy se dan cuenta que les mintieron. El presidente se ha convertido en un comentarista optimista de los problemas, pero no impulsa ning\u00fan proyecto para cambiar. Nos habla de los impuestos, pero el \u00fanico cambio que hizo fue quitarles retenciones a las mineras y no quieren discutir la eliminaci\u00f3n del IVA en alimentos b\u00e1sicos y en las tarifas de luz para compensar el impacto por el brutal aumento.\u00bb<\/p>\n<p>En la calle comercial Arias del centro de Castelar, entraron en todos los comercios y conversaron con due\u00f1os y empleados. \u00abNo se puede sostener. Tenemos miedo de perder el empleo. No entra nadie\u00bb. Eso es lo que afirman los comerciantes y trabajadores. <\/p>\n<p>\u00abSi en lugar de la teatralizaci\u00f3n de Cristina sobre el escenario o los montajes que arman los PRO tocando timbre vienen a caminar y conversar, se van a chocar con una realidad muy distinta a la que nos quieren contar. Cuando Massa le dice al Presidente que cambie es porque debe cumplir lo que prometi\u00f3 y porque estamos a tiempo para modificar el rumbo de la econom\u00eda que sigue estancada como hace varios a\u00f1os. No le encuentran la vuelta a la inflaci\u00f3n, pero lo m\u00e1s grave es que alimentos y medicamentos aumentaron incluso m\u00e1s que la inflaci\u00f3n. Los argentinos necesitamos que el gobierno cambie para no volver al pasado y para encontrar un rumbo de progreso. Pero no hay crecimiento con salarios y jubilaciones a la baja. Hay que crear condiciones para la inversi\u00f3n interna, del peque\u00f1o empresario, cr\u00e9ditos blandos para emprendedores y discusi\u00f3n seria del sistema de impuestos. No queremos un presidente que comente los problemas sino que los resuelva.\u00bb<br \/>\n\n\t\t<style type=\"text\/css\">\n\t\t\t#gallery-1 {\n\t\t\t\tmargin: auto;\n\t\t\t}\n\t\t\t#gallery-1 .gallery-item {\n\t\t\t\tfloat: left;\n\t\t\t\tmargin-top: 10px;\n\t\t\t\ttext-align: center;\n\t\t\t\twidth: 33%;\n\t\t\t}\n\t\t\t#gallery-1 img {\n\t\t\t\tborder: 2px solid #cfcfcf;\n\t\t\t}\n\t\t\t#gallery-1 .gallery-caption {\n\t\t\t\tmargin-left: 0;\n\t\t\t}\n\t\t\t\/* see gallery_shortcode() in wp-includes\/media.php *\/\n\t\t<\/style>\n\t\t<div id='gallery-1' class='gallery galleryid-6719 gallery-columns-3 gallery-size-thumbnail'><dl class='gallery-item'>\n\t\t\t<dt class='gallery-icon landscape'>\n\t\t\t\t<a href='https:\/\/www.partidogen.org.ar\/web\/wp-content\/uploads\/2017\/07\/castelar-2.jpg'><img loading=\"lazy\" decoding=\"async\" width=\"150\" height=\"150\" src=\"https:\/\/www.partidogen.org.ar\/web\/wp-content\/uploads\/2017\/07\/castelar-2-150x150.jpg\" class=\"attachment-thumbnail size-thumbnail\" alt=\"\" \/><\/a>\n\t\t\t<\/dt><\/dl><dl class='gallery-item'>\n\t\t\t<dt class='gallery-icon portrait'>\n\t\t\t\t<a href='https:\/\/www.partidogen.org.ar\/web\/wp-content\/uploads\/2017\/07\/castelar.jpg'><img loading=\"lazy\" decoding=\"async\" width=\"150\" height=\"150\" src=\"https:\/\/www.partidogen.org.ar\/web\/wp-content\/uploads\/2017\/07\/castelar-150x150.jpg\" class=\"attachment-thumbnail size-thumbnail\" alt=\"\" \/><\/a>\n\t\t\t<\/dt><\/dl><dl class='gallery-item'>\n\t\t\t<dt class='gallery-icon landscape'>\n\t\t\t\t<a href='https:\/\/www.partidogen.org.ar\/web\/wp-content\/uploads\/2017\/07\/castelar-3.jpg'><img loading=\"lazy\" decoding=\"async\" width=\"150\" height=\"150\" src=\"https:\/\/www.partidogen.org.ar\/web\/wp-content\/uploads\/2017\/07\/castelar-3-150x150.jpg\" class=\"attachment-thumbnail size-thumbnail\" alt=\"\" \/><\/a>\n\t\t\t<\/dt><\/dl><br style=\"clear: both\" \/>\n\t\t<\/div>\n","protected":false},"excerpt":{"rendered":"<p>Stolbizer: \u201cMassa le ha pedido al presidente que cambie, porque los argentinos necesitamos un pa\u00eds en marcha, que atienda el problema de los precios y los despidos. <\/p>\n","protected":false},"author":2,"featured_media":6728,"comment_status":"closed","ping_status":"closed","sticky":false,"template":"","format":"standard","meta":{"footnotes":""},"categories":[133,44,47],"tags":[],"class_list":["post-6719","post","type-post","status-publish","format-standard","has-post-thumbnail","hentry","category-1pais","category-actualidad","category-margarita-stolbizer-diputados-nacionales"],"_links":{"self":[{"href":"https:\/\/www.partidogen.org.ar\/web\/wp-json\/wp\/v2\/posts\/6719","targetHints":{"allow":["GET"]}}],"collection":[{"href":"https:\/\/www.partidogen.org.ar\/web\/wp-json\/wp\/v2\/posts"}],"about":[{"href":"https:\/\/www.partidogen.org.ar\/web\/wp-json\/wp\/v2\/types\/post"}],"author":[{"embeddable":true,"href":"https:\/\/www.partidogen.org.ar\/web\/wp-json\/wp\/v2\/users\/2"}],"replies":[{"embeddable":true,"href":"https:\/\/www.partidogen.org.ar\/web\/wp-json\/wp\/v2\/comments?post=6719"}],"version-history":[{"count":0,"href":"https:\/\/www.partidogen.org.ar\/web\/wp-json\/wp\/v2\/posts\/6719\/revisions"}],"wp:featuredmedia":[{"embeddable":true,"href":"https:\/\/www.partidogen.org.ar\/web\/wp-json\/wp\/v2\/media\/6728"}],"wp:attachment":[{"href":"https:\/\/www.partidogen.org.ar\/web\/wp-json\/wp\/v2\/media?parent=6719"}],"wp:term":[{"taxonomy":"category","embeddable":true,"href":"https:\/\/www.partidogen.org.ar\/web\/wp-json\/wp\/v2\/categories?post=6719"},{"taxonomy":"post_tag","embeddable":true,"href":"https:\/\/www.partidogen.org.ar\/web\/wp-json\/wp\/v2\/tags?post=6719"}],"curies":[{"name":"wp","href":"https:\/\/api.w.org\/{rel}","templated":true}]}}