{"id":6706,"date":"2017-07-12T17:04:13","date_gmt":"2017-07-12T20:04:13","guid":{"rendered":"https:\/\/www.partidogen.org.ar\/web\/?p=6706"},"modified":"2017-07-17T22:17:02","modified_gmt":"2017-07-18T01:17:02","slug":"fueros-parlamentarios-el-oficialismo-y-el-frente-para-la-victoria-en-una-estrategia-comun-no-dieron-quorum","status":"publish","type":"post","link":"https:\/\/www.partidogen.org.ar\/web\/fueros-parlamentarios-el-oficialismo-y-el-frente-para-la-victoria-en-una-estrategia-comun-no-dieron-quorum\/","title":{"rendered":"Fueros Parlamentarios: \u201cEl oficialismo y el Frente para la Victoria, en una estrategia com\u00fan, no dieron qu\u00f3rum\u00bb"},"content":{"rendered":"<p><img loading=\"lazy\" decoding=\"async\" src=\"https:\/\/www.partidogen.org.ar\/web\/wp-content\/uploads\/2017\/07\/812.jpg\" alt=\"\" width=\"526\" height=\"370\" class=\"alignright size-full wp-image-6707\" srcset=\"https:\/\/www.partidogen.org.ar\/web\/wp-content\/uploads\/2017\/07\/812.jpg 526w, https:\/\/www.partidogen.org.ar\/web\/wp-content\/uploads\/2017\/07\/812-300x211.jpg 300w, https:\/\/www.partidogen.org.ar\/web\/wp-content\/uploads\/2017\/07\/812-100x70.jpg 100w, https:\/\/www.partidogen.org.ar\/web\/wp-content\/uploads\/2017\/07\/812-150x106.jpg 150w, https:\/\/www.partidogen.org.ar\/web\/wp-content\/uploads\/2017\/07\/812-200x141.jpg 200w, https:\/\/www.partidogen.org.ar\/web\/wp-content\/uploads\/2017\/07\/812-450x317.jpg 450w\" sizes=\"auto, (max-width: 526px) 100vw, 526px\" \/><br \/>\n12\/07\/2017.<br \/>\n<strong><span class=\"first\">S<\/span>tolbizer: \u201cEl oficialismo y el Frente para la Victoria, en una estrategia com\u00fan, no dieron qu\u00f3rum porque no quieren perder fueros o quedar en evidencia en su protecci\u00f3n a De Vido. No somos nosotros sino ellos los que tienen miedo a las amenazas del ex ministro kirchnerista por lo que pueda decir o las cuentas que pueda develar\u201d<\/strong><\/p>\n<p>Los diputados del GEN, Frente Renovador y Libres del Sur convocaron a una sesi\u00f3n especial esta ma\u00f1ana con el fin de aprobar en el recinto las solicitudes de renuncia a los fueros parlamentarios que anunciaron en conferencia de prensa el viernes pasado. El pedido de convocatoria a sesi\u00f3n especial tambi\u00e9n inclu\u00eda en el temario un proyecto de Stolbizer para eximir el IVA a servicios de energ\u00eda y gas para determinadas familias y pymes y el proyecto para modificar el art\u00edculo 1\u00b0 de la ley de fueros. La sesi\u00f3n no tuvo qu\u00f3rum. Sin embargo sesionaron en minor\u00eda.<\/p>\n<p>Margarita Stolbizer  durante la sesi\u00f3n junto a Massa defendi\u00f3 el pedido de desafuero pero denunciaron los intentos por tapar una discusi\u00f3n  sobre despidos, precios de alimentos y tarifas de servicios.La diputada expres\u00f3 \u00abLa C\u00e1mara no puede sesionar solo para lo que le interesa al PEN. Ni solo por De Vido. No nos paramos frente a De Vido sino de frente a la sociedad y a la justicia\u00bb<\/p>\n<p>\u00abNosotros hemos planteado la necesidad de renunciar a cualquier privilegio que nos concede nuestra condici\u00f3n de diputados como respuesta a una demanda \u00e9tica de la sociedad que, bienvenida sea, nos exige ejemplaridad. Quisieron descalificarnos diciendo que la renuncia la deb\u00eda considerar el Cuerpo. Bueno, ac\u00e1 estamos, para que sea el Cuerpo en su conjunto el que tome la decisi\u00f3n de autorizar nuestro desafuero. Ni as\u00ed, ni unos ni otros, han venido a dar este debate.<\/p>\n<p>\u00abLleg\u00f3 el momento en que ya nadie puede hacerse el distra\u00eddo por las responsabilidades que tenemos frente a la corrupci\u00f3n, por los da\u00f1os sociales que la corrupci\u00f3n produce. Tampoco queremos que la oportunidad electoral lleve a algunos a esconder por detr\u00e1s de ese debate necesario los otros da\u00f1os sociales que se agravan cuando no se los atiende, cuando se los desconoce. Eso es lo que nos pasa con un a\u00f1o y medio donde la lapicera siempre se equivoca para el mismo lado, los jubilados, los discapacitados, las tarifas domiciliarias\u00bb.<\/p>\n<p>\u00abMientras nosotros discutimos si sacamos a De Vido para que se vaya de vacaciones, no discutimos la emergencia alimentaria, se toleran de manera insostenible los aumentos de alimentos, medicamentos y tarifas de luz y gas\u00bb.<\/p>\n<p>\u00abLa ciudadan\u00eda hoy mira espect\u00e1culo de la pol\u00edtica que se esconde en los fueros para no rendir cuentas en la Justicia o para no discutir sobre los despidos\u00bb,  y agreg\u00f3 \u00abO que busca fueros para esconderse en el Senado donde casi todos siguen escondiendo corruptos condenados a los que de un lado o del otro han buscado como aliado cada vez que les conviene\u00bb.<br \/>\n\n\t\t<style type=\"text\/css\">\n\t\t\t#gallery-1 {\n\t\t\t\tmargin: auto;\n\t\t\t}\n\t\t\t#gallery-1 .gallery-item {\n\t\t\t\tfloat: left;\n\t\t\t\tmargin-top: 10px;\n\t\t\t\ttext-align: center;\n\t\t\t\twidth: 100%;\n\t\t\t}\n\t\t\t#gallery-1 img {\n\t\t\t\tborder: 2px solid #cfcfcf;\n\t\t\t}\n\t\t\t#gallery-1 .gallery-caption {\n\t\t\t\tmargin-left: 0;\n\t\t\t}\n\t\t\t\/* see gallery_shortcode() in wp-includes\/media.php *\/\n\t\t<\/style>\n\t\t<div id='gallery-1' class='gallery galleryid-6706 gallery-columns-1 gallery-size-thumbnail'><dl class='gallery-item'>\n\t\t\t<dt class='gallery-icon landscape'>\n\t\t\t\t<a href='https:\/\/www.partidogen.org.ar\/web\/wp-content\/uploads\/2017\/07\/MCV8848.jpg'><img loading=\"lazy\" decoding=\"async\" width=\"150\" height=\"150\" src=\"https:\/\/www.partidogen.org.ar\/web\/wp-content\/uploads\/2017\/07\/MCV8848-150x150.jpg\" class=\"attachment-thumbnail size-thumbnail\" alt=\"\" \/><\/a>\n\t\t\t<\/dt><\/dl><br style=\"clear: both\" \/>\n\t\t<\/div>\n<p><a href=\"https:\/\/www.partidogen.org.ar\/web\/intervencion-de-stolbizer-en-la-sesion-en-minoria-de-renuncia-a-los-fueros-parlamentarios\/\">Ver Intervenci\u00f3n de Margarita Stolbizer &#8211; Sesi\u00f3n en minor\u00eda de renuncia a los Fueros Parlamentarios<\/a><\/p>\n","protected":false},"excerpt":{"rendered":"<p>Stolbizer: \u201cEl oficialismo y el Frente para la Victoria, en una estrategia com\u00fan, no dieron qu\u00f3rum porque no quieren perder fueros o quedar en evidencia en su protecci\u00f3n a De Vido. No somos nosotros sino ellos los que tienen miedo a las amenazas del ex ministro kirchnerista por lo que pueda decir o las cuentas que pueda develar\u201d<\/p>\n","protected":false},"author":2,"featured_media":6707,"comment_status":"closed","ping_status":"closed","sticky":false,"template":"","format":"standard","meta":{"footnotes":""},"categories":[133,44,47,134],"tags":[],"class_list":["post-6706","post","type-post","status-publish","format-standard","has-post-thumbnail","hentry","category-1pais","category-actualidad","category-margarita-stolbizer-diputados-nacionales","category-sesiones-parlamentarias-2017"],"_links":{"self":[{"href":"https:\/\/www.partidogen.org.ar\/web\/wp-json\/wp\/v2\/posts\/6706","targetHints":{"allow":["GET"]}}],"collection":[{"href":"https:\/\/www.partidogen.org.ar\/web\/wp-json\/wp\/v2\/posts"}],"about":[{"href":"https:\/\/www.partidogen.org.ar\/web\/wp-json\/wp\/v2\/types\/post"}],"author":[{"embeddable":true,"href":"https:\/\/www.partidogen.org.ar\/web\/wp-json\/wp\/v2\/users\/2"}],"replies":[{"embeddable":true,"href":"https:\/\/www.partidogen.org.ar\/web\/wp-json\/wp\/v2\/comments?post=6706"}],"version-history":[{"count":0,"href":"https:\/\/www.partidogen.org.ar\/web\/wp-json\/wp\/v2\/posts\/6706\/revisions"}],"wp:featuredmedia":[{"embeddable":true,"href":"https:\/\/www.partidogen.org.ar\/web\/wp-json\/wp\/v2\/media\/6707"}],"wp:attachment":[{"href":"https:\/\/www.partidogen.org.ar\/web\/wp-json\/wp\/v2\/media?parent=6706"}],"wp:term":[{"taxonomy":"category","embeddable":true,"href":"https:\/\/www.partidogen.org.ar\/web\/wp-json\/wp\/v2\/categories?post=6706"},{"taxonomy":"post_tag","embeddable":true,"href":"https:\/\/www.partidogen.org.ar\/web\/wp-json\/wp\/v2\/tags?post=6706"}],"curies":[{"name":"wp","href":"https:\/\/api.w.org\/{rel}","templated":true}]}}