{"id":6689,"date":"2017-07-11T19:57:15","date_gmt":"2017-07-11T22:57:15","guid":{"rendered":"https:\/\/www.partidogen.org.ar\/web\/?p=6689"},"modified":"2017-07-15T21:35:39","modified_gmt":"2017-07-16T00:35:39","slug":"stolbizer-hablo-sobre-las-propuestas-del-espacio-y-rechazo-la-idea-de-sacar-a-gils-carbo-por-decreto","status":"publish","type":"post","link":"https:\/\/www.partidogen.org.ar\/web\/stolbizer-hablo-sobre-las-propuestas-del-espacio-y-rechazo-la-idea-de-sacar-a-gils-carbo-por-decreto\/","title":{"rendered":"Stolbizer habl\u00f3 sobre las propuestas del espacio y rechaz\u00f3 la idea de sacar a Gils Carb\u00f3 por decreto"},"content":{"rendered":"<p><img loading=\"lazy\" decoding=\"async\" src=\"https:\/\/www.partidogen.org.ar\/web\/wp-content\/uploads\/2017\/07\/808.jpg\" alt=\"\" width=\"526\" height=\"370\" class=\"alignright size-full wp-image-6690\" srcset=\"https:\/\/www.partidogen.org.ar\/web\/wp-content\/uploads\/2017\/07\/808.jpg 526w, https:\/\/www.partidogen.org.ar\/web\/wp-content\/uploads\/2017\/07\/808-300x211.jpg 300w, https:\/\/www.partidogen.org.ar\/web\/wp-content\/uploads\/2017\/07\/808-100x70.jpg 100w, https:\/\/www.partidogen.org.ar\/web\/wp-content\/uploads\/2017\/07\/808-150x106.jpg 150w, https:\/\/www.partidogen.org.ar\/web\/wp-content\/uploads\/2017\/07\/808-200x141.jpg 200w, https:\/\/www.partidogen.org.ar\/web\/wp-content\/uploads\/2017\/07\/808-450x317.jpg 450w\" sizes=\"auto, (max-width: 526px) 100vw, 526px\" \/><br \/>\n11\/07\/2017.<br \/>\n<strong><span class=\"first\">C<\/span>onvers\u00f3 con los vecinos de la ciudad de Buenos Aires junto a los candidatos locales de 1PAIS, Mat\u00edas Tombolini y Sergio Abrevaya en el caf\u00e9 Homero Manzi.<\/strong><\/p>\n<p>Luego de participar del acto en homenaje a las v\u00edctimas del atentado a la AMIA, realizado esta tarde en el Congreso Nacional, junto a varios legisladores que firmaron una \u201cDeclaraci\u00f3n en memoria de las v\u00edctimas del terrorismo internacional\u201d, la candidata a senadora, Margarita Stolbizer particip\u00f3 junto a los candidatos a de CABA, Mat\u00edas Tombolini y Sergio Abrevaya de una charla debate con los vecinos. Fue en el emblem\u00e1tico cafe Homero Manzi de la esquina de San Juan y Boedo.<\/p>\n<p>Durante el encuentro Stolbizer habl\u00f3 de las dos propuestas centrales de su espacio: el proyecto Bajemos los precios y Alerta BA. \u00abestamos ocup\u00e1ndonos de los problemas del presente, nuestra agenda es la agenda de la cotidianeidad de la ciudadan\u00eda\u00bb<\/p>\n<p>Asimismo tambi\u00e9n se refiri\u00f3 a su oposici\u00f3n a sacar a Gils Carb\u00f3 por decreto. No corresponde constitucionalmente hacerlo de ese modo.\u00bbEste Gobierno tiene que poner todo el empe\u00f1o de no cometer los errores del kirchnerismo, hay que buscar el juicio  pol\u00edtico y conseguir el n\u00famero\u00bb<br \/>\n\n\t\t<style type=\"text\/css\">\n\t\t\t#gallery-1 {\n\t\t\t\tmargin: auto;\n\t\t\t}\n\t\t\t#gallery-1 .gallery-item {\n\t\t\t\tfloat: left;\n\t\t\t\tmargin-top: 10px;\n\t\t\t\ttext-align: center;\n\t\t\t\twidth: 33%;\n\t\t\t}\n\t\t\t#gallery-1 img {\n\t\t\t\tborder: 2px solid #cfcfcf;\n\t\t\t}\n\t\t\t#gallery-1 .gallery-caption {\n\t\t\t\tmargin-left: 0;\n\t\t\t}\n\t\t\t\/* see gallery_shortcode() in wp-includes\/media.php *\/\n\t\t<\/style>\n\t\t<div id='gallery-1' class='gallery galleryid-6689 gallery-columns-3 gallery-size-thumbnail'><dl class='gallery-item'>\n\t\t\t<dt class='gallery-icon landscape'>\n\t\t\t\t<a href='https:\/\/www.partidogen.org.ar\/web\/wp-content\/uploads\/2017\/07\/IMG_20170711_180137.jpg'><img loading=\"lazy\" decoding=\"async\" width=\"150\" height=\"150\" src=\"https:\/\/www.partidogen.org.ar\/web\/wp-content\/uploads\/2017\/07\/IMG_20170711_180137-150x150.jpg\" class=\"attachment-thumbnail size-thumbnail\" alt=\"\" aria-describedby=\"gallery-1-6691\" \/><\/a>\n\t\t\t<\/dt>\n\t\t\t\t<dd class='wp-caption-text gallery-caption' id='gallery-1-6691'>\n\t\t\t\t Margarita Stolbizer, Mat\u00edas Tombolini y Sergio Abrevaya\n\t\t\t\t<\/dd><\/dl><dl class='gallery-item'>\n\t\t\t<dt class='gallery-icon landscape'>\n\t\t\t\t<a href='https:\/\/www.partidogen.org.ar\/web\/wp-content\/uploads\/2017\/07\/IMG_20170711_180718.jpg'><img loading=\"lazy\" decoding=\"async\" width=\"150\" height=\"150\" src=\"https:\/\/www.partidogen.org.ar\/web\/wp-content\/uploads\/2017\/07\/IMG_20170711_180718-150x150.jpg\" class=\"attachment-thumbnail size-thumbnail\" alt=\"\" aria-describedby=\"gallery-1-6692\" \/><\/a>\n\t\t\t<\/dt>\n\t\t\t\t<dd class='wp-caption-text gallery-caption' id='gallery-1-6692'>\n\t\t\t\t Margarita Stolbizer, Mat\u00edas Tombolini y Sergio Abrevaya\n\t\t\t\t<\/dd><\/dl>\n\t\t\t<br style='clear: both' \/>\n\t\t<\/div>\n","protected":false},"excerpt":{"rendered":"<p>Convers\u00f3 con los vecinos de la ciudad de Buenos Aires junto a los candidatos locales de 1Pa\u00eds, Mat\u00edas Tombolini y Sergio Abrevaya en el caf\u00e9 Homero Manzi.<\/p>\n","protected":false},"author":2,"featured_media":6690,"comment_status":"closed","ping_status":"closed","sticky":false,"template":"","format":"standard","meta":{"footnotes":""},"categories":[133,44,105,47,115],"tags":[],"class_list":["post-6689","post","type-post","status-publish","format-standard","has-post-thumbnail","hentry","category-1pais","category-actualidad","category-caba","category-margarita-stolbizer-diputados-nacionales","category-sergio-abrevaya"],"_links":{"self":[{"href":"https:\/\/www.partidogen.org.ar\/web\/wp-json\/wp\/v2\/posts\/6689","targetHints":{"allow":["GET"]}}],"collection":[{"href":"https:\/\/www.partidogen.org.ar\/web\/wp-json\/wp\/v2\/posts"}],"about":[{"href":"https:\/\/www.partidogen.org.ar\/web\/wp-json\/wp\/v2\/types\/post"}],"author":[{"embeddable":true,"href":"https:\/\/www.partidogen.org.ar\/web\/wp-json\/wp\/v2\/users\/2"}],"replies":[{"embeddable":true,"href":"https:\/\/www.partidogen.org.ar\/web\/wp-json\/wp\/v2\/comments?post=6689"}],"version-history":[{"count":0,"href":"https:\/\/www.partidogen.org.ar\/web\/wp-json\/wp\/v2\/posts\/6689\/revisions"}],"wp:featuredmedia":[{"embeddable":true,"href":"https:\/\/www.partidogen.org.ar\/web\/wp-json\/wp\/v2\/media\/6690"}],"wp:attachment":[{"href":"https:\/\/www.partidogen.org.ar\/web\/wp-json\/wp\/v2\/media?parent=6689"}],"wp:term":[{"taxonomy":"category","embeddable":true,"href":"https:\/\/www.partidogen.org.ar\/web\/wp-json\/wp\/v2\/categories?post=6689"},{"taxonomy":"post_tag","embeddable":true,"href":"https:\/\/www.partidogen.org.ar\/web\/wp-json\/wp\/v2\/tags?post=6689"}],"curies":[{"name":"wp","href":"https:\/\/api.w.org\/{rel}","templated":true}]}}