{"id":6473,"date":"2017-06-13T18:40:07","date_gmt":"2017-06-13T21:40:07","guid":{"rendered":"https:\/\/www.partidogen.org.ar\/web\/?p=6473"},"modified":"2017-06-27T12:50:22","modified_gmt":"2017-06-27T15:50:22","slug":"linares-solicita-derogar-el-decreto-43297-que-atenta-contra-los-derechos-de-las-personas-con-discapacidad","status":"publish","type":"post","link":"https:\/\/www.partidogen.org.ar\/web\/linares-solicita-derogar-el-decreto-43297-que-atenta-contra-los-derechos-de-las-personas-con-discapacidad\/","title":{"rendered":"Linares solicita derogar el decreto 432\/97 que atenta contra los derechos de las personas con discapacidad"},"content":{"rendered":"<p><img loading=\"lazy\" decoding=\"async\" src=\"https:\/\/www.partidogen.org.ar\/web\/wp-content\/uploads\/2016\/11\/609.jpg\" alt=\"\" width=\"526\" height=\"370\" class=\"alignright size-full wp-image-5244\" srcset=\"https:\/\/www.partidogen.org.ar\/web\/wp-content\/uploads\/2016\/11\/609.jpg 526w, https:\/\/www.partidogen.org.ar\/web\/wp-content\/uploads\/2016\/11\/609-300x211.jpg 300w, https:\/\/www.partidogen.org.ar\/web\/wp-content\/uploads\/2016\/11\/609-100x70.jpg 100w, https:\/\/www.partidogen.org.ar\/web\/wp-content\/uploads\/2016\/11\/609-150x106.jpg 150w, https:\/\/www.partidogen.org.ar\/web\/wp-content\/uploads\/2016\/11\/609-200x141.jpg 200w, https:\/\/www.partidogen.org.ar\/web\/wp-content\/uploads\/2016\/11\/609-450x317.jpg 450w\" sizes=\"auto, (max-width: 526px) 100vw, 526px\" \/><br \/>\n13\/06\/2017.<br \/>\n<strong><span class=\"first\">E<\/span>l Senador Nacional del GEN, por la Provincia de Buenos Aires, Jaime Linares present\u00f3 un proyecto de resoluci\u00f3n solicitando al Poder Ejecutivo Nacional que proceda a la derogaci\u00f3n del Decreto 432\/97, por el cual se establecen condiciones de indigencia como requisito a ser beneficiario de las pensiones por invalidez, contradiciendo lo establecido en la \u201cConvenci\u00f3n de los Derechos de las Personas con Discapacidad\u201d y la Ley 26.378<\/strong><\/p>\n<p>A su vez, el Senador Linares solicita que se implementen mecanismos para que desde el estado se pueda garantizar la debida ayuda social a todas las personas con discapacidad que habiten el territorio nacional, garantizando sus derechos, mediante acciones estatales tanto de redistribuci\u00f3n como de reconocimiento.<\/p>\n<p>\u201cSostenemos que posicionar a las personas con discapacidad como objetos de asistencialismo (vinculado a la pobreza y a la indigencia) y no como sujetos de derechos, tal como lo define el Decreto 432\/97, es violatorio de nuestra legislaci\u00f3n y debe ser revertido inmediatamente derogando el mismo\u201d.<\/p>\n<p>\u201cHay que reducir el d\u00e9ficit achicando la burocracia innecesaria, como es la cantidad de Ministerios que ampli\u00f3 este Gobierno, no cercenando derechos que el Estado debe garantizar\u201d, finaliz\u00f3 el Senador Linares.<\/p>\n","protected":false},"excerpt":{"rendered":"<p>El Senador Nacional del GEN, por la Provincia de Buenos Aires, Jaime Linares present\u00f3 un proyecto de resoluci\u00f3n solicitando al Poder Ejecutivo Nacional que proceda a la derogaci\u00f3n del Decreto 432\/97, por el cual se establecen condiciones de indigencia como requisito a ser beneficiario de las pensiones por invalidez, contradiciendo lo establecido en la \u201cConvenci\u00f3n de los Derechos de las Personas con Discapacidad\u201d y la Ley 26.378<\/p>\n","protected":false},"author":2,"featured_media":0,"comment_status":"closed","ping_status":"closed","sticky":false,"template":"","format":"standard","meta":{"footnotes":""},"categories":[44,49],"tags":[],"class_list":["post-6473","post","type-post","status-publish","format-standard","hentry","category-actualidad","category-jaime-linares"],"_links":{"self":[{"href":"https:\/\/www.partidogen.org.ar\/web\/wp-json\/wp\/v2\/posts\/6473","targetHints":{"allow":["GET"]}}],"collection":[{"href":"https:\/\/www.partidogen.org.ar\/web\/wp-json\/wp\/v2\/posts"}],"about":[{"href":"https:\/\/www.partidogen.org.ar\/web\/wp-json\/wp\/v2\/types\/post"}],"author":[{"embeddable":true,"href":"https:\/\/www.partidogen.org.ar\/web\/wp-json\/wp\/v2\/users\/2"}],"replies":[{"embeddable":true,"href":"https:\/\/www.partidogen.org.ar\/web\/wp-json\/wp\/v2\/comments?post=6473"}],"version-history":[{"count":0,"href":"https:\/\/www.partidogen.org.ar\/web\/wp-json\/wp\/v2\/posts\/6473\/revisions"}],"wp:attachment":[{"href":"https:\/\/www.partidogen.org.ar\/web\/wp-json\/wp\/v2\/media?parent=6473"}],"wp:term":[{"taxonomy":"category","embeddable":true,"href":"https:\/\/www.partidogen.org.ar\/web\/wp-json\/wp\/v2\/categories?post=6473"},{"taxonomy":"post_tag","embeddable":true,"href":"https:\/\/www.partidogen.org.ar\/web\/wp-json\/wp\/v2\/tags?post=6473"}],"curies":[{"name":"wp","href":"https:\/\/api.w.org\/{rel}","templated":true}]}}