{"id":6350,"date":"2017-05-23T17:12:34","date_gmt":"2017-05-23T20:12:34","guid":{"rendered":"http:\/\/www.partidogen.org.ar\/web\/?p=6350"},"modified":"2017-05-30T11:27:32","modified_gmt":"2017-05-30T14:27:32","slug":"encuentro-de-parlamentarios-de-america-sobre-empoderamiento-de-las-mujeres","status":"publish","type":"post","link":"https:\/\/www.partidogen.org.ar\/web\/encuentro-de-parlamentarios-de-america-sobre-empoderamiento-de-las-mujeres\/","title":{"rendered":"Encuentro de Parlamentarios de Am\u00e9rica sobre Empoderamiento, Autonom\u00eda Econ\u00f3mica y Violencia de G\u00e9nero"},"content":{"rendered":"<p><img loading=\"lazy\" decoding=\"async\" src=\"http:\/\/www.partidogen.org.ar\/web\/wp-content\/uploads\/2017\/05\/757.jpg\" alt=\"\" width=\"526\" height=\"370\" class=\"alignright size-full wp-image-6352\" srcset=\"https:\/\/www.partidogen.org.ar\/web\/wp-content\/uploads\/2017\/05\/757.jpg 526w, https:\/\/www.partidogen.org.ar\/web\/wp-content\/uploads\/2017\/05\/757-300x211.jpg 300w, https:\/\/www.partidogen.org.ar\/web\/wp-content\/uploads\/2017\/05\/757-100x70.jpg 100w, https:\/\/www.partidogen.org.ar\/web\/wp-content\/uploads\/2017\/05\/757-150x106.jpg 150w, https:\/\/www.partidogen.org.ar\/web\/wp-content\/uploads\/2017\/05\/757-200x141.jpg 200w, https:\/\/www.partidogen.org.ar\/web\/wp-content\/uploads\/2017\/05\/757-450x317.jpg 450w\" sizes=\"auto, (max-width: 526px) 100vw, 526px\" \/><br \/>\nBuenos Aires, 23\/05\/20147.<br \/>\nStolbizer habl\u00f3 esta ma\u00f1ana en la apertura, se discute sobre los movimientos sociales y los esfuerzos conjuntos para el empoderamiento de las mujeres para alcanzar condiciones de igualdad.<\/p>\n<p><strong><span class=\"first\">P<\/span>arlAmericas &#8211; la red interparlamentaria de las Am\u00e9ricas y el Caribe &#8211; en colaboraci\u00f3n con la C\u00e1mara de Diputados de Argentina, realiza el Encuentro Empoderamiento de las mujeres: Respuestas sociales y pol\u00edticas,  (23 al 24 de mayo en Buenos Aires, C\u00e1mara de diputados). Este evento re\u00fane a m\u00e1s de 80 legisladoras y legisladores de m\u00e1s de 25 pa\u00edses del hemisferio para analizar iniciativas conjuntas de di\u00e1logo y trabajo colaborativo con la sociedad civil para el avance de la igualdad de g\u00e9nero.<\/strong><\/p>\n<p>La anfitriona y miembro del Consejo de ParlAmericas, la diputada argentina Margarita Stolbizer, expres\u00f3 que: \u201cEste encuentro es s\u00edmbolo de lo hermanados que estamos nuestros pueblos por territorialidad, cultura e historia. Antes, por las luchas de libertad y luego hemos compartido con muchos pa\u00edses de Latinoam\u00e9rica, tambi\u00e9n la crueldad de las dictaduras militares. Y hoy el gozo que nos provoca estar en democracias firmes y s\u00f3lidas. Pero no podemos ignorar los dolores de nuestro presente. Nuestro continente se encuentra particularmente afectado por los problemas en Venezuela y Brasil. Y lo que le pasa al otro, nos afecta a todos. La corrupci\u00f3n y la pobreza extrema afectan al conjunto de nuestra hermandad. <\/p>\n<p>Somos un continente rico en sus recursos naturales sin embargo somos el m\u00e1s desigual del planeta. Algunas minor\u00edas cuentan con privilegios insostenibles en el reparto de nuestras rentas. Al mismo tiempo muchos sectores de la poblaci\u00f3n padecen situaciones de exclusi\u00f3n, moralmente intolerables. La b\u00fasqueda de la igualdad, es el horizonte de la pol\u00edtica y de la democracia y nuestro objetivo como parlamentarios. Dentro de esta desigualdad, las mujeres somos el colectivo m\u00e1s desigual dentro de los desiguales. Tiene que ver con que no podemos acceder al ejercicio pleno y operativo de nuestros derechos. No ganamos lo mismo por la misma tarea, no tenemos las mismas posibilidades de acceder a los lugares de decisi\u00f3n y direcci\u00f3n; y ese es sin duda entonces el motivo de nuestra lucha. M\u00e1s espacios de igualdad, lucha conjunta de mujeres y de varones para tener una convivencia que nos dignifique en el ejercicio de nuestros derechos.<\/p>\n<p>En mi pa\u00eds, las organizaciones sociales han tenido un protagonismo hist\u00f3rico de lucha por m\u00e1s  derechos. En particular las Madres y Abuelas de Plaza de Mayo durante la dictadura. En democracia tambi\u00e9n fueron los movimientos feministas los que contribuyeron a mayores derechos para las mujeres y en este tiempo tambi\u00e9n son los movimientos sociales los que luchan contra la violencia de g\u00e9nero. <\/p>\n<p>Es en este Congreso de la Naci\u00f3n argentina, el \u00e1mbito en t\u00e9rminos reales pol\u00edticos y simb\u00f3licos de la representaci\u00f3n del pueblo de la naci\u00f3n argentina, de su diversidad  pol\u00edtica y realidad de un pa\u00eds federal donde hoy la sociedad interpela a la pol\u00edtica. La irrupci\u00f3n del movimiento \u201cNi una menos\u201d representa lo tr\u00e1gico que nos ocurre. La violencia por razones de g\u00e9nero cruza  nuestro tiempo y nuestra realidad. Hoy una mujer muere cada 20 horas como consecuencia de la violencia de g\u00e9nero. Y una vez m\u00e1s est\u00e1n ah\u00ed  los movimientos sociales organizados interpel\u00e1ndonos para saber qu\u00e9 es lo que est\u00e1 haciendo la pol\u00edtica para mejor la condici\u00f3n de las mujeres. No se trata solo de leyes,  tambi\u00e9n debemos atender esa realidad social desde lo cultural y desde el empoderamiento de las mujeres.  \u00bfC\u00f3mo garantizar autonom\u00eda econ\u00f3mica y financiera para que las mujeres puedan tener efectivamente el ejercicio de sus libertades?. Ese es nuestro trabajo como parlamentarios y el motivo de este encuentro.<br \/>\n\n\t\t<style type=\"text\/css\">\n\t\t\t#gallery-1 {\n\t\t\t\tmargin: auto;\n\t\t\t}\n\t\t\t#gallery-1 .gallery-item {\n\t\t\t\tfloat: left;\n\t\t\t\tmargin-top: 10px;\n\t\t\t\ttext-align: center;\n\t\t\t\twidth: 20%;\n\t\t\t}\n\t\t\t#gallery-1 img {\n\t\t\t\tborder: 2px solid #cfcfcf;\n\t\t\t}\n\t\t\t#gallery-1 .gallery-caption {\n\t\t\t\tmargin-left: 0;\n\t\t\t}\n\t\t\t\/* see gallery_shortcode() in wp-includes\/media.php *\/\n\t\t<\/style>\n\t\t<div id='gallery-1' class='gallery galleryid-6350 gallery-columns-5 gallery-size-thumbnail'><dl class='gallery-item'>\n\t\t\t<dt class='gallery-icon landscape'>\n\t\t\t\t<a href='https:\/\/www.partidogen.org.ar\/web\/wp-content\/uploads\/2017\/05\/1.jpg'><img loading=\"lazy\" decoding=\"async\" width=\"150\" height=\"150\" src=\"https:\/\/www.partidogen.org.ar\/web\/wp-content\/uploads\/2017\/05\/1-150x150.jpg\" class=\"attachment-thumbnail size-thumbnail\" alt=\"\" srcset=\"https:\/\/www.partidogen.org.ar\/web\/wp-content\/uploads\/2017\/05\/1-150x150.jpg 150w, https:\/\/www.partidogen.org.ar\/web\/wp-content\/uploads\/2017\/05\/1-109x109.jpg 109w, https:\/\/www.partidogen.org.ar\/web\/wp-content\/uploads\/2017\/05\/1-100x100.jpg 100w\" sizes=\"auto, (max-width: 150px) 100vw, 150px\" \/><\/a>\n\t\t\t<\/dt><\/dl><dl class='gallery-item'>\n\t\t\t<dt class='gallery-icon landscape'>\n\t\t\t\t<a href='https:\/\/www.partidogen.org.ar\/web\/wp-content\/uploads\/2017\/05\/2.jpg'><img loading=\"lazy\" decoding=\"async\" width=\"150\" height=\"150\" src=\"https:\/\/www.partidogen.org.ar\/web\/wp-content\/uploads\/2017\/05\/2-150x150.jpg\" class=\"attachment-thumbnail size-thumbnail\" alt=\"\" srcset=\"https:\/\/www.partidogen.org.ar\/web\/wp-content\/uploads\/2017\/05\/2-150x150.jpg 150w, https:\/\/www.partidogen.org.ar\/web\/wp-content\/uploads\/2017\/05\/2-109x109.jpg 109w, https:\/\/www.partidogen.org.ar\/web\/wp-content\/uploads\/2017\/05\/2-100x100.jpg 100w\" sizes=\"auto, (max-width: 150px) 100vw, 150px\" \/><\/a>\n\t\t\t<\/dt><\/dl><dl class='gallery-item'>\n\t\t\t<dt class='gallery-icon landscape'>\n\t\t\t\t<a href='https:\/\/www.partidogen.org.ar\/web\/wp-content\/uploads\/2017\/05\/3.jpg'><img loading=\"lazy\" decoding=\"async\" width=\"150\" height=\"150\" src=\"https:\/\/www.partidogen.org.ar\/web\/wp-content\/uploads\/2017\/05\/3-150x150.jpg\" class=\"attachment-thumbnail size-thumbnail\" alt=\"\" srcset=\"https:\/\/www.partidogen.org.ar\/web\/wp-content\/uploads\/2017\/05\/3-150x150.jpg 150w, https:\/\/www.partidogen.org.ar\/web\/wp-content\/uploads\/2017\/05\/3-109x109.jpg 109w, https:\/\/www.partidogen.org.ar\/web\/wp-content\/uploads\/2017\/05\/3-100x100.jpg 100w\" sizes=\"auto, (max-width: 150px) 100vw, 150px\" \/><\/a>\n\t\t\t<\/dt><\/dl><dl class='gallery-item'>\n\t\t\t<dt class='gallery-icon landscape'>\n\t\t\t\t<a href='https:\/\/www.partidogen.org.ar\/web\/wp-content\/uploads\/2017\/05\/6.jpg'><img loading=\"lazy\" decoding=\"async\" width=\"150\" height=\"150\" src=\"https:\/\/www.partidogen.org.ar\/web\/wp-content\/uploads\/2017\/05\/6-150x150.jpg\" class=\"attachment-thumbnail size-thumbnail\" alt=\"\" srcset=\"https:\/\/www.partidogen.org.ar\/web\/wp-content\/uploads\/2017\/05\/6-150x150.jpg 150w, https:\/\/www.partidogen.org.ar\/web\/wp-content\/uploads\/2017\/05\/6-109x109.jpg 109w, https:\/\/www.partidogen.org.ar\/web\/wp-content\/uploads\/2017\/05\/6-100x100.jpg 100w\" sizes=\"auto, (max-width: 150px) 100vw, 150px\" \/><\/a>\n\t\t\t<\/dt><\/dl><dl class='gallery-item'>\n\t\t\t<dt class='gallery-icon landscape'>\n\t\t\t\t<a href='https:\/\/www.partidogen.org.ar\/web\/wp-content\/uploads\/2017\/05\/7.jpg'><img loading=\"lazy\" decoding=\"async\" width=\"150\" height=\"150\" src=\"https:\/\/www.partidogen.org.ar\/web\/wp-content\/uploads\/2017\/05\/7-150x150.jpg\" class=\"attachment-thumbnail size-thumbnail\" alt=\"\" srcset=\"https:\/\/www.partidogen.org.ar\/web\/wp-content\/uploads\/2017\/05\/7-150x150.jpg 150w, https:\/\/www.partidogen.org.ar\/web\/wp-content\/uploads\/2017\/05\/7-109x109.jpg 109w, https:\/\/www.partidogen.org.ar\/web\/wp-content\/uploads\/2017\/05\/7-100x100.jpg 100w\" sizes=\"auto, (max-width: 150px) 100vw, 150px\" \/><\/a>\n\t\t\t<\/dt><\/dl><br style=\"clear: both\" \/>\n\t\t<\/div>\n","protected":false},"excerpt":{"rendered":"<p>Stolbizer habl\u00f3 esta ma\u00f1ana en la apertura del encuentro, se discute sobre los movimientos sociales y los esfuerzos conjuntos para el empoderamiento de las mujeres para alcanzar condiciones de igualdad.<\/p>\n","protected":false},"author":2,"featured_media":6351,"comment_status":"closed","ping_status":"closed","sticky":false,"template":"","format":"standard","meta":{"footnotes":""},"categories":[44,47,109],"tags":[],"class_list":["post-6350","post","type-post","status-publish","format-standard","has-post-thumbnail","hentry","category-actualidad","category-margarita-stolbizer-diputados-nacionales","category-mujeres-del-gen"],"_links":{"self":[{"href":"https:\/\/www.partidogen.org.ar\/web\/wp-json\/wp\/v2\/posts\/6350","targetHints":{"allow":["GET"]}}],"collection":[{"href":"https:\/\/www.partidogen.org.ar\/web\/wp-json\/wp\/v2\/posts"}],"about":[{"href":"https:\/\/www.partidogen.org.ar\/web\/wp-json\/wp\/v2\/types\/post"}],"author":[{"embeddable":true,"href":"https:\/\/www.partidogen.org.ar\/web\/wp-json\/wp\/v2\/users\/2"}],"replies":[{"embeddable":true,"href":"https:\/\/www.partidogen.org.ar\/web\/wp-json\/wp\/v2\/comments?post=6350"}],"version-history":[{"count":0,"href":"https:\/\/www.partidogen.org.ar\/web\/wp-json\/wp\/v2\/posts\/6350\/revisions"}],"wp:featuredmedia":[{"embeddable":true,"href":"https:\/\/www.partidogen.org.ar\/web\/wp-json\/wp\/v2\/media\/6351"}],"wp:attachment":[{"href":"https:\/\/www.partidogen.org.ar\/web\/wp-json\/wp\/v2\/media?parent=6350"}],"wp:term":[{"taxonomy":"category","embeddable":true,"href":"https:\/\/www.partidogen.org.ar\/web\/wp-json\/wp\/v2\/categories?post=6350"},{"taxonomy":"post_tag","embeddable":true,"href":"https:\/\/www.partidogen.org.ar\/web\/wp-json\/wp\/v2\/tags?post=6350"}],"curies":[{"name":"wp","href":"https:\/\/api.w.org\/{rel}","templated":true}]}}