{"id":6291,"date":"2017-05-05T14:57:27","date_gmt":"2017-05-05T17:57:27","guid":{"rendered":"http:\/\/www.partidogen.org.ar\/web\/?p=6291"},"modified":"2017-05-09T17:50:53","modified_gmt":"2017-05-09T20:50:53","slug":"mujeres-geniales-reportaje-a-selva-herbon","status":"publish","type":"post","link":"https:\/\/www.partidogen.org.ar\/web\/mujeres-geniales-reportaje-a-selva-herbon\/","title":{"rendered":"Mujeres GENiales: Reportaje a Selva Herbon"},"content":{"rendered":"<p><img loading=\"lazy\" decoding=\"async\" src=\"http:\/\/www.partidogen.org.ar\/web\/wp-content\/uploads\/2017\/05\/747.jpg\" alt=\"\" width=\"526\" height=\"370\" class=\"alignright size-full wp-image-6296\" srcset=\"https:\/\/www.partidogen.org.ar\/web\/wp-content\/uploads\/2017\/05\/747.jpg 526w, https:\/\/www.partidogen.org.ar\/web\/wp-content\/uploads\/2017\/05\/747-300x211.jpg 300w, https:\/\/www.partidogen.org.ar\/web\/wp-content\/uploads\/2017\/05\/747-100x70.jpg 100w, https:\/\/www.partidogen.org.ar\/web\/wp-content\/uploads\/2017\/05\/747-150x106.jpg 150w, https:\/\/www.partidogen.org.ar\/web\/wp-content\/uploads\/2017\/05\/747-200x141.jpg 200w, https:\/\/www.partidogen.org.ar\/web\/wp-content\/uploads\/2017\/05\/747-450x317.jpg 450w\" sizes=\"auto, (max-width: 526px) 100vw, 526px\" \/><br \/>\n<strong>Desde MUJERES DEL GEN venimos realizando una serie de reportajes a diferentes dirigentes y militantes, para dar mayor visibilidad al trabajo de cada una, conocer sobre sus historias de vida e ideas. Hoy, en nuestra entrega n\u00famero trece:<\/strong><\/p>\n<p><strong><span class=\"first\">S<\/span>elva Herbon, Licenciada, Militante y Dirigente del Partido GEN Ezeiza<\/strong><br \/>\n<strong>Desde el dolor m\u00e1s profundo, transform\u00f3 su vida en una lucha constructiva por el bien com\u00fan.<\/strong><\/p>\n<p>Naci\u00f3 en Capital Federal hace 42 a\u00f1os, pero desde el a\u00f1o vivi\u00f3 junto a sus padres y dos hermanos mayores en Llavallol, una localidad del Partido de Lomas de Zamora. All\u00ed curs\u00f3 su escuela primaria, luego la secundaria en Monte Grande y estudi\u00f3 el profesorado y la licenciatura en Ciencias de la Educaci\u00f3n en la Universidad Nacional de Lomas de Zamora. Mientras, daba clases como maestra de m\u00fasica en Nivel Inicial y escuelas primarias en el Distrito de Ezeiza y como Orientadora del Aprendizaje en el Equipo Distrital de Infancia y Adolescencia. Esta estructura aborda situaciones de alta complejidad con ni\u00f1os, ni\u00f1as y adolescentes en riesgo psico \u2013 socio \u2013 educativo.<\/p>\n<p>Desde hace seis a\u00f1os se desempe\u00f1\u00f3 como Orientadora del Aprendizaje en Equipos de Distrito y Directora de un jard\u00edn de Infantes dependiente del Obispado de Lomas de Zamora.<\/p>\n<p>A los 23 a\u00f1os decidi\u00f3 irse a vivir sola y en forma simult\u00e1nea rendir las \u00faltimas materias de la facu. Estudiaba en el Profesorado de Nivel Inicial, y se recibi\u00f3  en el a\u00f1o 2002.<\/p>\n<p><strong>Lo que sigue sobre su vida, lo cuenta en primera persona:<\/strong><\/p>\n<p>A los 26 a\u00f1os, ya recibida, conoc\u00ed a Carlos, con quien estamos casados desde el 2001. En 2003 naci\u00f3 Valentina Bel\u00e9n, hoy una hermosa pre adolescente que cursa segundo a\u00f1o de secundario con orientaci\u00f3n en medioambiente. Le encanta dibujar y tiene un gusto particular por la m\u00fasica y la lectura. Es introvertida, le gusta cocinar y a veces lo hacemos juntas y detesta la pol\u00edtica.<\/p>\n<p>A sus 5 a\u00f1os pensamos que era el momento ideal para tener otro hijo y en 2009 nace Camila Anah\u00ed. Nada fue como lo esper\u00e1bamos, procedencia de cord\u00f3n umbilical, ces\u00e1rea de urgencia, sin signos vitales, reanimaci\u00f3n durante veinte minutos. Al despertar de la anestesia supe que mi vida hab\u00eda cambiado para siempre. En un principio el diagn\u00f3stico fue par\u00e1lisis cerebral, encefalopat\u00eda cr\u00f3nica no evolutiva, al tiempo determinaron Estado Vegetativo Irreversible. A los dos a\u00f1os ped\u00edamos a los m\u00e9dicos que limiten el esfuerzo terap\u00e9utico, para evitar todo tipo de encarnizamiento, no hab\u00eda posibilidades para una beb\u00e9 con su cerebro da\u00f1ado por la hipoxia. Los m\u00e9dicos dec\u00edan que era justo limitar el esfuerzo terap\u00e9utico pero no era legal.<\/p>\n<p>Ah\u00ed comenz\u00f3 mi lucha por la dignidad en el buen morir. Un contacto llev\u00f3 a otro y fue en abril de 2010 cuando conoc\u00ed a Marcelo Velis, militante del Partido Gen de La Matanza. Hac\u00eda falta una ley que contemple los Derechos de los Pacientes. Fue \u00e9l quien me orient\u00f3 en mi derrotero por el Congreso de la Naci\u00f3n desde donde surge el proyecto de modificaci\u00f3n de la Ley N\u00b0 26.529, (Ley Nacional sobre Derechos del Paciente en relaci\u00f3n con los Profesionales y las Instituciones de salud). Luego de pasar por tres comisiones de la C\u00e1mara de Diputados, lleg\u00f3 al recinto para ser tratado en la \u00faltima sesi\u00f3n del per\u00edodo ordinario, el 30 de noviembre de 2011, donde se logra la media sanci\u00f3n. <\/p>\n<p>Esperanzados que se convirtiera en ley ese mismo a\u00f1o en el Senado, intentamos sin \u00e9xito, que se incluyera en las sesiones extraordinarias. <\/p>\n<p>Con la apertura de nuevo per\u00edodo legislativo, logramos que se convirtiera en ley el 9 de Mayo de 2012, con el voto un\u00e1nime del Senado de la Naci\u00f3n, donde contamos con la gran intervenci\u00f3n y fundamentaci\u00f3n del Senador Jaime Linares (Gen) entre los m\u00e1s destacados oradores.<\/p>\n<p>Camila fue la primera beneficiaria de \u00e9sta ley, logrando la limitaci\u00f3n del esfuerzo terap\u00e9utico mediante el quite del respirador que la asist\u00eda, el 7 de junio de ese mismo a\u00f1o nuestro \u00e1ngel pudo partir.<\/p>\n<p>No tengo mas que palabras de agradecimiento hacia diputados, senadores, concejales y dirigentes pol\u00edticos y sociales que se comprometieron con la causa y creo que una forma de devolver tanto apoyo y acompa\u00f1amiento en el proceso de sanci\u00f3n de la ley, es a trav\u00e9s de mi participaci\u00f3n en pol\u00edtica. El partido Gen, liderado por Margarita Stolbizer, ha sido el que me sostuvo, me asesor\u00f3 y cuid\u00f3 en este trayecto de mi vida. Desde el militante del llano a los m\u00e1ximos dirigentes. He cambiado el prejuicio que ten\u00eda sobre los pol\u00edticos. Al igual que muchos argentinos pensamos que sus acciones no apuntan a causas comunes y de inter\u00e9s p\u00fablico. No siempre es as\u00ed, por ello estoy convencida de que debo participar, ayudar y sumarme. Es una forma de seguir luchando por m\u00e1s derechos. Por eso decid\u00ed en el a\u00f1o 2013 con compromiso y responsabilidad, afiliarme al Partido Gen en el que asum\u00ed los roles de autoridad partidaria local, seccional, provincial y hoy tambi\u00e9n como delegada por mi secci\u00f3n, al Congreso Nacional Partidario. Tambi\u00e9n fui candidata a concejal e intendente de Ezeiza, lugar en el que vivo y trabajo.<\/p>\n<p><strong>\u00bfCu\u00e1les son tus expectativas como dirigente pol\u00edtica y en qui\u00e9nes te referencias?<\/strong><\/p>\n<p>Mis expectativas apuntan a mejorar la salud, la educaci\u00f3n, la inclusi\u00f3n, la seguridad del distrito. He convocado a reuniones de padres y docentes en reclamo por la finalizaci\u00f3n de obra de una escuela especial para ni\u00f1os con discapacidad motriz. Logramos que \u00e9sta abra sus puertas en 2015 luego de ocho meses de iniciadas las gestiones. Porque defendemos el rol central que tiene la escuela p\u00fablica en una sociedad m\u00e1s igualitaria, hoy exigimos la finalizaci\u00f3n de obra de una escuela primaria y la construcci\u00f3n de m\u00e1s jardines de infantes por la falta de vacantes en estos niveles educativos. Adem\u00e1s realizamos el reclamo ante las autoridades educativas, sobre la falta de recursos humanos para atender las necesidades educativas especiales, la discapacidad y la inaccesibilidad a los edificios y transporte p\u00fablico, que dificultan el libre desplazamiento de las personas con movilidad reducida. Tambi\u00e9n dimos difusi\u00f3n en medios televisivos, la problem\u00e1tica de la recolecci\u00f3n de residuos en el municipio; todos \u00e9stos, temas que preocupan y a los que actualmente no se les est\u00e1 dando respuesta.<\/p>\n<p>He meditado largamente esta decisi\u00f3n en cuanto a mi participaci\u00f3n activa en el partido, desde lo personal y desde la Fe cat\u00f3lica, apoy\u00e1ndome como gu\u00eda en las palabras de SS el Papa Francisco: \u00abQue los cristianos trabajen en pol\u00edtica\u201d. \u201cLos cristianos no podemos lavarnos las manos, debemos meternos en pol\u00edtica porque la pol\u00edtica es una de las formas m\u00e1s altas de la caridad ya que busca el bien com\u00fan\u201d. Ese es el esp\u00edritu con el que voy a participar. <\/p>\n<p>Mis referentes pol\u00edticos del Partido, a quienes admiro por su compromiso y su entrega son Margarita y todos los legisladores y dirigentes del partido que son ese espejo en donde me gustar\u00eda reflejarme. <\/p>\n\n\t\t<style type=\"text\/css\">\n\t\t\t#gallery-1 {\n\t\t\t\tmargin: auto;\n\t\t\t}\n\t\t\t#gallery-1 .gallery-item {\n\t\t\t\tfloat: left;\n\t\t\t\tmargin-top: 10px;\n\t\t\t\ttext-align: center;\n\t\t\t\twidth: 25%;\n\t\t\t}\n\t\t\t#gallery-1 img {\n\t\t\t\tborder: 2px solid #cfcfcf;\n\t\t\t}\n\t\t\t#gallery-1 .gallery-caption {\n\t\t\t\tmargin-left: 0;\n\t\t\t}\n\t\t\t\/* see gallery_shortcode() in wp-includes\/media.php *\/\n\t\t<\/style>\n\t\t<div id='gallery-1' class='gallery galleryid-6291 gallery-columns-4 gallery-size-thumbnail'><dl class='gallery-item'>\n\t\t\t<dt class='gallery-icon landscape'>\n\t\t\t\t<a href='https:\/\/www.partidogen.org.ar\/web\/wp-content\/uploads\/2017\/05\/17240255_1401803349894457_2434522786153182679_o.jpg'><img loading=\"lazy\" decoding=\"async\" width=\"150\" height=\"150\" src=\"https:\/\/www.partidogen.org.ar\/web\/wp-content\/uploads\/2017\/05\/17240255_1401803349894457_2434522786153182679_o-150x150.jpg\" class=\"attachment-thumbnail size-thumbnail\" alt=\"\" srcset=\"https:\/\/www.partidogen.org.ar\/web\/wp-content\/uploads\/2017\/05\/17240255_1401803349894457_2434522786153182679_o-150x150.jpg 150w, https:\/\/www.partidogen.org.ar\/web\/wp-content\/uploads\/2017\/05\/17240255_1401803349894457_2434522786153182679_o-109x109.jpg 109w, https:\/\/www.partidogen.org.ar\/web\/wp-content\/uploads\/2017\/05\/17240255_1401803349894457_2434522786153182679_o-100x100.jpg 100w\" sizes=\"auto, (max-width: 150px) 100vw, 150px\" \/><\/a>\n\t\t\t<\/dt><\/dl><dl class='gallery-item'>\n\t\t\t<dt class='gallery-icon portrait'>\n\t\t\t\t<a href='https:\/\/www.partidogen.org.ar\/web\/wp-content\/uploads\/2017\/05\/familia-carlos-y-valen.jpg'><img loading=\"lazy\" decoding=\"async\" width=\"150\" height=\"150\" src=\"https:\/\/www.partidogen.org.ar\/web\/wp-content\/uploads\/2017\/05\/familia-carlos-y-valen-150x150.jpg\" class=\"attachment-thumbnail size-thumbnail\" alt=\"\" srcset=\"https:\/\/www.partidogen.org.ar\/web\/wp-content\/uploads\/2017\/05\/familia-carlos-y-valen-150x150.jpg 150w, https:\/\/www.partidogen.org.ar\/web\/wp-content\/uploads\/2017\/05\/familia-carlos-y-valen-109x109.jpg 109w, https:\/\/www.partidogen.org.ar\/web\/wp-content\/uploads\/2017\/05\/familia-carlos-y-valen-100x100.jpg 100w\" sizes=\"auto, (max-width: 150px) 100vw, 150px\" \/><\/a>\n\t\t\t<\/dt><\/dl><dl class='gallery-item'>\n\t\t\t<dt class='gallery-icon landscape'>\n\t\t\t\t<a href='https:\/\/www.partidogen.org.ar\/web\/wp-content\/uploads\/2017\/05\/la-tercera-con-Margarita.jpg'><img loading=\"lazy\" decoding=\"async\" width=\"150\" height=\"150\" src=\"https:\/\/www.partidogen.org.ar\/web\/wp-content\/uploads\/2017\/05\/la-tercera-con-Margarita-150x150.jpg\" class=\"attachment-thumbnail size-thumbnail\" alt=\"\" srcset=\"https:\/\/www.partidogen.org.ar\/web\/wp-content\/uploads\/2017\/05\/la-tercera-con-Margarita-150x150.jpg 150w, https:\/\/www.partidogen.org.ar\/web\/wp-content\/uploads\/2017\/05\/la-tercera-con-Margarita-109x109.jpg 109w, https:\/\/www.partidogen.org.ar\/web\/wp-content\/uploads\/2017\/05\/la-tercera-con-Margarita-100x100.jpg 100w\" sizes=\"auto, (max-width: 150px) 100vw, 150px\" \/><\/a>\n\t\t\t<\/dt><\/dl><dl class='gallery-item'>\n\t\t\t<dt class='gallery-icon landscape'>\n\t\t\t\t<a href='https:\/\/www.partidogen.org.ar\/web\/wp-content\/uploads\/2017\/05\/selva-en-telenoche.jpg'><img loading=\"lazy\" decoding=\"async\" width=\"150\" height=\"150\" src=\"https:\/\/www.partidogen.org.ar\/web\/wp-content\/uploads\/2017\/05\/selva-en-telenoche-150x150.jpg\" class=\"attachment-thumbnail size-thumbnail\" alt=\"\" srcset=\"https:\/\/www.partidogen.org.ar\/web\/wp-content\/uploads\/2017\/05\/selva-en-telenoche-150x150.jpg 150w, https:\/\/www.partidogen.org.ar\/web\/wp-content\/uploads\/2017\/05\/selva-en-telenoche-109x109.jpg 109w, https:\/\/www.partidogen.org.ar\/web\/wp-content\/uploads\/2017\/05\/selva-en-telenoche-100x100.jpg 100w\" sizes=\"auto, (max-width: 150px) 100vw, 150px\" \/><\/a>\n\t\t\t<\/dt><\/dl><br style=\"clear: both\" \/>\n\t\t<\/div>\n\n","protected":false},"excerpt":{"rendered":"<p>Desde MUJERES DEL GEN venimos realizando una serie de reportajes a diferentes dirigentes y militantes, para dar mayor visibilidad al trabajo de cada una, conocer sobre sus historias de vida e ideas. Hoy, en nuestra entrega n\u00famero trece: Selva Herbon, Licenciada, Militante y Dirigente del Partido GEN Ezeiza Desde el dolor m\u00e1s profundo, transform\u00f3 su [&hellip;]<\/p>\n","protected":false},"author":2,"featured_media":6296,"comment_status":"closed","ping_status":"closed","sticky":false,"template":"","format":"standard","meta":{"footnotes":""},"categories":[44,109],"tags":[],"class_list":["post-6291","post","type-post","status-publish","format-standard","has-post-thumbnail","hentry","category-actualidad","category-mujeres-del-gen"],"_links":{"self":[{"href":"https:\/\/www.partidogen.org.ar\/web\/wp-json\/wp\/v2\/posts\/6291","targetHints":{"allow":["GET"]}}],"collection":[{"href":"https:\/\/www.partidogen.org.ar\/web\/wp-json\/wp\/v2\/posts"}],"about":[{"href":"https:\/\/www.partidogen.org.ar\/web\/wp-json\/wp\/v2\/types\/post"}],"author":[{"embeddable":true,"href":"https:\/\/www.partidogen.org.ar\/web\/wp-json\/wp\/v2\/users\/2"}],"replies":[{"embeddable":true,"href":"https:\/\/www.partidogen.org.ar\/web\/wp-json\/wp\/v2\/comments?post=6291"}],"version-history":[{"count":0,"href":"https:\/\/www.partidogen.org.ar\/web\/wp-json\/wp\/v2\/posts\/6291\/revisions"}],"wp:featuredmedia":[{"embeddable":true,"href":"https:\/\/www.partidogen.org.ar\/web\/wp-json\/wp\/v2\/media\/6296"}],"wp:attachment":[{"href":"https:\/\/www.partidogen.org.ar\/web\/wp-json\/wp\/v2\/media?parent=6291"}],"wp:term":[{"taxonomy":"category","embeddable":true,"href":"https:\/\/www.partidogen.org.ar\/web\/wp-json\/wp\/v2\/categories?post=6291"},{"taxonomy":"post_tag","embeddable":true,"href":"https:\/\/www.partidogen.org.ar\/web\/wp-json\/wp\/v2\/tags?post=6291"}],"curies":[{"name":"wp","href":"https:\/\/api.w.org\/{rel}","templated":true}]}}