{"id":6281,"date":"2017-05-03T14:57:54","date_gmt":"2017-05-03T17:57:54","guid":{"rendered":"http:\/\/www.partidogen.org.ar\/web\/?p=6281"},"modified":"2017-05-05T14:57:59","modified_gmt":"2017-05-05T17:57:59","slug":"mujeres-geniales-reportaje-a-rita-mabel-garcia","status":"publish","type":"post","link":"https:\/\/www.partidogen.org.ar\/web\/mujeres-geniales-reportaje-a-rita-mabel-garcia\/","title":{"rendered":"Mujeres GENiales: Reportaje a Rita Mabel Garc\u00eda"},"content":{"rendered":"<p><img loading=\"lazy\" decoding=\"async\" src=\"http:\/\/www.partidogen.org.ar\/web\/wp-content\/uploads\/2017\/05\/746.jpg\" alt=\"\" width=\"526\" height=\"370\" class=\"alignright size-full wp-image-6287\" srcset=\"https:\/\/www.partidogen.org.ar\/web\/wp-content\/uploads\/2017\/05\/746.jpg 526w, https:\/\/www.partidogen.org.ar\/web\/wp-content\/uploads\/2017\/05\/746-300x211.jpg 300w, https:\/\/www.partidogen.org.ar\/web\/wp-content\/uploads\/2017\/05\/746-100x70.jpg 100w, https:\/\/www.partidogen.org.ar\/web\/wp-content\/uploads\/2017\/05\/746-150x106.jpg 150w, https:\/\/www.partidogen.org.ar\/web\/wp-content\/uploads\/2017\/05\/746-200x141.jpg 200w, https:\/\/www.partidogen.org.ar\/web\/wp-content\/uploads\/2017\/05\/746-450x317.jpg 450w\" sizes=\"auto, (max-width: 526px) 100vw, 526px\" \/><br \/>\n<strong>Desde MUJERES DEL GEN venimos realizando una serie de reportajes a diferentes dirigentes y militantes, para dar mayor visibilidad al trabajo de cada una, conocer sobre sus historias de vida e ideas. Hoy, en nuestra entrega n\u00famero doce:<\/strong><\/p>\n<p><strong><span class=\"first\">R<\/span>ita Mabel Garc\u00eda, Militante y Dirigente del GEN CAMPANA.<\/strong><br \/>\n <strong>Una gran luchadora por los Derechos de los Ni\u00f1os y Adolescentes.<\/strong><\/p>\n<p>Naci\u00f3 hace 55 a\u00f1os en Entre R\u00edos, en un pueblo que se llama Ibicuy. All\u00ed creci\u00f3 junto a 4 hermanos varones, Sergio, Adri\u00e1n, Claudio y Andr\u00e9s.Fue  a la escuela primaria y a la escuela secundaria en turno vespertino donde se recibi\u00f3 de Perito Mercantil.<br \/>\nNo tiene un buen recuerdo de esos tiempos: \u201csiempre fui marginada por ser muy humilde, por tener un padre que trabajaba en el ferrocarril, de alba\u00f1il, de soldador, en el cementerio o tambi\u00e9n de cerrar un caj\u00f3n cuando mor\u00eda alguien. Una madre que criaba a sus cinco hijos y que ten\u00eda que tener la comida para las 11.30, hora que llegaba mi padre del trabajo y volv\u00eda a irse a las 13 hs para regresar ya muy tarde\u00bb. Me acuerdo cuando mi mama ten\u00eda que lavar y yo me ocupaba de llenar el fuent\u00f3n con la bomba de agua a mano y ayudarla a enjuagar y retorcer la ropa de todos nosotros\u201d.<\/p>\n<p>Rita quiso seguir  estudiando para maestra, pero era imposible para sus padres porque deb\u00eda irse a la ciudad de Gualeguaychu  para concretarlo y econ\u00f3micamente no se pod\u00eda .<\/p>\n<p>A los 18 a\u00f1os se cas\u00f3 y form\u00f3 su familia. A los 21 a\u00f1os ya con su primer hijo, el pueblo comenz\u00f3 a inundarse y como su esposo trabajaba en una empresa de Campana, se trasladaron a la Pcia de Bs As.<\/p>\n<p>Finalmente all\u00ed pudo estudiar la carrera docente que hab\u00eda so\u00f1ado y no par\u00f3 m\u00e1s. Estudiaba, trabajaba, era madre, docente y esposa. Hoy adem\u00e1s de gran trayectoria tiene  tres hijos  Jorge Ignacio, Mar\u00eda Victoria y Ana Clara con  seis hermosos nietos, Abril, Constanza, Delfina, Juana, Ethan, Thiago y una nieta del coraz\u00f3n, Zoe.<\/p>\n<p>Es Profesora en Ense\u00f1anza Primaria, Profesora en Lengua y Literatura en 3* ciclo y Maestra Especializada en Adultos y Adolescentes. Actualmente, se jubil\u00f3 en la docencia, pero sigue trabajando, en el IPAP, Instituto Provincial de Administraci\u00f3n publica, es supervisora en la capacitaci\u00f3n de Registros de Personas.<\/p>\n<p>Est\u00e1 haciendo la Diplomatura en Gesti\u00f3n y Organizaci\u00f3n en Administraci\u00f3n P\u00fablica , en la Universidad de General Sarmiento  y tambi\u00e9n estudia Especialista en Pol\u00edticas educativas y en Derechos del ni\u00f1o, ni\u00f1a y adolescentes, en la Universidad Pedagog\u00eda en Capital Federal. Ha realizado tambi\u00e9n capactiaciones en  Pol\u00edticas Publicas y en Pol\u00edticas educativas y ha sido becada para participar en Jornadas, Seminarios, Congresos, Foros en M\u00e9xico, Panam\u00e1, Espa\u00f1a, Colombia, Chile , Francia, Uruguay como tambi\u00e9n en provincias Argentinas, San Juan, Mendoza, Misiones, C\u00f3rdoba<\/p>\n<p><strong>\u00bfC\u00f3mo llegaste al GEN?<\/strong><\/p>\n<p>A fines del 2009 me invitaron a una reuni\u00f3n del GEN en Lujan y ah\u00ed conoc\u00ed a muchos dirigentes que me abrieron las puertas. Soy una de las fundadoras del partido GEN CAMPANA. Cost\u00f3 y cuesta, nada es f\u00e1cil, cada campa\u00f1a es dejar mucho, pero todo se hace con el coraz\u00f3n: llevar las listas, buscar las boletas, doblarlas, repartirlas, pintadas, recorridas, llevar la boleta al vecino, hacer la campa\u00f1a, llevar las boletas al correo, asistir a las reuniones, hacer las entrevistas en los medios, en las escuelas, caminar y recorrer los barrios. Fui candidata del GEN a Concejal, a Consejera Escolar y a Intendente de la ciudad de Campana en las \u00faltimas elecciones.<\/p>\n<p><strong>\u00bfC\u00f3mo es Campana y cu\u00e1les son sus principales dificultades?<\/strong><\/p>\n<p>Campana es una ciudad de 100 mil habitantes, una ciudad industrial que necesita gente comprometida para trabajar sobre la Contaminaci\u00f3n, una ciudad donde la inseguridad cada d\u00eda es mayor,  con una poblaci\u00f3n bastante considerada en los asentamientos. Y en la que a\u00fan habiendo tantas empresas no tienen lugar, la gran cantidad de chicos que termina la escuela secundaria para continuar estudiando o conseguir trabajo.<\/p>\n<p>Con un solo hospital y dos cl\u00ednicas privadas,  la salud no est\u00e1 entre los lugares primordiales.<br \/>\nCuenta con la Universidad de Lujan y Universidad Tecnol\u00f3gica Nacional, una ciudad con Institutos de Formaci\u00f3n Docente en, Profesorado en Cs Naturales, Matem\u00e1ticas, Geograf\u00eda, F\u00edsica y T\u00e9cnicas en hoteler\u00eda y Comunicaci\u00f3n, etc.  Profesorado en Ense\u00f1anza Inicial y Primaria, hoy sin docentes para cubrir a\u00f1os en escuelas de Campana.<br \/>\nEn Campana  hay varios casos de abuso,  violencia contra la mujer, en la ni\u00f1ez pero no cuenta con una Direcci\u00f3n de Genero, ni de Derechos de Ni\u00f1os, Ni\u00f1as y adolescentes, una ciudad con una casa abrigo prestada. Una ciudad donde el Poder Judicial no existe.<\/p>\n<p><strong>\u00bfC\u00f3mo es tu historia dentro del GEN en favor de mayor igualdad entre varones y mujeres?<\/strong><\/p>\n<p>Integro desde el 2009  el GEN Mujeres o Mujeres del GEN. Transitar, pelear, dialogar, estar largas madrugadas en esos Congresos Nacionales para que el estatuto y la carta org\u00e1nica del partido tenga ese lugar que nos correspond\u00eda  a las mujeres. Tener una Referente Nacional en nuestro partido y verla siempre acompa\u00f1ada por varones y a la vez sentir la necesidad de estar cerca de ella. Esa necesidad de aprender a ser l\u00edder, de ser una buena pol\u00edtica y de ser un buen presidente del partido a nivel local, como Margarita nos dec\u00eda siempre, si ustedes quieren ser pol\u00edticos\/as, deben capacitarse. He participado en Jornadas de Capacitaci\u00f3n, en trata, trafico, violencia en ni\u00f1os, ni\u00f1as, adolescentes y 3* edad, en el Senado, la C\u00e1mara de Diputados, Canciller\u00eda.  Actualmente soy Coordinadora de la Red Infancia Robada Campana y realizo Jornadas de Concientizaci\u00f3n y Sensibilizaci\u00f3n en Violencia de Genero, Abuso sexual, suicidios adolescentes y como siempre aclaro, todo lo hago con el coraz\u00f3n, siento que la comunidad debe saber la realidad en que vivimos.<\/p>\n<p>El GEN CAMPANA necesita de gente que se comprometa a trabajar, a caminar, a recorrer los barrios, las calles y saber las necesidades de su comunidad.<\/p>\n<p>GEN CAMPANA, es un partido pol\u00edtico con muchas ganas de laburar, pero necesita tambi\u00e9n  su espacio, el acompa\u00f1amiento de nuestros pol\u00edticos dirigentes Nacionales y Provinciales para poder desarrollar pol\u00edticas p\u00fablicas de calidad en esta ciudad que cada d\u00eda crece y como dice nuestra Referente Nacional, un espacio pol\u00edtico transparente y progresista.<\/p>\n<p>\u00bfCu\u00e1l es tu frase favorita?<\/p>\n<p>Mi frase favorita, de mi libro base. \u201cEl hombre mediocre\u201d. Jos\u00e9 Ingenieros.<br \/>\n\u201cEl que aspira a ser \u00e1guila debe mirar lejos y volar alto; el que se resigna a arrastrarse como un gusano renuncia al derecho de protestar si lo aplastan\u201d<\/p>\n\n\t\t<style type=\"text\/css\">\n\t\t\t#gallery-1 {\n\t\t\t\tmargin: auto;\n\t\t\t}\n\t\t\t#gallery-1 .gallery-item {\n\t\t\t\tfloat: left;\n\t\t\t\tmargin-top: 10px;\n\t\t\t\ttext-align: center;\n\t\t\t\twidth: 20%;\n\t\t\t}\n\t\t\t#gallery-1 img {\n\t\t\t\tborder: 2px solid #cfcfcf;\n\t\t\t}\n\t\t\t#gallery-1 .gallery-caption {\n\t\t\t\tmargin-left: 0;\n\t\t\t}\n\t\t\t\/* see gallery_shortcode() in wp-includes\/media.php *\/\n\t\t<\/style>\n\t\t<div id='gallery-1' class='gallery galleryid-6281 gallery-columns-5 gallery-size-thumbnail'><dl class='gallery-item'>\n\t\t\t<dt class='gallery-icon landscape'>\n\t\t\t\t<a href='https:\/\/www.partidogen.org.ar\/web\/wp-content\/uploads\/2017\/05\/INFANCIA-ROBADA-CAMPANA.-RITA.jpg'><img loading=\"lazy\" decoding=\"async\" width=\"150\" height=\"150\" src=\"https:\/\/www.partidogen.org.ar\/web\/wp-content\/uploads\/2017\/05\/INFANCIA-ROBADA-CAMPANA.-RITA-150x150.jpg\" class=\"attachment-thumbnail size-thumbnail\" alt=\"\" srcset=\"https:\/\/www.partidogen.org.ar\/web\/wp-content\/uploads\/2017\/05\/INFANCIA-ROBADA-CAMPANA.-RITA-150x150.jpg 150w, https:\/\/www.partidogen.org.ar\/web\/wp-content\/uploads\/2017\/05\/INFANCIA-ROBADA-CAMPANA.-RITA-109x109.jpg 109w, https:\/\/www.partidogen.org.ar\/web\/wp-content\/uploads\/2017\/05\/INFANCIA-ROBADA-CAMPANA.-RITA-100x100.jpg 100w\" sizes=\"auto, (max-width: 150px) 100vw, 150px\" \/><\/a>\n\t\t\t<\/dt><\/dl><dl class='gallery-item'>\n\t\t\t<dt class='gallery-icon landscape'>\n\t\t\t\t<a href='https:\/\/www.partidogen.org.ar\/web\/wp-content\/uploads\/2017\/05\/MILITANTES-DIRIGENTES-DEL-GEN.-1.jpg'><img loading=\"lazy\" decoding=\"async\" width=\"150\" height=\"150\" src=\"https:\/\/www.partidogen.org.ar\/web\/wp-content\/uploads\/2017\/05\/MILITANTES-DIRIGENTES-DEL-GEN.-1-150x150.jpg\" class=\"attachment-thumbnail size-thumbnail\" alt=\"\" srcset=\"https:\/\/www.partidogen.org.ar\/web\/wp-content\/uploads\/2017\/05\/MILITANTES-DIRIGENTES-DEL-GEN.-1-150x150.jpg 150w, https:\/\/www.partidogen.org.ar\/web\/wp-content\/uploads\/2017\/05\/MILITANTES-DIRIGENTES-DEL-GEN.-1-109x109.jpg 109w, https:\/\/www.partidogen.org.ar\/web\/wp-content\/uploads\/2017\/05\/MILITANTES-DIRIGENTES-DEL-GEN.-1-100x100.jpg 100w\" sizes=\"auto, (max-width: 150px) 100vw, 150px\" \/><\/a>\n\t\t\t<\/dt><\/dl><dl class='gallery-item'>\n\t\t\t<dt class='gallery-icon portrait'>\n\t\t\t\t<a href='https:\/\/www.partidogen.org.ar\/web\/wp-content\/uploads\/2017\/05\/RITA-M-GARCIA-GEN.jpg'><img loading=\"lazy\" decoding=\"async\" width=\"150\" height=\"150\" src=\"https:\/\/www.partidogen.org.ar\/web\/wp-content\/uploads\/2017\/05\/RITA-M-GARCIA-GEN-150x150.jpg\" class=\"attachment-thumbnail size-thumbnail\" alt=\"\" srcset=\"https:\/\/www.partidogen.org.ar\/web\/wp-content\/uploads\/2017\/05\/RITA-M-GARCIA-GEN-150x150.jpg 150w, https:\/\/www.partidogen.org.ar\/web\/wp-content\/uploads\/2017\/05\/RITA-M-GARCIA-GEN-109x109.jpg 109w, https:\/\/www.partidogen.org.ar\/web\/wp-content\/uploads\/2017\/05\/RITA-M-GARCIA-GEN-100x100.jpg 100w\" sizes=\"auto, (max-width: 150px) 100vw, 150px\" \/><\/a>\n\t\t\t<\/dt><\/dl><dl class='gallery-item'>\n\t\t\t<dt class='gallery-icon landscape'>\n\t\t\t\t<a href='https:\/\/www.partidogen.org.ar\/web\/wp-content\/uploads\/2017\/05\/RITA-M-GARCIA-...-MIS-HIJOS.jpg'><img loading=\"lazy\" decoding=\"async\" width=\"150\" height=\"150\" src=\"https:\/\/www.partidogen.org.ar\/web\/wp-content\/uploads\/2017\/05\/RITA-M-GARCIA-...-MIS-HIJOS-150x150.jpg\" class=\"attachment-thumbnail size-thumbnail\" alt=\"\" srcset=\"https:\/\/www.partidogen.org.ar\/web\/wp-content\/uploads\/2017\/05\/RITA-M-GARCIA-...-MIS-HIJOS-150x150.jpg 150w, https:\/\/www.partidogen.org.ar\/web\/wp-content\/uploads\/2017\/05\/RITA-M-GARCIA-...-MIS-HIJOS-109x109.jpg 109w, https:\/\/www.partidogen.org.ar\/web\/wp-content\/uploads\/2017\/05\/RITA-M-GARCIA-...-MIS-HIJOS-100x100.jpg 100w\" sizes=\"auto, (max-width: 150px) 100vw, 150px\" \/><\/a>\n\t\t\t<\/dt><\/dl><dl class='gallery-item'>\n\t\t\t<dt class='gallery-icon landscape'>\n\t\t\t\t<a href='https:\/\/www.partidogen.org.ar\/web\/wp-content\/uploads\/2017\/05\/RITA-M-GARCIA.-DOCENTE.jpg'><img loading=\"lazy\" decoding=\"async\" width=\"150\" height=\"150\" src=\"https:\/\/www.partidogen.org.ar\/web\/wp-content\/uploads\/2017\/05\/RITA-M-GARCIA.-DOCENTE-150x150.jpg\" class=\"attachment-thumbnail size-thumbnail\" alt=\"\" srcset=\"https:\/\/www.partidogen.org.ar\/web\/wp-content\/uploads\/2017\/05\/RITA-M-GARCIA.-DOCENTE-150x150.jpg 150w, https:\/\/www.partidogen.org.ar\/web\/wp-content\/uploads\/2017\/05\/RITA-M-GARCIA.-DOCENTE-109x109.jpg 109w, https:\/\/www.partidogen.org.ar\/web\/wp-content\/uploads\/2017\/05\/RITA-M-GARCIA.-DOCENTE-100x100.jpg 100w\" sizes=\"auto, (max-width: 150px) 100vw, 150px\" \/><\/a>\n\t\t\t<\/dt><\/dl><br style=\"clear: both\" \/>\n\t\t<\/div>\n\n","protected":false},"excerpt":{"rendered":"<p>Desde MUJERES DEL GEN venimos realizando una serie de reportajes a diferentes dirigentes y militantes, para dar mayor visibilidad al trabajo de cada una, conocer sobre sus historias de vida e ideas. Hoy, en nuestra entrega n\u00famero doce: Rita Mabel Garc\u00eda, Militante y Dirigente del GEN CAMPANA. Una gran luchadora por los Derechos de los [&hellip;]<\/p>\n","protected":false},"author":2,"featured_media":6287,"comment_status":"closed","ping_status":"closed","sticky":false,"template":"","format":"standard","meta":{"footnotes":""},"categories":[44,109],"tags":[],"class_list":["post-6281","post","type-post","status-publish","format-standard","has-post-thumbnail","hentry","category-actualidad","category-mujeres-del-gen"],"_links":{"self":[{"href":"https:\/\/www.partidogen.org.ar\/web\/wp-json\/wp\/v2\/posts\/6281","targetHints":{"allow":["GET"]}}],"collection":[{"href":"https:\/\/www.partidogen.org.ar\/web\/wp-json\/wp\/v2\/posts"}],"about":[{"href":"https:\/\/www.partidogen.org.ar\/web\/wp-json\/wp\/v2\/types\/post"}],"author":[{"embeddable":true,"href":"https:\/\/www.partidogen.org.ar\/web\/wp-json\/wp\/v2\/users\/2"}],"replies":[{"embeddable":true,"href":"https:\/\/www.partidogen.org.ar\/web\/wp-json\/wp\/v2\/comments?post=6281"}],"version-history":[{"count":0,"href":"https:\/\/www.partidogen.org.ar\/web\/wp-json\/wp\/v2\/posts\/6281\/revisions"}],"wp:featuredmedia":[{"embeddable":true,"href":"https:\/\/www.partidogen.org.ar\/web\/wp-json\/wp\/v2\/media\/6287"}],"wp:attachment":[{"href":"https:\/\/www.partidogen.org.ar\/web\/wp-json\/wp\/v2\/media?parent=6281"}],"wp:term":[{"taxonomy":"category","embeddable":true,"href":"https:\/\/www.partidogen.org.ar\/web\/wp-json\/wp\/v2\/categories?post=6281"},{"taxonomy":"post_tag","embeddable":true,"href":"https:\/\/www.partidogen.org.ar\/web\/wp-json\/wp\/v2\/tags?post=6281"}],"curies":[{"name":"wp","href":"https:\/\/api.w.org\/{rel}","templated":true}]}}