{"id":6187,"date":"2017-04-24T14:43:57","date_gmt":"2017-04-24T17:43:57","guid":{"rendered":"http:\/\/www.partidogen.org.ar\/web\/?p=6187"},"modified":"2018-04-10T13:36:19","modified_gmt":"2018-04-10T16:36:19","slug":"mujeres-geniales-reportaje-a-paula-suarez","status":"publish","type":"post","link":"https:\/\/www.partidogen.org.ar\/web\/mujeres-geniales-reportaje-a-paula-suarez\/","title":{"rendered":"Mujeres GENiales: Reportaje a Paula Suarez"},"content":{"rendered":"<p><img loading=\"lazy\" decoding=\"async\" src=\"http:\/\/www.partidogen.org.ar\/web\/wp-content\/uploads\/2017\/04\/731.jpg\" alt=\"\" width=\"526\" height=\"370\" class=\"alignright size-full wp-image-6188\" srcset=\"https:\/\/www.partidogen.org.ar\/web\/wp-content\/uploads\/2017\/04\/731.jpg 526w, https:\/\/www.partidogen.org.ar\/web\/wp-content\/uploads\/2017\/04\/731-300x211.jpg 300w, https:\/\/www.partidogen.org.ar\/web\/wp-content\/uploads\/2017\/04\/731-100x70.jpg 100w, https:\/\/www.partidogen.org.ar\/web\/wp-content\/uploads\/2017\/04\/731-150x106.jpg 150w, https:\/\/www.partidogen.org.ar\/web\/wp-content\/uploads\/2017\/04\/731-200x141.jpg 200w, https:\/\/www.partidogen.org.ar\/web\/wp-content\/uploads\/2017\/04\/731-450x317.jpg 450w\" sizes=\"auto, (max-width: 526px) 100vw, 526px\" \/><br \/>\n<strong>Desde MUJERES DEL GEN venimos realizando una serie de reportajes a diferentes dirigentes y militantes, para dar mayor visibilidad al trabajo de cada una, conocer sobre sus historias de vida e ideas. Hoy, en nuestra entrega n\u00famero once:<\/strong><\/p>\n<p><strong><span class=\"first\">P<\/span>aula Suarez, una dirigente que inspira<\/strong><\/p>\n<p>Es contadora, especialista en temas econ\u00f3mico-financieros. Lleg\u00f3 a Presidenta del Concejo Deliberante de San Antonio de Areco y hoy integra la mesa provincial del GEN.<\/p>\n<p><strong>\u00bfC\u00f3mo es tu vida familiar actual y tu familia de origen? Donde naciste, donde estudiaste?<\/strong><\/p>\n<p>Nac\u00ed en Capital Federal en julio del \u00b476 y viv\u00ed en el barrio de Almagro junto a mis padres, mis tres hermanas y mis abuelos. Tuve una infancia muy linda, rodeada de amor y valores como la amistad, la cultura del trabajo, el esfuerzo y la importancia de la familia. Desde jard\u00edn fui al colegio Tierra Santa y luego estudi\u00e9 en la Universidad de Buenos Aires, donde me recib\u00ed de Contadora P\u00fablica. <\/p>\n<p>En el medio conoc\u00ed a Lautaro, mi compa\u00f1ero hace 19 a\u00f1os, y tenemos dos hijos hermosos: Tom\u00e1s, de 11 y Malena de 9. Mi marido es de San Antonio de Areco y cuando nos casamos decidimos venir a vivir ac\u00e1 para desarrollarnos y disfrutar de una vida de pueblo, de estar en contacto con la naturaleza, de conocer a nuestros vecinos.<\/p>\n<p><strong>\u00bfC\u00f3mo te interesaste en la pol\u00edtica?<\/strong><\/p>\n<p>La pol\u00edtica es algo que me interesa desde chica ya que en mi casa siempre se  habl\u00f3 mucho, con distintas opiniones y acalorados debates. Pero fue cuando form\u00e9 mi familia que decid\u00ed dejar la comodidad y comenzar a involucrarme, comprometerme y participar activamente. <\/p>\n<p><strong>\u00bfc\u00f3mo llegaste al GEN, que cargos ocupaste o que cargos ocupas? Acabas de integrarte a la mesa provincial, cu\u00e1les son tus objetivos, desde<br \/>\nese rol?<\/strong><\/p>\n<p>Mis inicios en el GEN fueron de la mano de Andr\u00e9s Antedomenico, en el 2008, cuando se comenzaba a armar el espacio en la localidad y m\u00e1s all\u00e1 de los cargos, lo que hice todos estos a\u00f1os fue defender las ideas. <\/p>\n<p>En el a\u00f1o 2011 fui electa concejal y ese cargo implic\u00f3 much\u00edsimos retos porque nos encontr\u00e1bamos en minor\u00eda opositora, pero a su vez tambi\u00e9n me permiti\u00f3 desarrollarme en lo pol\u00edtico y fortalecer mi experiencia. <\/p>\n<p>Durante el ejercicio de la banca me eligieron por unanimidad de todas las bancadas Presidenta del Concejo Deliberante, para el per\u00edodo 2013-2015. Adem\u00e1s del orgullo que me dio ese reconocimiento, lleve adelante una administraci\u00f3n en la que se concret\u00f3 la modernizaci\u00f3n de la instituci\u00f3n; se reorden\u00f3 el uso de los recursos econ\u00f3micos y se comenz\u00f3 la reforma y puesta en valor del edificio hist\u00f3rico donde se re\u00fane el cuerpo. En lo cultural, organizamos diversos eventos y con todo esto, intentamos poner de manifiesto la importancia y relevancia de la participaci\u00f3n del Concejo Deliberante como uno de los poderes importantes en el Municipio, ya que muchas veces se intenta opacar el desarrollo del mismo.<\/p>\n<p>Desde lo partidario, he sido Congresal Provincial y autoridad local del GEN. Hoy conformo la mesa del Partido a nivel provincial como secretaria de Formaci\u00f3n y Capacitaci\u00f3n, lugar que reci\u00e9n asumo y desde el que espero fomentar la integraci\u00f3n de las secciones en la provincia y mejorar la comunicaci\u00f3n entre ellas. Para m\u00ed es importante promover la capacitaci\u00f3n de nuestros militantes para contar con cuadros pol\u00edticos que nos representen y sucedan, en el pa\u00eds progresista que nosotros queremos. Somos un espacio que est\u00e1 en crecimiento y creo que de la mesa saldr\u00e1n las estrategias para lograr las propuestas que todos los integrantes del partido tenemos.  <\/p>\n<p><strong>\u00bfCu\u00e1les son los temas que m\u00e1s atenci\u00f3n le pones?<\/strong><\/p>\n<p>Los temas econ\u00f3micos-financieros  son los que mejor manejo y considero que necesitan siempre una visi\u00f3n integral y social.  Es muy importante el uso razonable y justo de los recursos, as\u00ed como la fijaci\u00f3n de los esquemas de gastos, por eso ya sea en gesti\u00f3n o como oposici\u00f3n, es necesario llevar adelante una visi\u00f3n equilibrada y acorde a los principios.  <\/p>\n<p>Por otra parte, tambi\u00e9n me convocan los temas de g\u00e9nero, la salud, el acceso a la vivienda y el medio ambiente. <\/p>\n<p><strong>\u00bfC\u00f3mo concejal cuales fueron tus principales proyectos y con que obst\u00e1culos te encontraste?<\/strong><\/p>\n<p>Cuando se est\u00e1 en minor\u00eda, el mayor obst\u00e1culo que se tiene es llegar a plasmar los proyectos en ordenanzas. Y en  el ejercicio de la pol\u00edtica, lo m\u00e1s importante es concretar los proyectos. <\/p>\n<p>Durante mi gesti\u00f3n, presentamos distintos proyectos y particip\u00e9 en la modificaci\u00f3n, creaci\u00f3n y cambios de ordenanzas intentando abarcar diferentes \u00e1reas de necesidades de la poblaci\u00f3n.  As\u00ed logramos el Programa de Adjudicaci\u00f3n de viviendas para la comuna, la creaci\u00f3n de plazas saludables,  el uso afectado de los Programas de Fortalecimiento Social, la creaci\u00f3n de la Comisi\u00f3n de Seguimiento de la Cuenca Rio Areco, cambios en la asignaci\u00f3n  de los espacios verdes para la generaci\u00f3n de tierras para uso en viviendas, la creaci\u00f3n del Consejo Municipal de Mujeres y la  regulaci\u00f3n del uso de los agroqu\u00edmicos en el Partido.<\/p>\n<p><strong>\u00bfCu\u00e1l es tu mirada sobre la situaci\u00f3n de las mujeres en la pol\u00edtica y por qu\u00e9 te integraste a mujeres del GEN?<\/strong><\/p>\n<p>Las mujeres en la pol\u00edtica tuvieron que trabajar mucho para tener un lugar protag\u00f3nico y sin embargo hoy, con todas las conquistas logradas y las grandes dirigentes mujeres que tenemos, a\u00fan siguen siendo necesarias leyes que garanticen la representaci\u00f3n equitativa entre varones y mujeres. Yo me siento orgullosa de que nuestro partido este liderado por una mujer y me integr\u00e9 a Mujeres del GEN porque hay mucho por hacer desde la perspectiva de g\u00e9nero.  Soy parte de una familia de mujeres en mayor\u00eda  y s\u00e9 que integrar un grupo nos permite fortalecernos y tambi\u00e9n multiplicarnos.<\/p>\n<p><strong>\u00bfC\u00f3mo es San Antonio de Areco, cu\u00e1les son sus principales problemas?<\/strong><\/p>\n<p>San Antonio de Areco es una hermosa ciudad, caracter\u00edstica de la pampa de Buenos Aires marcada por la cultura gauchesca.  Tiene una impronta propia con un desarrollo agropecuario, tur\u00edstico e industrial muy cuidado, donde procuramos la preservaci\u00f3n de su patrimonio hist\u00f3rico.<\/p>\n<p>El principal problema al cual hoy nos debemos enfrentar son las inundaciones,  que no se pueden resolver s\u00f3lo desde el municipio e implica una pol\u00edtica de Estado que nos trasciende. Tambi\u00e9n hay que hacer hincapi\u00e9 en el empleo, ya que nuestro desarrollo econ\u00f3mico es a trav\u00e9s de las PYMES y las distintas pol\u00edticas no han acompa\u00f1ado la necesidad de trabajadores y empresarios. Otra problem\u00e1tica importante es la salud, donde contamos con el Hospital Municipal al cual es muy dif\u00edcil abastecer, desde los recursos humanos, hasta el equipamiento y los insumos. La vivienda, es otro tema importante en el contexto de nuestra localidad. Tambi\u00e9n  existen los problemas cotidianos para mejorar de la calidad de vida del vecino y que implican un buen uso de los recursos y su gesti\u00f3n correspondiente.<\/p>\n<p><strong>\u00bfC\u00f3mo trabaja el partido all\u00ed?<\/strong><\/p>\n<p>El GEN Areco es un espacio de trabajo en equipo y horizontal. Trabajamos tomando decisiones en la asamblea y luego llevando a la acci\u00f3n. El grupo que se convoca desde hace a\u00f1os es muy heterog\u00e9neo y nos permite expresarnos libremente, proponemos, participamos y desde ah\u00ed tambi\u00e9n formamos parte de organizaciones intermedias, pilares tambi\u00e9n del ejercicio pol\u00edtico.<\/p>\n<p><strong>\u00bfQu\u00e9 mujeres y que varones admiras de la pol\u00edtica ?<\/strong><\/p>\n<p>Alicia Moreau de Justo, Mandela, Eva Per\u00f3n, Ra\u00fal Alfons\u00edn. Admiro a aquellos que le ponen pasi\u00f3n a lo que hacen y no por eso se alejan de los valores que promueven. En esa l\u00ednea es que admiro a Margarita: la coherencia y la humildad son valores tan importantes como la inteligencia y ella cuenta con todos.<br \/>\n\n\t\t<style type=\"text\/css\">\n\t\t\t#gallery-1 {\n\t\t\t\tmargin: auto;\n\t\t\t}\n\t\t\t#gallery-1 .gallery-item {\n\t\t\t\tfloat: left;\n\t\t\t\tmargin-top: 10px;\n\t\t\t\ttext-align: center;\n\t\t\t\twidth: 33%;\n\t\t\t}\n\t\t\t#gallery-1 img {\n\t\t\t\tborder: 2px solid #cfcfcf;\n\t\t\t}\n\t\t\t#gallery-1 .gallery-caption {\n\t\t\t\tmargin-left: 0;\n\t\t\t}\n\t\t\t\/* see gallery_shortcode() in wp-includes\/media.php *\/\n\t\t<\/style>\n\t\t<div id='gallery-1' class='gallery galleryid-6187 gallery-columns-3 gallery-size-thumbnail'><dl class='gallery-item'>\n\t\t\t<dt class='gallery-icon landscape'>\n\t\t\t\t<a href='https:\/\/www.partidogen.org.ar\/web\/wp-content\/uploads\/2017\/04\/20C82B87-AEBE-4D4E-AE5C-952CD7E0591B.jpg'><img loading=\"lazy\" decoding=\"async\" width=\"150\" height=\"150\" src=\"https:\/\/www.partidogen.org.ar\/web\/wp-content\/uploads\/2017\/04\/20C82B87-AEBE-4D4E-AE5C-952CD7E0591B-150x150.jpg\" class=\"attachment-thumbnail size-thumbnail\" alt=\"\" srcset=\"https:\/\/www.partidogen.org.ar\/web\/wp-content\/uploads\/2017\/04\/20C82B87-AEBE-4D4E-AE5C-952CD7E0591B-150x150.jpg 150w, https:\/\/www.partidogen.org.ar\/web\/wp-content\/uploads\/2017\/04\/20C82B87-AEBE-4D4E-AE5C-952CD7E0591B-109x109.jpg 109w, https:\/\/www.partidogen.org.ar\/web\/wp-content\/uploads\/2017\/04\/20C82B87-AEBE-4D4E-AE5C-952CD7E0591B-100x100.jpg 100w\" sizes=\"auto, (max-width: 150px) 100vw, 150px\" \/><\/a>\n\t\t\t<\/dt><\/dl><dl class='gallery-item'>\n\t\t\t<dt class='gallery-icon landscape'>\n\t\t\t\t<a href='https:\/\/www.partidogen.org.ar\/web\/wp-content\/uploads\/2017\/04\/84FEC0A6-3210-4DDC-A9E1-84294B2F13B4.jpg'><img loading=\"lazy\" decoding=\"async\" width=\"150\" height=\"150\" src=\"https:\/\/www.partidogen.org.ar\/web\/wp-content\/uploads\/2017\/04\/84FEC0A6-3210-4DDC-A9E1-84294B2F13B4-150x150.jpg\" class=\"attachment-thumbnail size-thumbnail\" alt=\"\" srcset=\"https:\/\/www.partidogen.org.ar\/web\/wp-content\/uploads\/2017\/04\/84FEC0A6-3210-4DDC-A9E1-84294B2F13B4-150x150.jpg 150w, https:\/\/www.partidogen.org.ar\/web\/wp-content\/uploads\/2017\/04\/84FEC0A6-3210-4DDC-A9E1-84294B2F13B4-109x109.jpg 109w, https:\/\/www.partidogen.org.ar\/web\/wp-content\/uploads\/2017\/04\/84FEC0A6-3210-4DDC-A9E1-84294B2F13B4-100x100.jpg 100w\" sizes=\"auto, (max-width: 150px) 100vw, 150px\" \/><\/a>\n\t\t\t<\/dt><\/dl><dl class='gallery-item'>\n\t\t\t<dt class='gallery-icon landscape'>\n\t\t\t\t<a href='https:\/\/www.partidogen.org.ar\/web\/wp-content\/uploads\/2017\/04\/FullSizeRender.jpg'><img loading=\"lazy\" decoding=\"async\" width=\"150\" height=\"150\" src=\"https:\/\/www.partidogen.org.ar\/web\/wp-content\/uploads\/2017\/04\/FullSizeRender-150x150.jpg\" class=\"attachment-thumbnail size-thumbnail\" alt=\"\" srcset=\"https:\/\/www.partidogen.org.ar\/web\/wp-content\/uploads\/2017\/04\/FullSizeRender-150x150.jpg 150w, https:\/\/www.partidogen.org.ar\/web\/wp-content\/uploads\/2017\/04\/FullSizeRender-109x109.jpg 109w, https:\/\/www.partidogen.org.ar\/web\/wp-content\/uploads\/2017\/04\/FullSizeRender-100x100.jpg 100w\" sizes=\"auto, (max-width: 150px) 100vw, 150px\" \/><\/a>\n\t\t\t<\/dt><\/dl><br style=\"clear: both\" \/>\n\t\t<\/div>\n","protected":false},"excerpt":{"rendered":"<p>Paula Suarez, una dirigente que inspira.<\/p>\n","protected":false},"author":2,"featured_media":6188,"comment_status":"closed","ping_status":"closed","sticky":false,"template":"","format":"standard","meta":{"footnotes":""},"categories":[44,109],"tags":[],"class_list":["post-6187","post","type-post","status-publish","format-standard","has-post-thumbnail","hentry","category-actualidad","category-mujeres-del-gen"],"_links":{"self":[{"href":"https:\/\/www.partidogen.org.ar\/web\/wp-json\/wp\/v2\/posts\/6187","targetHints":{"allow":["GET"]}}],"collection":[{"href":"https:\/\/www.partidogen.org.ar\/web\/wp-json\/wp\/v2\/posts"}],"about":[{"href":"https:\/\/www.partidogen.org.ar\/web\/wp-json\/wp\/v2\/types\/post"}],"author":[{"embeddable":true,"href":"https:\/\/www.partidogen.org.ar\/web\/wp-json\/wp\/v2\/users\/2"}],"replies":[{"embeddable":true,"href":"https:\/\/www.partidogen.org.ar\/web\/wp-json\/wp\/v2\/comments?post=6187"}],"version-history":[{"count":0,"href":"https:\/\/www.partidogen.org.ar\/web\/wp-json\/wp\/v2\/posts\/6187\/revisions"}],"wp:featuredmedia":[{"embeddable":true,"href":"https:\/\/www.partidogen.org.ar\/web\/wp-json\/wp\/v2\/media\/6188"}],"wp:attachment":[{"href":"https:\/\/www.partidogen.org.ar\/web\/wp-json\/wp\/v2\/media?parent=6187"}],"wp:term":[{"taxonomy":"category","embeddable":true,"href":"https:\/\/www.partidogen.org.ar\/web\/wp-json\/wp\/v2\/categories?post=6187"},{"taxonomy":"post_tag","embeddable":true,"href":"https:\/\/www.partidogen.org.ar\/web\/wp-json\/wp\/v2\/tags?post=6187"}],"curies":[{"name":"wp","href":"https:\/\/api.w.org\/{rel}","templated":true}]}}