{"id":6178,"date":"2017-04-23T19:00:11","date_gmt":"2017-04-23T22:00:11","guid":{"rendered":"http:\/\/www.partidogen.org.ar\/web\/?p=6178"},"modified":"2017-05-01T09:25:58","modified_gmt":"2017-05-01T12:25:58","slug":"experiencias-de-la-corte-penal-internacional-y-de-argentina","status":"publish","type":"post","link":"https:\/\/www.partidogen.org.ar\/web\/experiencias-de-la-corte-penal-internacional-y-de-argentina\/","title":{"rendered":"Experiencias de la Corte Penal Internacional y de Argentina"},"content":{"rendered":"<p><iframe loading=\"lazy\" width=\"560\" height=\"315\" src=\"https:\/\/www.youtube.com\/embed\/lFz-CioR1Wk\" frameborder=\"0\" allowfullscreen><\/iframe><br \/>\n<strong><span class=\"first\">L<\/span>a Diputada Margarita Stolbizer, el Ministro de Justicia Germ\u00e1n Garavano, el Presidente de la Corte Suprema de Justicia de la Naci\u00f3n, Ricardo Lorenzetti, el Presidente de la C\u00e1mara de Diputados de la Naci\u00f3n, Emilio Monz\u00f3 y el Dr. Pedro Ra\u00fal Villagra Delgado, Vice Ministro de Relaciones Exteriores y Culto, realizaron la sesi\u00f3n de apertura de la Conferencia sobre la Lucha contra la Impunidad de Cr\u00edmenes Complejos.<\/strong><\/p>\n","protected":false},"excerpt":{"rendered":"<p>La Diputada Margarita Stolbizer, el Ministro de Justicia Germ\u00e1n Garavano, el Presidente de la Corte Suprema de Justicia de la Naci\u00f3n, Ricardo Lorenzetti, el Presidente de la C\u00e1mara de Diputados de la Naci\u00f3n, Emilio Monz\u00f3 y el Dr. Pedro Ra\u00fal Villagra Delgado, Vice Ministro de Relaciones Exteriores y Culto, realizaron la sesi\u00f3n de apertura de la Conferencia sobre la Lucha contra la Impunidad de Cr\u00edmenes Complejos.<\/p>\n","protected":false},"author":2,"featured_media":6179,"comment_status":"closed","ping_status":"closed","sticky":false,"template":"","format":"standard","meta":{"footnotes":""},"categories":[44,47],"tags":[],"class_list":["post-6178","post","type-post","status-publish","format-standard","has-post-thumbnail","hentry","category-actualidad","category-margarita-stolbizer-diputados-nacionales"],"_links":{"self":[{"href":"https:\/\/www.partidogen.org.ar\/web\/wp-json\/wp\/v2\/posts\/6178","targetHints":{"allow":["GET"]}}],"collection":[{"href":"https:\/\/www.partidogen.org.ar\/web\/wp-json\/wp\/v2\/posts"}],"about":[{"href":"https:\/\/www.partidogen.org.ar\/web\/wp-json\/wp\/v2\/types\/post"}],"author":[{"embeddable":true,"href":"https:\/\/www.partidogen.org.ar\/web\/wp-json\/wp\/v2\/users\/2"}],"replies":[{"embeddable":true,"href":"https:\/\/www.partidogen.org.ar\/web\/wp-json\/wp\/v2\/comments?post=6178"}],"version-history":[{"count":0,"href":"https:\/\/www.partidogen.org.ar\/web\/wp-json\/wp\/v2\/posts\/6178\/revisions"}],"wp:featuredmedia":[{"embeddable":true,"href":"https:\/\/www.partidogen.org.ar\/web\/wp-json\/wp\/v2\/media\/6179"}],"wp:attachment":[{"href":"https:\/\/www.partidogen.org.ar\/web\/wp-json\/wp\/v2\/media?parent=6178"}],"wp:term":[{"taxonomy":"category","embeddable":true,"href":"https:\/\/www.partidogen.org.ar\/web\/wp-json\/wp\/v2\/categories?post=6178"},{"taxonomy":"post_tag","embeddable":true,"href":"https:\/\/www.partidogen.org.ar\/web\/wp-json\/wp\/v2\/tags?post=6178"}],"curies":[{"name":"wp","href":"https:\/\/api.w.org\/{rel}","templated":true}]}}