{"id":6172,"date":"2017-04-23T18:41:44","date_gmt":"2017-04-23T21:41:44","guid":{"rendered":"http:\/\/www.partidogen.org.ar\/web\/?p=6172"},"modified":"2017-04-25T17:55:26","modified_gmt":"2017-04-25T20:55:26","slug":"recorrida-por-olvarria-tandil-y-miramar","status":"publish","type":"post","link":"https:\/\/www.partidogen.org.ar\/web\/recorrida-por-olvarria-tandil-y-miramar\/","title":{"rendered":"Recorrida por Olvarr\u00eda, Tandil y Miramar"},"content":{"rendered":"<p><img loading=\"lazy\" decoding=\"async\" src=\"http:\/\/www.partidogen.org.ar\/web\/wp-content\/uploads\/2017\/04\/726.jpg\" alt=\"\" width=\"526\" height=\"370\" class=\"alignright size-full wp-image-6176\" srcset=\"https:\/\/www.partidogen.org.ar\/web\/wp-content\/uploads\/2017\/04\/726.jpg 526w, https:\/\/www.partidogen.org.ar\/web\/wp-content\/uploads\/2017\/04\/726-300x211.jpg 300w, https:\/\/www.partidogen.org.ar\/web\/wp-content\/uploads\/2017\/04\/726-100x70.jpg 100w, https:\/\/www.partidogen.org.ar\/web\/wp-content\/uploads\/2017\/04\/726-150x106.jpg 150w, https:\/\/www.partidogen.org.ar\/web\/wp-content\/uploads\/2017\/04\/726-200x141.jpg 200w, https:\/\/www.partidogen.org.ar\/web\/wp-content\/uploads\/2017\/04\/726-450x317.jpg 450w\" sizes=\"auto, (max-width: 526px) 100vw, 526px\" \/><br \/>\n22\/04\/2017.<br \/>\n<strong><span class=\"first\">S<\/span>tolbizer: \u00abEstamos mas cerca de un acuerdo con Massa porque pensamos en el futuro y en el Pa\u00eds. Queremos ser hoy la mejor oposici\u00f3n para ser la mejor alternativa\u00bb<\/strong><\/p>\n<p>El Partido GEN ha realizado durante este mes 7 encuentros seccionales para deliberar sobre el posicionamiento a adoptar frente al a\u00f1o electoral. Solo queda completar el recorrido provincial el pr\u00f3ximo s\u00e1bado en Bah\u00eda Blanca.<\/p>\n<p>En los \u00faltimos dos d\u00edas Margarita Stolbizer junto al Presidente del Partido en la Provincia de Buenos Aires Ricardo Vazquez, escuch\u00f3 de los referentes y militantes, un an\u00e1lisis profundo sobre la necesidad de construir un espacio de poder para ofrecer una alternativa y salir de los intentos de polarizar. <\/p>\n<p>Estuvieron el Olavarria el viernes donde tambi\u00e9n visitaron el Instituto de Ense\u00f1anza Oral para sordos hipoacusicos y ni\u00f1os y adolescentes con problemas del lenguaje. Por la tarde Margarita brindo una conferencia p\u00fablica en la C\u00e1mara Empresaria de Tandil luego de atender los informes de los distintos sectores comercial, servicios, industria y agro. All\u00ed destac\u00f3 la reciente incorporaci\u00f3n al GEN de las concejales Fernanda Araneo y Gabriela Del\u00eda y del Consejero Escolar Bruno Di Carlo, quienes pertenec\u00edan a la UCR.  <\/p>\n<p>Hoy s\u00e1bado la reuni\u00f3n convoco a todos los referentes de la 5ta secci\u00f3n en la Ciudad de Miramar donde Stolbizer se reuni\u00f3 con el Intendente German Di Cesare.<\/p>\n<p>\u00abLa polarizacion ha sido creada por los extremos del ultracristinismo y el gobierno, esto solo atiende a sus conveniencias electorales. Pero es malo para el pa\u00eds.<\/p>\n<p>Los argentinos necesitan salir de la crispaci\u00f3n y la pelea permanente, que la pol\u00edtica atienda y resuelva los problemas, y que los responsables de la degradaci\u00f3n \u00e9tica y social que se fueron el  2015, sean un pasado sin opci\u00f3n de retorno\u00bb.<\/p>\n<p>\u00abCon Massa hemos construido una relaci\u00f3n de conocimiento y confianza con mucho trabajo parlamentario. Eso nos brinda una base s\u00f3lida para un acuerdo m\u00e1s amplio\u00bb<br \/>\n\n\t\t<style type=\"text\/css\">\n\t\t\t#gallery-1 {\n\t\t\t\tmargin: auto;\n\t\t\t}\n\t\t\t#gallery-1 .gallery-item {\n\t\t\t\tfloat: left;\n\t\t\t\tmargin-top: 10px;\n\t\t\t\ttext-align: center;\n\t\t\t\twidth: 33%;\n\t\t\t}\n\t\t\t#gallery-1 img {\n\t\t\t\tborder: 2px solid #cfcfcf;\n\t\t\t}\n\t\t\t#gallery-1 .gallery-caption {\n\t\t\t\tmargin-left: 0;\n\t\t\t}\n\t\t\t\/* see gallery_shortcode() in wp-includes\/media.php *\/\n\t\t<\/style>\n\t\t<div id='gallery-1' class='gallery galleryid-6172 gallery-columns-3 gallery-size-thumbnail'><dl class='gallery-item'>\n\t\t\t<dt class='gallery-icon landscape'>\n\t\t\t\t<a href='https:\/\/www.partidogen.org.ar\/web\/wp-content\/uploads\/2017\/04\/IMG-20170422-WA0018.jpg'><img loading=\"lazy\" decoding=\"async\" width=\"150\" height=\"150\" src=\"https:\/\/www.partidogen.org.ar\/web\/wp-content\/uploads\/2017\/04\/IMG-20170422-WA0018-150x150.jpg\" class=\"attachment-thumbnail size-thumbnail\" alt=\"\" aria-describedby=\"gallery-1-6173\" srcset=\"https:\/\/www.partidogen.org.ar\/web\/wp-content\/uploads\/2017\/04\/IMG-20170422-WA0018-150x150.jpg 150w, https:\/\/www.partidogen.org.ar\/web\/wp-content\/uploads\/2017\/04\/IMG-20170422-WA0018-109x109.jpg 109w, https:\/\/www.partidogen.org.ar\/web\/wp-content\/uploads\/2017\/04\/IMG-20170422-WA0018-100x100.jpg 100w\" sizes=\"auto, (max-width: 150px) 100vw, 150px\" \/><\/a>\n\t\t\t<\/dt>\n\t\t\t\t<dd class='wp-caption-text gallery-caption' id='gallery-1-6173'>\n\t\t\t\tEscuela de Olavarr\u00eda\n\t\t\t\t<\/dd><\/dl><dl class='gallery-item'>\n\t\t\t<dt class='gallery-icon landscape'>\n\t\t\t\t<a href='https:\/\/www.partidogen.org.ar\/web\/wp-content\/uploads\/2017\/04\/IMG-20170422-WA0019.jpg'><img loading=\"lazy\" decoding=\"async\" width=\"150\" height=\"150\" src=\"https:\/\/www.partidogen.org.ar\/web\/wp-content\/uploads\/2017\/04\/IMG-20170422-WA0019-150x150.jpg\" class=\"attachment-thumbnail size-thumbnail\" alt=\"\" aria-describedby=\"gallery-1-6174\" srcset=\"https:\/\/www.partidogen.org.ar\/web\/wp-content\/uploads\/2017\/04\/IMG-20170422-WA0019-150x150.jpg 150w, https:\/\/www.partidogen.org.ar\/web\/wp-content\/uploads\/2017\/04\/IMG-20170422-WA0019-109x109.jpg 109w, https:\/\/www.partidogen.org.ar\/web\/wp-content\/uploads\/2017\/04\/IMG-20170422-WA0019-100x100.jpg 100w\" sizes=\"auto, (max-width: 150px) 100vw, 150px\" \/><\/a>\n\t\t\t<\/dt>\n\t\t\t\t<dd class='wp-caption-text gallery-caption' id='gallery-1-6174'>\n\t\t\t\tStolbizer y Ricardo Vazquez  con el intendente de Gral Alvarado (Miramar) Renovador y el concejal GEN Pablo Moro \n\t\t\t\t<\/dd><\/dl><dl class='gallery-item'>\n\t\t\t<dt class='gallery-icon landscape'>\n\t\t\t\t<a href='https:\/\/www.partidogen.org.ar\/web\/wp-content\/uploads\/2017\/04\/IMG-20170422-WA0016.jpg'><img loading=\"lazy\" decoding=\"async\" width=\"150\" height=\"150\" src=\"https:\/\/www.partidogen.org.ar\/web\/wp-content\/uploads\/2017\/04\/IMG-20170422-WA0016-150x150.jpg\" class=\"attachment-thumbnail size-thumbnail\" alt=\"\" aria-describedby=\"gallery-1-6175\" srcset=\"https:\/\/www.partidogen.org.ar\/web\/wp-content\/uploads\/2017\/04\/IMG-20170422-WA0016-150x150.jpg 150w, https:\/\/www.partidogen.org.ar\/web\/wp-content\/uploads\/2017\/04\/IMG-20170422-WA0016-109x109.jpg 109w, https:\/\/www.partidogen.org.ar\/web\/wp-content\/uploads\/2017\/04\/IMG-20170422-WA0016-100x100.jpg 100w\" sizes=\"auto, (max-width: 150px) 100vw, 150px\" \/><\/a>\n\t\t\t<\/dt>\n\t\t\t\t<dd class='wp-caption-text gallery-caption' id='gallery-1-6175'>\n\t\t\t\tEscuela de Olavarr\u00eda\n\t\t\t\t<\/dd><\/dl><br style=\"clear: both\" \/>\n\t\t<\/div>\n<p>Notas relacionadas publicadas en los medios locales de la recorrida:<\/p>\n<p><strong>#StolbizerEnOlavarr\u00eda <\/strong><\/p>\n<p>EL POPULAR <a href=\"http:\/\/www.elpopular.com.ar\/nota\/92430\/este-viernes-stolbizer-se-reunira-con-vecinos\" target=\"_blank\">\u00abNo queremos que haya que elegir como opci\u00f3n entre los saqueadores\u00bb del pa\u00eds<\/a><\/p>\n<p>EL POPULAR EDICION IMPRESA: <a href=\"http:\/\/www.elpopular.com.ar\/eimpresa\/257021\/stolbizer-intenta-terminar-con-la-polarizacion-entre-el-gobierno-y-el-kirchnerismo\" target=\"_blank\">\u00abLa insensibilidad del Gobierno y los que se chorearon el pa\u00eds no pueden ser opciones\u00bb<\/a><\/p>\n<p><strong>#StolbizerEnTandil <\/strong><\/p>\n<p>EL ECO <a href=\"http:\/\/eleco.com.ar\/politica\/stolbizer-afirmo-que-el-gobierno-se-ocupo-de-profundizar-la-grieta-que-construyeron-los-otros\/\" target=\"_blank\">Stolbizer afirm\u00f3 que el Gobierno se ocup\u00f3 de \u201cprofundizar la grieta que construyeron los otros\u201d<\/a><\/p>\n<p>LA VOZ DE TANDIL <a href=\"http:\/\/lavozdetandil.com.ar\/2017\/04\/22\/la-camara-empresaria-recibio-la-visita-de-margarita-stolbizer\/\" target=\"_blank\">La C\u00e1mara Empresaria recibi\u00f3 la visita de Margarita Stolbizer<\/a><\/p>\n<p><strong>MEDIOS NACIONALES Y PROVINCIALES <\/strong><\/p>\n<p>UNO  <a href=\"http:\/\/www.diariouno.com.ar\/pais\/stolbizer-contra-carrio-no-pide-el-juicio-politico-ricardo-lorenzetti-20170421-n1381282.html\" target=\"_blank\">Stolbizer contra Carri\u00f3: no pide el juicio pol\u00edtico de Ricardo Lorenzetti<\/a><\/p>\n<p>TELAM <a href=\"http:\/\/www.telam.com.ar\/notas\/201704\/186520-margarita-stolbizer-acuerdo-sergio-massa-gen-frente-renovador-elecciones-2017-oposicion.html\" target=\"_blank\">Stolbizer: \u00abEstamos m\u00e1s cerca de un acuerdo con Massa\u00bb<\/a><\/p>\n<p>INFOBAE <a href=\"http:\/\/www.infobae.com\/sociedad\/2017\/04\/22\/hay-que-terminar-con-la-venta-de-bebes-y-las-trabas-en-las-adopciones\/\" target=\"_blank\">\u00abHay que terminar con la venta de beb\u00e9s y las trabas en las adopciones\u00bb<\/a><\/p>\n<p>LA CAPITAL  <a href=\"http:\/\/www.lacapital.com.ar\/politica\/la-gestion-del-gobierno-macri-aprueba-cuatro-y-raspando-n1382428.html\" target=\"_blank\">\u00abLa gesti\u00f3n del gobierno de Macri aprueba con cuatro, y raspando\u00bb<\/a><\/p>\n","protected":false},"excerpt":{"rendered":"<p>Stolbizer: \u00abEstamos mas cerca de un acuerdo con Massa porque pensamos en el futuro y en el Pa\u00eds. Queremos ser hoy la mejor oposici\u00f3n para ser la mejor alternativa\u00bb<\/p>\n","protected":false},"author":2,"featured_media":6176,"comment_status":"closed","ping_status":"closed","sticky":false,"template":"","format":"standard","meta":{"footnotes":""},"categories":[44,47],"tags":[],"class_list":["post-6172","post","type-post","status-publish","format-standard","has-post-thumbnail","hentry","category-actualidad","category-margarita-stolbizer-diputados-nacionales"],"_links":{"self":[{"href":"https:\/\/www.partidogen.org.ar\/web\/wp-json\/wp\/v2\/posts\/6172","targetHints":{"allow":["GET"]}}],"collection":[{"href":"https:\/\/www.partidogen.org.ar\/web\/wp-json\/wp\/v2\/posts"}],"about":[{"href":"https:\/\/www.partidogen.org.ar\/web\/wp-json\/wp\/v2\/types\/post"}],"author":[{"embeddable":true,"href":"https:\/\/www.partidogen.org.ar\/web\/wp-json\/wp\/v2\/users\/2"}],"replies":[{"embeddable":true,"href":"https:\/\/www.partidogen.org.ar\/web\/wp-json\/wp\/v2\/comments?post=6172"}],"version-history":[{"count":0,"href":"https:\/\/www.partidogen.org.ar\/web\/wp-json\/wp\/v2\/posts\/6172\/revisions"}],"wp:featuredmedia":[{"embeddable":true,"href":"https:\/\/www.partidogen.org.ar\/web\/wp-json\/wp\/v2\/media\/6176"}],"wp:attachment":[{"href":"https:\/\/www.partidogen.org.ar\/web\/wp-json\/wp\/v2\/media?parent=6172"}],"wp:term":[{"taxonomy":"category","embeddable":true,"href":"https:\/\/www.partidogen.org.ar\/web\/wp-json\/wp\/v2\/categories?post=6172"},{"taxonomy":"post_tag","embeddable":true,"href":"https:\/\/www.partidogen.org.ar\/web\/wp-json\/wp\/v2\/tags?post=6172"}],"curies":[{"name":"wp","href":"https:\/\/api.w.org\/{rel}","templated":true}]}}