{"id":6010,"date":"2017-04-10T13:15:34","date_gmt":"2017-04-10T16:15:34","guid":{"rendered":"http:\/\/www.partidogen.org.ar\/web\/?p=6010"},"modified":"2017-04-10T21:26:53","modified_gmt":"2017-04-11T00:26:53","slug":"repudio-a-la-represion-policial-por-parte-del-gobierno-nacional","status":"publish","type":"post","link":"https:\/\/www.partidogen.org.ar\/web\/repudio-a-la-represion-policial-por-parte-del-gobierno-nacional\/","title":{"rendered":"Repudio a la Represi\u00f3n Policial por Parte del Gobierno Nacional"},"content":{"rendered":"<p><img loading=\"lazy\" decoding=\"async\" src=\"http:\/\/www.partidogen.org.ar\/web\/wp-content\/uploads\/2017\/04\/708.jpg\" alt=\"\" width=\"526\" height=\"370\" class=\"alignright size-full wp-image-6011\" srcset=\"https:\/\/www.partidogen.org.ar\/web\/wp-content\/uploads\/2017\/04\/708.jpg 526w, https:\/\/www.partidogen.org.ar\/web\/wp-content\/uploads\/2017\/04\/708-300x211.jpg 300w, https:\/\/www.partidogen.org.ar\/web\/wp-content\/uploads\/2017\/04\/708-324x228.jpg 324w, https:\/\/www.partidogen.org.ar\/web\/wp-content\/uploads\/2017\/04\/708-100x70.jpg 100w, https:\/\/www.partidogen.org.ar\/web\/wp-content\/uploads\/2017\/04\/708-150x106.jpg 150w, https:\/\/www.partidogen.org.ar\/web\/wp-content\/uploads\/2017\/04\/708-200x141.jpg 200w, https:\/\/www.partidogen.org.ar\/web\/wp-content\/uploads\/2017\/04\/708-450x317.jpg 450w\" sizes=\"auto, (max-width: 526px) 100vw, 526px\" \/><br \/>\n<strong><span class=\"first\">L<\/span>a violencia que ejercieron las fuerzas de seguridad este domingo pasado, sobre los docentes que intentaron instalar una carpa de \u201caula itinerante\u201d en la Plaza frente al Congreso, nos alerta sobre las condiciones que tiene el \u201cdi\u00e1logo\u201d que plantea el Gobierno como m\u00e9todo de resoluci\u00f3n de los conflictos. <\/strong><\/p>\n<p>Son peligrosas las se\u00f1ales que se env\u00edan, en las cuales se determina que quien est\u00e9 en desacuerdo con el gobierno, e insista en su reclamo justo y contrario a la propuesta oficial, ser\u00e1 perseguido, golpeado y expulsado de los espacios p\u00fablicos en los cuales se manifestara.<\/p>\n<p>El Gobierno Nacional debe hacer uso de las instituciones en su poder para resolver los conflictos laborales de los docentes. Y esto se logra involucrando en la discusi\u00f3n al Ministerio de Educaci\u00f3n y al Ministerio de Trabajo. El reclamo de los docentes por condiciones dignas de trabajo no se resuelve utilizando las fuerzas de seguridad en las manifestaciones. Tampoco aporta a la resoluci\u00f3n del conflicto. <\/p>\n<p><strong>Por esto, desde la Juventud del GEN manifestamos:<\/strong><\/p>\n<ul>\n<li>Repudiamos la represi\u00f3n y la violencia ejercida sobre los docentes en la Plaza frente al Congreso.<\/li>\n<li>Reivindicamos la huelga y la protesta de los trabajadores como m\u00e9todos de reclamo de condiciones dignas de trabajo y ense\u00f1anza.<\/li>\n<li>Solicitamos de forma urgente el llamado a una paritaria nacional, en cumplimiento de la Ley 26206 que as\u00ed lo establece.<\/li>\n<\/ul>\n","protected":false},"excerpt":{"rendered":"<p>La violencia que ejercieron las fuerzas de seguridad este domingo pasado, sobre los docentes que intentaron instalar una carpa de \u201caula itinerante\u201d en la Plaza frente al Congreso, nos alerta sobre las condiciones que tiene el \u201cdi\u00e1logo\u201d que plantea el Gobierno como m\u00e9todo de resoluci\u00f3n de los conflictos.<\/p>\n","protected":false},"author":2,"featured_media":6011,"comment_status":"closed","ping_status":"closed","sticky":false,"template":"","format":"standard","meta":{"footnotes":""},"categories":[44,58],"tags":[],"class_list":["post-6010","post","type-post","status-publish","format-standard","has-post-thumbnail","hentry","category-actualidad","category-juventud-nacional"],"_links":{"self":[{"href":"https:\/\/www.partidogen.org.ar\/web\/wp-json\/wp\/v2\/posts\/6010","targetHints":{"allow":["GET"]}}],"collection":[{"href":"https:\/\/www.partidogen.org.ar\/web\/wp-json\/wp\/v2\/posts"}],"about":[{"href":"https:\/\/www.partidogen.org.ar\/web\/wp-json\/wp\/v2\/types\/post"}],"author":[{"embeddable":true,"href":"https:\/\/www.partidogen.org.ar\/web\/wp-json\/wp\/v2\/users\/2"}],"replies":[{"embeddable":true,"href":"https:\/\/www.partidogen.org.ar\/web\/wp-json\/wp\/v2\/comments?post=6010"}],"version-history":[{"count":0,"href":"https:\/\/www.partidogen.org.ar\/web\/wp-json\/wp\/v2\/posts\/6010\/revisions"}],"wp:featuredmedia":[{"embeddable":true,"href":"https:\/\/www.partidogen.org.ar\/web\/wp-json\/wp\/v2\/media\/6011"}],"wp:attachment":[{"href":"https:\/\/www.partidogen.org.ar\/web\/wp-json\/wp\/v2\/media?parent=6010"}],"wp:term":[{"taxonomy":"category","embeddable":true,"href":"https:\/\/www.partidogen.org.ar\/web\/wp-json\/wp\/v2\/categories?post=6010"},{"taxonomy":"post_tag","embeddable":true,"href":"https:\/\/www.partidogen.org.ar\/web\/wp-json\/wp\/v2\/tags?post=6010"}],"curies":[{"name":"wp","href":"https:\/\/api.w.org\/{rel}","templated":true}]}}